{"id":26224,"date":"2024-10-22T07:32:35","date_gmt":"2024-10-22T07:32:35","guid":{"rendered":"https:\/\/www.slineamt.ro\/apostolul\/?p=26224"},"modified":"2024-10-22T07:32:35","modified_gmt":"2024-10-22T07:32:35","slug":"laureatii-concursului-pedagogul-anului","status":"publish","type":"post","link":"http:\/\/www.slineamt.ro\/apostolul\/scoala-nemteana-la-zi\/laureatii-concursului-pedagogul-anului\/","title":{"rendered":"Laurea\u0163ii concursului \u201ePedagogul anului\u201d"},"content":{"rendered":"\n<p><\/p>\n\n\n\n<p>Cei mai buni educatori, \u00eenv\u0103\u0163\u0103tori \u015fi profesori din Republica Moldova au fost premia\u0163i pe data de 6 octombrie, \u00een cadrul ceremoniei festive dedicat\u0103 Zilei Profesionale a Lucr\u0103torului din \u00cenv\u0103\u0163\u0103m\u00e2nt, organizat\u0103 de Ministerul Educa\u0163iei \u015fi Cercet\u0103rii. <strong>Concursul \u201ePedagogul anului\u201d este organizat \u00eencep\u00e2nd cu anul 2006. La edi\u0163ia din acest an, la etapa republican\u0103, au participat 55 de<\/strong> educatori, \u00eenv\u0103\u0163\u0103tori \u015fi profesori, iar din fiecare categorie au fost selecta\u0163i c\u00e2te trei c\u00e2\u015ftig\u0103tori.<\/p>\n\n\n\n<p>Pedagogii care s-au clasat pe locul 1 au fost premia\u0163i cu c\u00e2te 50.000 de lei \u015fi li s-a conferit titlul \u201ePedagogul anului\u201d. C\u00e2\u015ftig\u0103torii locului 2 au primit c\u00e2te 25.000 de lei \u015fi Diploma de onoare a MEC, iar cei de pe locul 3 \u2013 c\u00e2te 15.000 de lei \u015fi Diploma de onoare a MEC.<\/p>\n\n\n\n<p>Prezent\u0103 la eveniment, <strong>pre\u015fedinta Maia Sandu<\/strong> a venit cu un mesaj c\u0103tre profesori: \u201e<em>Vreau s\u0103 ajungem \u00een ziua \u00een care toat\u0103 lumea \u00een\u0163elege c\u00e2t de important\u0103 este educa\u0163ia, profesia de cadru didactic este r\u0103spl\u0103tit\u0103 pe merit, prestigiul unui profesor este la cel mai \u00eenalt nivel \u015fi \u00eenv\u0103\u0163\u0103m\u00e2ntul nostru e competitiv \u015fi la standarde \u00eenalte. Pentru educa\u0163ie am revenit \u00een \u0163ar\u0103, pentru educa\u0163ie m\u0103 voi str\u0103dui mereu, orice a\u015f face \u015fi oriunde a\u015f fi\u201d.<\/em><\/p>\n\n\n\n<p>La r\u00e2ndul s\u0103u, <strong>ministrul Educa\u0163iei \u015fi Cercet\u0103rii,<\/strong> <strong>Dan Perciun<\/strong>, a adresat un mesaj de felicitare pentru to\u0163i angaja\u0163ii din sistemul de \u00eenv\u0103\u0163\u0103m\u00e2nt din \u0163ar\u0103, declar\u00e2nd<em>: \u201eCred cu t\u0103rie c\u0103, sistemul educa\u0163ional reprezint\u0103 coloana vertebral\u0103 a oric\u0103rei societ\u0103\u0163i. Iar \u00een momente de cump\u0103n\u0103 pentru \u0163ar\u0103 este esen\u0163ial s\u0103 st\u0103m drep\u0163i. V\u0103 mul\u0163umesc \u00een numele Ministerului pentru toat\u0103 munca pe care o face\u0163i. Pentru c\u0103 iubi\u0163i aceast\u0103 meserie, pentru c\u0103 r\u0103m\u00e2ne\u0163i optimi\u015fti \u015fi sunte\u0163i un exemplu de patriotism \u015fi dedica\u0163ie<\/em>\u201d.<\/p>\n\n\n\n<p><strong><em>Red.<\/em><\/strong><\/p>\n","protected":false},"excerpt":{"rendered":"<p>Cei mai buni educatori, \u00eenv\u0103\u0163\u0103tori \u015fi profesori din Republica Moldova au fost premia\u0163i pe data de 6 octombrie, \u00een cadrul ceremoniei festive dedicat\u0103 Zilei Profesionale a Lucr\u0103torului din \u00cenv\u0103\u0163\u0103m\u00e2nt, organizat\u0103 de Ministerul Educa\u0163iei \u015fi Cercet\u0103rii. Concursul \u201ePedagogul anului\u201d este organizat&hellip;<\/p>\n<p class=\"more-link-p\"><a class=\"more-link\" href=\"http:\/\/www.slineamt.ro\/apostolul\/scoala-nemteana-la-zi\/laureatii-concursului-pedagogul-anului\/\">Read more &rarr;<\/a><\/p>\n","protected":false},"author":1,"featured_media":0,"comment_status":"open","ping_status":"closed","sticky":false,"template":"","format":"standard","meta":{"footnotes":""},"categories":[10,486],"tags":[],"class_list":["post-26224","post","type-post","status-publish","format-standard","hentry","category-scoala-nemteana-la-zi","category-276-octombrie-2024"],"_links":{"self":[{"href":"http:\/\/www.slineamt.ro\/apostolul\/wp-json\/wp\/v2\/posts\/26224","targetHints":{"allow":["GET"]}}],"collection":[{"href":"http:\/\/www.slineamt.ro\/apostolul\/wp-json\/wp\/v2\/posts"}],"about":[{"href":"http:\/\/www.slineamt.ro\/apostolul\/wp-json\/wp\/v2\/types\/post"}],"author":[{"embeddable":true,"href":"http:\/\/www.slineamt.ro\/apostolul\/wp-json\/wp\/v2\/users\/1"}],"replies":[{"embeddable":true,"href":"http:\/\/www.slineamt.ro\/apostolul\/wp-json\/wp\/v2\/comments?post=26224"}],"version-history":[{"count":1,"href":"http:\/\/www.slineamt.ro\/apostolul\/wp-json\/wp\/v2\/posts\/26224\/revisions"}],"predecessor-version":[{"id":26225,"href":"http:\/\/www.slineamt.ro\/apostolul\/wp-json\/wp\/v2\/posts\/26224\/revisions\/26225"}],"wp:attachment":[{"href":"http:\/\/www.slineamt.ro\/apostolul\/wp-json\/wp\/v2\/media?parent=26224"}],"wp:term":[{"taxonomy":"category","embeddable":true,"href":"http:\/\/www.slineamt.ro\/apostolul\/wp-json\/wp\/v2\/categories?post=26224"},{"taxonomy":"post_tag","embeddable":true,"href":"http:\/\/www.slineamt.ro\/apostolul\/wp-json\/wp\/v2\/tags?post=26224"}],"curies":[{"name":"wp","href":"https:\/\/api.w.org\/{rel}","templated":true}]}}