{"id":26226,"date":"2024-10-22T07:35:05","date_gmt":"2024-10-22T07:35:05","guid":{"rendered":"https:\/\/www.slineamt.ro\/apostolul\/?p=26226"},"modified":"2024-10-22T07:35:05","modified_gmt":"2024-10-22T07:35:05","slug":"conferinta-de-raportare-si-alegeri-a-centrului-sindical-ramural-hancesti-din-domeniul-educatiei-si-stiintei","status":"publish","type":"post","link":"http:\/\/www.slineamt.ro\/apostolul\/viata-sindicala-imperative\/conferinta-de-raportare-si-alegeri-a-centrului-sindical-ramural-hancesti-din-domeniul-educatiei-si-stiintei\/","title":{"rendered":"Conferin\u0163a de raportare \u015fi alegeri a Centrului Sindical Ramural H\u00e2nce\u015fti din Domeniul Educa\u0163iei \u015fi \u015etiin\u0163ei"},"content":{"rendered":"<div class=\"wp-block-image\">\n<figure class=\"alignleft size-full is-resized\"><a href=\"http:\/\/www.slineamt.ro\/apostolul\/wp-content\/uploads\/2024\/10\/17-ap276-foto1.jpg\"><img loading=\"lazy\" decoding=\"async\" width=\"567\" height=\"366\" src=\"http:\/\/www.slineamt.ro\/apostolul\/wp-content\/uploads\/2024\/10\/17-ap276-foto1.jpg\" alt=\"\" class=\"wp-image-26227\" style=\"width:440px;height:auto\" srcset=\"http:\/\/www.slineamt.ro\/apostolul\/wp-content\/uploads\/2024\/10\/17-ap276-foto1.jpg 567w, http:\/\/www.slineamt.ro\/apostolul\/wp-content\/uploads\/2024\/10\/17-ap276-foto1-300x194.jpg 300w, http:\/\/www.slineamt.ro\/apostolul\/wp-content\/uploads\/2024\/10\/17-ap276-foto1-560x361.jpg 560w, http:\/\/www.slineamt.ro\/apostolul\/wp-content\/uploads\/2024\/10\/17-ap276-foto1-260x168.jpg 260w, http:\/\/www.slineamt.ro\/apostolul\/wp-content\/uploads\/2024\/10\/17-ap276-foto1-160x103.jpg 160w\" sizes=\"auto, (max-width: 567px) 100vw, 567px\" \/><\/a><\/figure>\n<\/div>\n\n\n<p>La 20 septembrie 2024, \u00een H\u00e2nce\u015fti, delega\u0163ii \u015fi invita\u0163ii s-au \u00eentrunit \u00een cadrul Conferin\u0163ei de raportare \u015fi alegeri a Centrului Sindical Ramural H\u00e2nce\u015fti din Domeniul Educa\u0163iei \u015fi \u015etiin\u0163ei, pentru a face o ampl\u0103 retrospectiv\u0103 a activit\u0103\u0163ii sindicale teritoriale \u015fi a-\u015fi exercita dreptul de vot \u00een alegerile pre\u015fedintelui \u015fi organelor de conducere a Centrului Sindical Ramural Teritorial H\u00e2nce\u015fti pentru urm\u0103torii 5 ani.<\/p>\n\n\n\n<p>Startul evenimentului a fost dat de c\u0103tre domnul Ghenadie Donos, pre\u015fedintele Federa\u0163iei Sindicale a Educa\u0163iei \u015fi \u015etiin\u0163ei, care a vorbit celor prezen\u0163i despre eforturile depuse de c\u0103tre Federa\u0163ie \u00eentru \u00eembun\u0103t\u0103\u0163irea condi\u0163iilor de munc\u0103 \u015fi remunerare a angaja\u0163ilor din \u00eenv\u0103\u0163\u0103m\u00e2nt, apreciind totodat\u0103 implicarea \u015fi str\u0103duin\u0163a for\u0163ei sindicale din raionul H\u00e2nce\u015fti. Domnul Donos a citit \u015fi mesajul domnului Gabriel Plosc\u0103, pre\u015fedintele de onoare al Sindicatului din \u00cenv\u0103\u0163\u0103m\u00e2nt Neam\u0163:<\/p>\n\n\n\n<p>\u201eV\u0103 admir, cu sinceritate, str\u0103daniile pentru ca s\u0103 le fie un pic mai bine colegilor din unit\u0103\u0163ile de \u00eenv\u0103\u0163\u0103m\u00e2nt. \u015ei pot spune c\u0103, datorit\u0103 <strong>leg\u0103turilor fr\u0103\u0163e\u015fti dintre sindicatele noastre<\/strong>, cunosc multe dintre aceste str\u0103danii neobosite. Dar frumoasele realiz\u0103ri nu ar fi fost posibile f\u0103r\u0103 implicarea \u00eentregului activ sindical, care merit\u0103 felicit\u0103ri, f\u0103r\u0103 nicio re\u0163inere. <strong>Un g\u00e2nd de respect \u015fi pre\u0163uire adresez Liderului \u015fi Omului Ana Cimpoie\u015fu<\/strong>, care cu devotamet, pricepere \u015fi multe eforturi a reu\u015fit s\u0103 fac\u0103 din Sindicatul din H\u00e2nce\u015fti un model demn de urmat\u201d.<\/p>\n\n\n\n<p>Pre\u015fedintele raionului H\u00e2nce\u015fti, domnul Iurie Levinschi, \u00een cuv\u00e2ntarea sa, a apreciat activit\u0103\u0163ile de consolidare a parteneriatului Sindicatului cu Administra\u0163ia public\u0103 local\u0103, men\u0163ion\u00e2nd succese comune \u00een negocieri, fiind semnat\u0103, \u00een iulie 2024, Conven\u0163ia Colectiv\u0103 de munc\u0103, nivel teritorial, pentru anii 2024-2029.<\/p>\n\n\n\n<p>\u015eefa-interimar\u0103 a Direc\u0163iei \u00cenv\u0103\u0163\u0103m\u00e2nt H\u00e2nce\u015fti, doamna Valentina Tonu, a f\u0103cut referire la o lung\u0103 \u015fi consistent\u0103 colaborare \u00eentre Direc\u0163ia \u00cenv\u0103\u0163\u0103m\u00e2nt H\u00e2nce\u015fti \u015fi sindicat, \u00een persoan\u0103 doamnei Anei Cimpoie\u015fu, colaborare care a pus \u00een valoare pedagogul \u015fi valorificarea acestuia at\u00e2t ca resurs\u0103 uman\u0103 indispensabil\u0103 a sistemului, c\u00e2t \u015fi ca angajat cu drepturi depline.<\/p>\n\n\n\n<p>La Conferin\u0163\u0103, cu mesaje de salut, au mai participat doamnele Lilia Fran\u0163, vecepre\u015fedinta Confedera\u0163iei Na\u0163ionale a Sindicatelor din Moldova \u015fi Aliona Grigora\u015f, vicepre\u015fedinta raionului H\u00e2nce\u015fti pe probleme sociale.<\/p>\n\n\n\n<p>Doamna Ana Cimpoe\u015fu a prezentat raportul de totalizare al activit\u0103\u0163ii sindicale teritoriale, focaliz\u00e2nd aten\u0163ia celor prezen\u0163i at\u00e2t pe succesele ob\u0163inute pe domeniul activit\u0103\u0163ii sindicale, protec\u0163iei drepturilor juridice \u015fi economice ale membrilor de sindicat, protec\u0163iei sociale, c\u00e2t \u015fi pe problemele pe care \u00eenc\u0103 le tr\u0103ie\u015fte sistemul educa\u0163ional raional:<\/p>\n\n\n\n<p>\u201e<em>Cea mai acut\u0103 problem\u0103 a sistemului educa\u0163ional continu\u0103 a fi lipsa de cadre didactice\u2026nici major\u0103rile de salariu, nici mic\u015forarea pentru ei a sarcinii didactice, nici indemniza\u0163iile de 200 mii nu atrag tinerii \u00een \u015fcoli \u015fi gr\u0103dini\u0163e. Statisticile din \u00eentreaga lume raporteaz\u0103 \u00een fiecare an evolu\u0163ia fenomenului de abandon, de regul\u0103, \u00een primii ani de activitate, cauzele abandonului fiind <strong>remunerarea slab\u0103 \u00een raport cu volumul mare de munc\u0103 \u015fi mediu de munc\u0103 stresant<\/strong>.<\/em>\u201d<\/p>\n\n\n\n<p>Vorbitorii la Conferin\u0163\u0103 au transmis prin comunic\u0103rile lor impactul efortului \u015fi muncii depuse de sindicat \u00een anii de referin\u0163\u0103, totodat\u0103 solicit\u00e2nd implicarea sindicatului pentru: majorarea salariului din educa\u0163e p\u00e2n\u0103 la nivelul salariului mediu pe economie, majorarea clasei de salarizare pentru unele cadre didactice (metodi\u015fti, conduc\u0103tori de cerc, lucr\u0103tori muzicali), urgentarea aprob\u0103rii statelor de personal \u00een gr\u0103dini\u0163e, crearea unui mecanism de implementare a modific\u0103rilor legisla\u0163iei ce \u0163in de protejarea angaja\u0163ilor din \u00eenv\u0103\u0163\u0103m\u00e2nt de h\u0103r\u0163uire, abuz \u015fi violen\u0163\u0103, personalizarea unei p\u0103r\u0163i din poli\u0163a de asigurare medical\u0103, oprirea practicilor de chemare a cadrelor didactice la diverse cursuri de formare \u00een zilele de s\u00e2mb\u0103t\u0103 \u015fi duminic\u0103.<\/p>\n\n\n\n<p>Ca rezultat al comunic\u0103rilor, \u00een care s-a accentuat de nenum\u0103rate ori nivelul \u00eenalt de profesionalism, implicare \u015fi d\u0103ruire pentru activitatea sindical\u0103, doamna Ana Cimpoie\u015fu a fost votat\u0103, unanim, la func\u0163ia de pre\u015fedint\u0103 a Centrului Sindical Ramural H\u00e2nce\u015fti din Domeniul Educa\u0163iei \u015fi \u015etiin\u0163ei pentru urm\u0103torii cinci ani.<\/p>\n\n\n\n<p>Asum\u00e2ndu-\u015fi angajamentul \u015fi votul de \u00eencredere, \u00een numele delega\u0163ilor Conferin\u0163ei, Ana Cimpoie\u015fu a \u00eenaintat un Apel guvern\u0103rii, \u00een care se cere urgentarea negocierilor pentru majorarea salariilor din \u00eenv\u0103\u0163\u0103m\u00e2nt.<\/p>\n\n\n\n<p><strong><em>Marina PASCAL,<\/em><\/strong><\/p>\n\n\n\n<p><strong><em>directoarea gr\u0103dini\u0163ei \u201eAlionu\u015fca\u201d din ora\u015ful H\u00e2nce\u015fti<\/em><\/strong><\/p>\n\n\n\n<p><strong><em>APEL<\/em><\/strong><\/p>\n\n\n\n<p><strong><em>Mult stimat\u0103 doamn\u0103 pre\u015fedint\u0103 a Republicii Moldova Maia Sandu,<\/em><\/strong><\/p>\n\n\n\n<p><strong><em>Mult stimate domnule Prim Minis\u00adtru Dorin Recean,<\/em><\/strong><\/p>\n\n\n\n<p><strong><em>Mult stimate domnule Pre\u015fedinte al Parlamentului Igor Grosu,<\/em><\/strong><\/p>\n\n\n\n<p><strong><em>Mult stimate domnule Ministru al Educa\u0163iei \u015fi Cercet\u0103rii Dan Perciun<\/em><\/strong><\/p>\n\n\n\n<p><strong><em>Mult stimate domnule Pre\u015fedinte al Confedera\u0163iei Na\u0163ionale a Sindicatelor Igor Zubcu<\/em><\/strong><\/p>\n\n\n\n<p><em>Conferin\u0163a Centrului Sindical Ramural Teritorial H\u00e2nce\u015fti din Domeniul Educa\u0163iei \u015fi \u015etiin\u0163ei din 20 septembrie 2024, \u00een urma examin\u0103rii problemelor abordate de delega\u0163i, a constatat c\u0103 cea mai grav\u0103 problem\u0103 a sistemului educa\u0163ional <strong>este lipsa de cadre didactice, \u00eemb\u0103tr\u00e2nirea colectivelor \u015fi refuzul tinerilor de a se \u00eencadra \u00een activitatea pedagogic\u0103<\/strong>. Astfel, fiecare al 4-lea profesor din raionul H\u00e2nce\u015fti este de v\u0103rst\u0103 pensionar\u0103. Sunt colective \u00een care activeaz\u0103 peste 50% cadre didactice pensionate. Lipsesc profesori, mai ales la disciplinele matematic\u0103, fizic\u0103, chimie, informatic\u0103, limb\u0103 rom\u00e2n\u0103, limbi str\u0103ine. La necesarul de 95 cadre didactice \u00een raionul H\u00e2nce\u015fti, au venit doar 11 tineri speciali\u015fti. Continu\u0103 abandonul sistemului nu doar de c\u0103tre cadrele didactice tinere, dar pleac\u0103 \u015fi cei cu experien\u0163\u0103 \u00een domeniu, <strong>cauzele abandonului fiind remunerarea slab\u0103 \u00een raport cu volumul mare de munc\u0103 \u015fi mediul de munc\u0103 stresant<\/strong>.<\/em><\/p>\n\n\n\n<p><em>&nbsp;Revendicarea de baz\u0103, \u00eenaintat\u0103 de c\u0103tre Federa\u0163ia Sindical\u0103 a Educa\u0163iei \u015fi \u015etiin\u0163ei: <strong>majorarea salariului mediu din Educa\u0163ie \u015fi Cercetare la nivelul salariului mediu din economie<\/strong>, care ar motiva tinerii s\u0103 vin\u0103 \u00een \u015fcoli \u015fi gr\u0103dini\u0163e, iar cadrele didactice experimentate s\u0103-\u015fi continue activitatea, asigur\u00e2nd un proces educa\u0163ional de calitate, <strong>r\u0103m\u00e2ne nesolu\u0163ionat\u0103<\/strong>.<\/em><\/p>\n\n\n\n<p><em>&nbsp;\u00cen acest context, sus\u0163inem Declara\u0163ia Biroului Executiv al Federa\u0163iei Sindicale a Educa\u0163iei \u015fi \u015etiin\u0163ei din 11 septembrie, curent, \u015fi ne al\u0103tur\u0103m cererii ca revendicarea FSE\u015e privind motivarea salarial\u0103 s\u0103 fie examinat\u0103 c\u00e2t mai urgent \u00een cadrul platformei de dialog social bipartit, cu participarea Ministerului de Finan\u0163e.<\/em><\/p>\n\n\n\n<p><em>&nbsp;\u00cen sistemul educa\u0163ional trebuie s\u0103 vin\u0103 cei ale\u015fi, dar ei trebuie motiva\u0163i!<\/em><\/p>\n\n\n\n<p>&nbsp;<strong><em>\u00cen numele Centrului Sindical Ramural Teritorial din Domeniul Educa\u0163iei \u015fi \u015etiin\u0163ei, Ana CIMPOIE\u0218U, pre\u015fedint\u0103<\/em><\/strong><\/p>\n","protected":false},"excerpt":{"rendered":"<p>La 20 septembrie 2024, \u00een H\u00e2nce\u015fti, delega\u0163ii \u015fi invita\u0163ii s-au \u00eentrunit \u00een cadrul Conferin\u0163ei de raportare \u015fi alegeri a Centrului Sindical Ramural H\u00e2nce\u015fti din Domeniul Educa\u0163iei \u015fi \u015etiin\u0163ei, pentru a face o ampl\u0103 retrospectiv\u0103 a activit\u0103\u0163ii sindicale teritoriale \u015fi a-\u015fi&hellip;<\/p>\n<p class=\"more-link-p\"><a class=\"more-link\" href=\"http:\/\/www.slineamt.ro\/apostolul\/viata-sindicala-imperative\/conferinta-de-raportare-si-alegeri-a-centrului-sindical-ramural-hancesti-din-domeniul-educatiei-si-stiintei\/\">Read more &rarr;<\/a><\/p>\n","protected":false},"author":1,"featured_media":0,"comment_status":"open","ping_status":"closed","sticky":false,"template":"","format":"standard","meta":{"footnotes":""},"categories":[11,486],"tags":[],"class_list":["post-26226","post","type-post","status-publish","format-standard","hentry","category-viata-sindicala-imperative","category-276-octombrie-2024"],"_links":{"self":[{"href":"http:\/\/www.slineamt.ro\/apostolul\/wp-json\/wp\/v2\/posts\/26226","targetHints":{"allow":["GET"]}}],"collection":[{"href":"http:\/\/www.slineamt.ro\/apostolul\/wp-json\/wp\/v2\/posts"}],"about":[{"href":"http:\/\/www.slineamt.ro\/apostolul\/wp-json\/wp\/v2\/types\/post"}],"author":[{"embeddable":true,"href":"http:\/\/www.slineamt.ro\/apostolul\/wp-json\/wp\/v2\/users\/1"}],"replies":[{"embeddable":true,"href":"http:\/\/www.slineamt.ro\/apostolul\/wp-json\/wp\/v2\/comments?post=26226"}],"version-history":[{"count":1,"href":"http:\/\/www.slineamt.ro\/apostolul\/wp-json\/wp\/v2\/posts\/26226\/revisions"}],"predecessor-version":[{"id":26228,"href":"http:\/\/www.slineamt.ro\/apostolul\/wp-json\/wp\/v2\/posts\/26226\/revisions\/26228"}],"wp:attachment":[{"href":"http:\/\/www.slineamt.ro\/apostolul\/wp-json\/wp\/v2\/media?parent=26226"}],"wp:term":[{"taxonomy":"category","embeddable":true,"href":"http:\/\/www.slineamt.ro\/apostolul\/wp-json\/wp\/v2\/categories?post=26226"},{"taxonomy":"post_tag","embeddable":true,"href":"http:\/\/www.slineamt.ro\/apostolul\/wp-json\/wp\/v2\/tags?post=26226"}],"curies":[{"name":"wp","href":"https:\/\/api.w.org\/{rel}","templated":true}]}}