{"id":26232,"date":"2024-10-22T07:47:48","date_gmt":"2024-10-22T07:47:48","guid":{"rendered":"https:\/\/www.slineamt.ro\/apostolul\/?p=26232"},"modified":"2024-10-22T07:47:48","modified_gmt":"2024-10-22T07:47:48","slug":"adunarea-generala-a-asociatiei-invatatorilor-din-judetul-neamt","status":"publish","type":"post","link":"http:\/\/www.slineamt.ro\/apostolul\/eveniment\/adunarea-generala-a-asociatiei-invatatorilor-din-judetul-neamt\/","title":{"rendered":"ADUNAREA GENERAL\u0102 a Asocia\u0163iei \u00cenv\u0103\u0163\u0103torilor din Jude\u0163ul Neam\u0163"},"content":{"rendered":"<div class=\"wp-block-image\">\n<figure class=\"alignleft size-full is-resized\"><a href=\"http:\/\/www.slineamt.ro\/apostolul\/wp-content\/uploads\/2024\/10\/16-ap276-foto1.jpg\"><img loading=\"lazy\" decoding=\"async\" width=\"153\" height=\"159\" src=\"http:\/\/www.slineamt.ro\/apostolul\/wp-content\/uploads\/2024\/10\/16-ap276-foto1.jpg\" alt=\"\" class=\"wp-image-26233\" style=\"width:171px;height:auto\"\/><\/a><\/figure>\n<\/div>\n\n\n<p><strong>Consiliul Director al Asocia\u0163iei \u00cenv\u0103\u0163\u0103torilor din Jude\u0163ul Neam\u0163 convoac\u0103 \u00een \u015fedin\u0163\u0103 extraordinar\u0103 Adunarea general\u0103 a Asocia\u0163iei \u00cenv\u0103\u0163\u0103torilor din Jude\u0163ul Neam\u0163 \u00een ziua de 28 octombrie 2024, ora 10, la sala de festivit\u0103\u0163i a Liceului Economic ,,Alexandru Ioan Cuza\u201d, strada Alexandru L\u0103pu\u015fneanu, nr. 24, Piatra-Neam\u0163<\/strong>.<\/p>\n\n\n\n<p>Conform Statutului, Adunarea General\u0103 este organul suprem de conducere alc\u0103tuit din totalitatea membrilor activi ai asocia\u0163iei \u015fi se \u00eentrune\u015fte cel pu\u0163in o dat\u0103 pe an \u00een \u015fedin\u0163\u0103 ordinar\u0103 \u015fi, atunci c\u00e2nd este cazul, \u00een \u015fedin\u0163e extraordinare. Sunt invita\u0163i s\u0103 participe to\u0163i membrii activi ai Asocia\u0163iei. Calitatea de membru activ se ob\u0163ine pe baza de cerere adresat\u0103 Consiliului Director \u015fi plata cotiza\u0163iei pe acest an calendaristic (2024). Pentru ca Adunarea General\u0103 s\u0103 fie legal constituit\u0103 este necesar ca la aceasta s\u0103 participe cel pu\u0163in dou\u0103 treimi din num\u0103rul total al membrilor asocia\u0163iei.<\/p>\n\n\n\n<p>Dac\u0103 a fost legal convocat\u0103 \u015fi nu se \u00eentrune\u015fte num\u0103rul necesar de membri, se va face o nou\u0103 convocare pentru o dat\u0103 ulterioar\u0103, dar nu mai devreme de 7 zile si nici mai t\u00e2rziu de 14 zile. Dac\u0103 nici de aceast\u0103 dat\u0103 nu se prezint\u0103 2\/3 din num\u0103rul total al membrilor asocia\u0163iei, respectiv al delega\u0163ilor desemna\u0163i s\u0103 \u00eei reprezinte, Adunarea General\u0103 poate avea loc \u00een prezen\u0163a majorit\u0103\u0163ii simple a acestora, respectiv jum\u0103tate din num\u00e3rul membrilor asocia\u0163iei plus unul, sau a reprezentan\u0163ilor acestora plus unul.<\/p>\n\n\n\n<p>Hot\u0103r\u00e2rile Adun\u0103rii Generale vor fi luate cu votul majorit\u0103\u0163ii simple, adic\u0103 jum\u0103tate plus unul din num\u0103rul membrilor prezen\u0163i.<\/p>\n\n\n\n<p><strong>Ordinea de zi:<\/strong><\/p>\n\n\n\n<p>Aprobarea Regulamentului pentru desf\u0103\u015furarea lucr\u0103rilor Adun\u0103rii Generale;<\/p>\n\n\n\n<p>1. Prezentarea Raportului asupra activit\u0103\u0163ii Asocia\u0163iei \u00cenv\u0103\u0163\u0103torilor din Jude\u0163ul Neam\u0163, \u00een perioada 2019 &#8211; 2024;<\/p>\n\n\n\n<p>2. Prezentarea Raportului privind resursele patrimoniale ale Asocia\u0163iei;<\/p>\n\n\n\n<p>3. Dezbateri asupra documentelor prezentate;<\/p>\n\n\n\n<p>4. Alegerea membrilor Consiliului Director \u015fi a Biroului executiv;<\/p>\n\n\n\n<p>5. Prezentarea \u015fi aprobarea Strategiei AINT pentru perioada 2025 &#8211; 2029.<\/p>\n","protected":false},"excerpt":{"rendered":"<p>Consiliul Director al Asocia\u0163iei \u00cenv\u0103\u0163\u0103torilor din Jude\u0163ul Neam\u0163 convoac\u0103 \u00een \u015fedin\u0163\u0103 extraordinar\u0103 Adunarea general\u0103 a Asocia\u0163iei \u00cenv\u0103\u0163\u0103torilor din Jude\u0163ul Neam\u0163 \u00een ziua de 28 octombrie 2024, ora 10, la sala de festivit\u0103\u0163i a Liceului Economic ,,Alexandru Ioan Cuza\u201d, strada Alexandru&hellip;<\/p>\n<p class=\"more-link-p\"><a class=\"more-link\" href=\"http:\/\/www.slineamt.ro\/apostolul\/eveniment\/adunarea-generala-a-asociatiei-invatatorilor-din-judetul-neamt\/\">Read more &rarr;<\/a><\/p>\n","protected":false},"author":1,"featured_media":0,"comment_status":"open","ping_status":"closed","sticky":false,"template":"","format":"standard","meta":{"footnotes":""},"categories":[18,486],"tags":[],"class_list":["post-26232","post","type-post","status-publish","format-standard","hentry","category-eveniment","category-276-octombrie-2024"],"_links":{"self":[{"href":"http:\/\/www.slineamt.ro\/apostolul\/wp-json\/wp\/v2\/posts\/26232","targetHints":{"allow":["GET"]}}],"collection":[{"href":"http:\/\/www.slineamt.ro\/apostolul\/wp-json\/wp\/v2\/posts"}],"about":[{"href":"http:\/\/www.slineamt.ro\/apostolul\/wp-json\/wp\/v2\/types\/post"}],"author":[{"embeddable":true,"href":"http:\/\/www.slineamt.ro\/apostolul\/wp-json\/wp\/v2\/users\/1"}],"replies":[{"embeddable":true,"href":"http:\/\/www.slineamt.ro\/apostolul\/wp-json\/wp\/v2\/comments?post=26232"}],"version-history":[{"count":1,"href":"http:\/\/www.slineamt.ro\/apostolul\/wp-json\/wp\/v2\/posts\/26232\/revisions"}],"predecessor-version":[{"id":26234,"href":"http:\/\/www.slineamt.ro\/apostolul\/wp-json\/wp\/v2\/posts\/26232\/revisions\/26234"}],"wp:attachment":[{"href":"http:\/\/www.slineamt.ro\/apostolul\/wp-json\/wp\/v2\/media?parent=26232"}],"wp:term":[{"taxonomy":"category","embeddable":true,"href":"http:\/\/www.slineamt.ro\/apostolul\/wp-json\/wp\/v2\/categories?post=26232"},{"taxonomy":"post_tag","embeddable":true,"href":"http:\/\/www.slineamt.ro\/apostolul\/wp-json\/wp\/v2\/tags?post=26232"}],"curies":[{"name":"wp","href":"https:\/\/api.w.org\/{rel}","templated":true}]}}