{"id":26235,"date":"2024-10-22T07:52:49","date_gmt":"2024-10-22T07:52:49","guid":{"rendered":"https:\/\/www.slineamt.ro\/apostolul\/?p=26235"},"modified":"2024-10-22T07:52:49","modified_gmt":"2024-10-22T07:52:49","slug":"tinerii-artisti-pietreni-din-nou-pe-podium-la-evora-portugalia-2","status":"publish","type":"post","link":"http:\/\/www.slineamt.ro\/apostolul\/pasi-spre-europa\/tinerii-artisti-pietreni-din-nou-pe-podium-la-evora-portugalia-2\/","title":{"rendered":"Tinerii arti\u015fti pietreni, din nou pe podium, la \u00c9vora-Portugalia"},"content":{"rendered":"<div class=\"wp-block-image\">\n<figure class=\"alignleft size-full is-resized\"><a href=\"http:\/\/www.slineamt.ro\/apostolul\/wp-content\/uploads\/2024\/10\/15-ap276-foto1.jpg\"><img loading=\"lazy\" decoding=\"async\" width=\"491\" height=\"342\" src=\"http:\/\/www.slineamt.ro\/apostolul\/wp-content\/uploads\/2024\/10\/15-ap276-foto1.jpg\" alt=\"\" class=\"wp-image-26236\" style=\"width:392px;height:auto\" srcset=\"http:\/\/www.slineamt.ro\/apostolul\/wp-content\/uploads\/2024\/10\/15-ap276-foto1.jpg 491w, http:\/\/www.slineamt.ro\/apostolul\/wp-content\/uploads\/2024\/10\/15-ap276-foto1-300x209.jpg 300w, http:\/\/www.slineamt.ro\/apostolul\/wp-content\/uploads\/2024\/10\/15-ap276-foto1-260x181.jpg 260w, http:\/\/www.slineamt.ro\/apostolul\/wp-content\/uploads\/2024\/10\/15-ap276-foto1-160x111.jpg 160w\" sizes=\"auto, (max-width: 491px) 100vw, 491px\" \/><\/a><\/figure>\n<\/div>\n\n\n<p>\u00c9vora, ora\u015ful-muzeu al Portugaliei, capitala regiunii Alto Alentejo, a g\u0103zduit, \u00eentre 6 \u015fi 12 octombrie 2024, cea de-a XXV-a \u00eent\u00e2lnire interna\u0163ional\u0103 a artei plastice destinat\u0103 copiilor \u015fi tinerilor (<em>International Meeting of Juvenile Art<\/em>), \u00een organizarea <em>Teoartis <\/em>Galeria (director, prof. Teodolinda Pascoal), cu sprijinul Consiliului Local \u00c9vora. Tinerele artiste din Piatra-Neam\u0163: Casia Maria R\u00e2nja Ciobot\u0103, Maria \u015etefan, Maia Andreea Mor\u0163e, Miruna Ilinca Anghel, Ana Iordan, Denisa Stoleru \u015fi \u015etefania C\u0103lin, membre ale Palatului Copiilor \u015fi ale Asocia\u0163iei Culturale <em>Arte.Ro<\/em> (profesor coordonator, Cristina Petrariu), \u00een spiritul unei \u00eendelungate particip\u0103ri, s-au distins prin formule artistice \u00eendr\u0103zne\u0163e capt\u00e2nd \u015fi de aceast\u0103 dat\u0103 aten\u0163ia \u015fi interesul juriului. \u00cen ansamblu, a fost un spectacol uimitor, de o mare diversitate artistic\u0103, tehnici, concepte \u015fi modalit\u0103\u0163i de exprimare. Casia Maria R\u00e2nja Ciobot\u0103 a ob\u0163inut Premiul I, Maria \u015etefan, Premiul al II-lea \u015fi Maia Andreea Mor\u0163e, Premiul al III-lea, la categoria de v\u00e2rst\u0103 12-15 ani. Maia Andreea Mor\u0163e a intrat \u00een posesia Premiului al II-lea \u015fi la sec\u0163iunea \u201eFerestre\u201d.<\/p>\n\n\n\n<p>\u201eAcest festival, unul dintre primele ca m\u0103rime din lume, are ca scop stimularea imagina\u0163iei \u015fi a sensibilit\u0103\u0163i artistice a copiilor, prin crearea unor contexte favorabile dezvolt\u0103rii abilit\u0103\u0163ilor din domeniul artelor plastice. Ca de fiecare dat\u0103, programul de activit\u0103\u0163i a fost complex, la toate nivelurile, fiind, de fapt, marele c\u00e2\u015ftig pentru participan\u0163i. Prin aceste lucr\u0103ri de art\u0103, copiii \u00ee\u015fi formeaz\u0103 g\u00e2ndirea creativ\u0103 \u015fi sim\u0163ul estetic, dezvolt\u00e2ndu-\u015fi \u00eentr-un mod adecvat bazele acestei frumoase sfere de activitate. Ne-am aflat pentru a noua oar\u0103 la \u00c9vora \u015fi ne bucur\u0103m nespus. Dac\u0103 Maia Andreea Mor\u0163e, Miruna Ilinca Anghel, Ana Iordan \u015fi Denisa Stoleru au mai trecut prin furcile caudine ale unui concurs de o asemenea anvergur\u0103, Casia R\u00e2nja Ciobot\u0103, Maria \u015etefan \u015fi \u015etefania C\u0103lin au fost prezente pentru prima dat\u0103, fapt care face \u015fi mai importante rezultatele ob\u0163inute. Apreciem \u00eentr-un mod deosebit frumuse\u0163ea locurilor, ospitalitatea \u015fi amabilitatea celor care ne-au g\u0103zduit, motiv pentru care adres\u0103m sincere mul\u0163umiri\u201d, <strong>a spus profesoara Cristina Petrariu<\/strong>.<\/p>\n\n\n<div class=\"wp-block-image\">\n<figure class=\"alignright size-full is-resized\"><a href=\"http:\/\/www.slineamt.ro\/apostolul\/wp-content\/uploads\/2024\/10\/15-ap276-foto2.jpg\"><img loading=\"lazy\" decoding=\"async\" width=\"406\" height=\"365\" src=\"http:\/\/www.slineamt.ro\/apostolul\/wp-content\/uploads\/2024\/10\/15-ap276-foto2.jpg\" alt=\"\" class=\"wp-image-26237\" style=\"width:353px;height:auto\" srcset=\"http:\/\/www.slineamt.ro\/apostolul\/wp-content\/uploads\/2024\/10\/15-ap276-foto2.jpg 406w, http:\/\/www.slineamt.ro\/apostolul\/wp-content\/uploads\/2024\/10\/15-ap276-foto2-300x270.jpg 300w, http:\/\/www.slineamt.ro\/apostolul\/wp-content\/uploads\/2024\/10\/15-ap276-foto2-260x234.jpg 260w, http:\/\/www.slineamt.ro\/apostolul\/wp-content\/uploads\/2024\/10\/15-ap276-foto2-160x144.jpg 160w\" sizes=\"auto, (max-width: 406px) 100vw, 406px\" \/><\/a><\/figure>\n<\/div>\n\n\n<p>Semnalul de deschidere a festivalului, care, de fiecare dat\u0103, reune\u015fte zeci de tineri arti\u015fti din Europa \u015fi Asia, s-a dat la Palatul <em>D. Manuel<\/em> (denumit Centrul de Interpretare a ora\u015fului), situat \u00een frumoasa Gr\u0103din\u0103 Public\u0103 din \u00c9vora. Acest impun\u0103tor pavilion din secolul al XVI-lea, este singura cl\u0103dire care a mai r\u0103mas \u00een picioare din vechiul ansamblu al Palatului Regal, distrus \u00een secolul al XIX-lea.<\/p>\n\n\n\n<p>\u201ePasiunea pentru art\u0103 \u015fi frumos a doamnei Teodolinda Pascoal a adunat, de-a lungul anilor, tineri din cele mai diverse p\u0103r\u0163i ale planetei. Ei au pictat \u00c9vora din perspective pe care cei care locuiesc \u00een acest ora\u015f le uit\u0103 adesea. Nu sunt doar tineri care picteaz\u0103 \u015fi deseneaz\u0103 pe str\u0103zile ora\u015fului, ci \u015fi importan\u0163i reprezentan\u0163i ai construc\u0163iei unei lumi mai bune\u201d, <strong>a subliniat Jos\u00e9 Conde, reprezentantul Prim\u0103riei \u00c9vora<\/strong>.<\/p>\n\n\n<div class=\"wp-block-image\">\n<figure class=\"alignleft size-full is-resized\"><a href=\"http:\/\/www.slineamt.ro\/apostolul\/wp-content\/uploads\/2024\/10\/15-ap276-foto3.jpg\"><img loading=\"lazy\" decoding=\"async\" width=\"350\" height=\"407\" src=\"http:\/\/www.slineamt.ro\/apostolul\/wp-content\/uploads\/2024\/10\/15-ap276-foto3.jpg\" alt=\"\" class=\"wp-image-26238\" style=\"width:307px;height:auto\" srcset=\"http:\/\/www.slineamt.ro\/apostolul\/wp-content\/uploads\/2024\/10\/15-ap276-foto3.jpg 350w, http:\/\/www.slineamt.ro\/apostolul\/wp-content\/uploads\/2024\/10\/15-ap276-foto3-258x300.jpg 258w, http:\/\/www.slineamt.ro\/apostolul\/wp-content\/uploads\/2024\/10\/15-ap276-foto3-260x302.jpg 260w, http:\/\/www.slineamt.ro\/apostolul\/wp-content\/uploads\/2024\/10\/15-ap276-foto3-160x186.jpg 160w\" sizes=\"auto, (max-width: 350px) 100vw, 350px\" \/><\/a><\/figure>\n<\/div>\n\n\n<p>N\u0103scut\u0103 la \u00c9vora \u00een anul 1942, Teodolinda Pascoal este un nume ilustru \u00een arta \u015fi cultura lusitan\u0103, cu o bogat\u0103 activitate didactic\u0103. \u00cendr\u0103gostit\u0103 de arta sa, Teodolinda Pascoal a organizat prima edi\u0163ie a acestui prestigios concurs \u00een anul 2000.<\/p>\n\n\n\n<p>\u201eLucrurile ne ofer\u0103 \u00eentotdeauna ceea ce c\u0103ut\u0103m \u00een ele. Pentru noi, acesta este un moment decisiv care marcheaz\u0103 un ideal pe care l-am avut c\u00e2nd am \u00eenfiin\u0163at acest festival. Suntem con\u015ftien\u0163i de dificult\u0103\u0163ile pe care le avem \u00een fa\u0163\u0103. Totu\u015fi, dac\u0103 am \u00eenv\u0103\u0163at s\u0103 le dep\u0103\u015fim, \u00een ace\u015fti ani, este pentru c\u0103 aceast\u0103 perseveren\u0163\u0103 ne face mai puternici. Suntem foarte bucuro\u015fi c\u0103 am ajuns s\u0103 organiz\u0103m a XXV-a edi\u0163ie. V\u0103 mul\u0163umesc tuturor pentru c\u0103 \u00eentotdeauna mi-a\u0163i fost foarte aproape, de\u015fi ne despart mii de kilometri\u201d, <strong>a declarat Teodolinda Pascoal<\/strong>.<\/p>\n\n\n<div class=\"wp-block-image\">\n<figure class=\"alignright size-full\"><a href=\"http:\/\/www.slineamt.ro\/apostolul\/wp-content\/uploads\/2024\/10\/15-ap276-foto4.jpg\"><img loading=\"lazy\" decoding=\"async\" width=\"349\" height=\"334\" src=\"http:\/\/www.slineamt.ro\/apostolul\/wp-content\/uploads\/2024\/10\/15-ap276-foto4.jpg\" alt=\"\" class=\"wp-image-26239\" srcset=\"http:\/\/www.slineamt.ro\/apostolul\/wp-content\/uploads\/2024\/10\/15-ap276-foto4.jpg 349w, http:\/\/www.slineamt.ro\/apostolul\/wp-content\/uploads\/2024\/10\/15-ap276-foto4-300x287.jpg 300w, http:\/\/www.slineamt.ro\/apostolul\/wp-content\/uploads\/2024\/10\/15-ap276-foto4-260x249.jpg 260w, http:\/\/www.slineamt.ro\/apostolul\/wp-content\/uploads\/2024\/10\/15-ap276-foto4-160x153.jpg 160w\" sizes=\"auto, (max-width: 349px) 100vw, 349px\" \/><\/a><\/figure>\n<\/div>\n\n\n<p>Vreme de o s\u0103pt\u0103m\u00e2n\u0103, arti\u015ftii pietreni au reu\u015fit s\u0103 \u00eenving\u0103 greut\u0103\u0163ile cauzate de timpul nefavorabil oferind, cu o matur\u0103 \u00eencadrare \u00een stil, detalii ale principalelor obiective ale acestui ora\u015f plin de istorie, clasificat ca sit al Patrimoniului UNESCO din anul 1986: Biserica <em>S\u00e3o Francisco<\/em>, Muzeul Na\u0163ional de Art\u0103 <em>Frei Manuel do Cen\u00e1culo<\/em> \u015fi Pia\u0163a Giraldo, inima \u00c9vorei.<\/p>\n\n\n\n<p>Grupate tematic, lucr\u0103rile c\u00e2\u015ftig\u0103toare de la edi\u0163ia precedent\u0103 \u2013 bogate materiale vizuale \u2013, au putut fi admirate pe simezele Bisericii <em>S\u00e3o Francisco<\/em>, ale Funda\u0163iei <em>Eug\u00e9nio de Almeida<\/em>, Galeriei <em>Teoartis<\/em> \u015fi ale Muzeului Na\u0163ional de Art\u0103 <em>Frei Manuel do Cen\u00e1culo<\/em>. Anul trecut, preocup\u0103rile de crea\u0163ie ale Maiei Andreea Mor\u0163e au situat-o pe locul I, iar cele ale Mirunei Ilinca Anghel \u015fi Anei Iordan au fost recompensate cu men\u0163iuni de onoare.<\/p>\n\n\n<div class=\"wp-block-image\">\n<figure class=\"alignleft size-full is-resized\"><a href=\"http:\/\/www.slineamt.ro\/apostolul\/wp-content\/uploads\/2024\/10\/15-ap276-foto5.jpg\"><img loading=\"lazy\" decoding=\"async\" width=\"349\" height=\"341\" src=\"http:\/\/www.slineamt.ro\/apostolul\/wp-content\/uploads\/2024\/10\/15-ap276-foto5.jpg\" alt=\"\" class=\"wp-image-26240\" style=\"width:306px;height:auto\" srcset=\"http:\/\/www.slineamt.ro\/apostolul\/wp-content\/uploads\/2024\/10\/15-ap276-foto5.jpg 349w, http:\/\/www.slineamt.ro\/apostolul\/wp-content\/uploads\/2024\/10\/15-ap276-foto5-300x293.jpg 300w, http:\/\/www.slineamt.ro\/apostolul\/wp-content\/uploads\/2024\/10\/15-ap276-foto5-260x254.jpg 260w, http:\/\/www.slineamt.ro\/apostolul\/wp-content\/uploads\/2024\/10\/15-ap276-foto5-160x156.jpg 160w\" sizes=\"auto, (max-width: 349px) 100vw, 349px\" \/><\/a><\/figure>\n<\/div>\n\n\n<p>La fiecare edi\u0163ie a festivalului, \u00eentr-o faz\u0103 preliminar\u0103, este aleas\u0103 o tem\u0103 pentru care sute de elevi lucreaz\u0103 \u00een cursul anului \u015fcolar. De aceast\u0103 dat\u0103, tema impus\u0103 a fost \u201eComori din ad\u00e2ncurile m\u0103rilor \u015fi oceanelor\u201d. \u00cen urma expedierii colec\u0163iei tematice, s-au ob\u0163inut urm\u0103toarele rezultate: <strong>medalie de aur<\/strong>: Casia Maria R\u00e2nja Ciobot\u0103 (12 ani), Denisa Stoleru (19 ani), Alexandra Postolic\u0103 (18 ani) Irina Aelenei (15 ani), Maria \u015etefan (14 ani), Miruna Ilinca Anghel (14 ani) \u015fi Ricardo Ad\u0103sc\u0103li\u0163ei (12 ani); <strong>medalie de argint<\/strong>: Ana Iordan (15 ani), Bianca Patrichi (15 ani), \u015etefania C\u0103lin (12 ani), Bianca Agoroaei (16 ani), Nectaria Romila (16 ani), Stela Zavatta (10 ani); <strong>men\u0163iune<\/strong>: Ania Pi\u0163a (12 ani), Iris Andone (10 ani), Maria G\u0103in\u0103 (7 ani), Teodora Timofte (10 ani). Lucr\u0103rile premiate sunt expuse la Biserica <em>S\u00e3o Vicente<\/em>, cunoscut\u0103 \u015fi sub numele de Biserica Martirilor din \u00c9vora, p\u00e2n\u0103 la 31 octombrie.<\/p>\n\n\n<div class=\"wp-block-image\">\n<figure class=\"alignright size-full is-resized\"><a href=\"http:\/\/www.slineamt.ro\/apostolul\/wp-content\/uploads\/2024\/10\/15-ap276-foto6.jpg\"><img loading=\"lazy\" decoding=\"async\" width=\"397\" height=\"379\" src=\"http:\/\/www.slineamt.ro\/apostolul\/wp-content\/uploads\/2024\/10\/15-ap276-foto6.jpg\" alt=\"\" class=\"wp-image-26241\" style=\"width:349px;height:auto\" srcset=\"http:\/\/www.slineamt.ro\/apostolul\/wp-content\/uploads\/2024\/10\/15-ap276-foto6.jpg 397w, http:\/\/www.slineamt.ro\/apostolul\/wp-content\/uploads\/2024\/10\/15-ap276-foto6-300x286.jpg 300w, http:\/\/www.slineamt.ro\/apostolul\/wp-content\/uploads\/2024\/10\/15-ap276-foto6-260x248.jpg 260w, http:\/\/www.slineamt.ro\/apostolul\/wp-content\/uploads\/2024\/10\/15-ap276-foto6-160x153.jpg 160w\" sizes=\"auto, (max-width: 397px) 100vw, 397px\" \/><\/a><\/figure>\n<\/div>\n\n\n<p>Ca o \u00eencununare a activit\u0103\u0163ilor, participan\u0163ii au vizitat \u015fi trei dintre cele mai importante obiective turistice ale lumii care se g\u0103sesc \u00een Portugalia: <strong>Sanctuarul de la Fatima<\/strong>, devenit un faimos loc de pelerinaj \u00een anul 1917, c\u00e2nd trei copii p\u0103stori au afirmat c\u0103 au fost martorii a \u015fase apari\u0163ii ale Fecioarei Maria, <strong>M\u0103n\u0103stirea Batalha<\/strong> (<em>Santa Maria da Vit\u00f3ria<\/em>), simbol al independen\u0163ei lusitanilor, capodoper\u0103 a artei gotice t\u0103rzii \u00eempletit\u0103 cu stilul manuelin, \u015fi <strong>Nazar\u00e9<\/strong>, ora\u015ful situat pe coasta Atlanticului,cunoscut pentru Sanctuarul Maicii Domnului \u015fi, mai nou, pentru valurile sale uria\u015fe. Acestor locuri li s-au ad\u0103ugat <strong>Muzeul de Art\u0103 Modern\u0103 \u015fi Contemporan\u0103<\/strong> <strong>Colec\u0163ia Berardo, Turnul Bel\u00e9m<\/strong> \u015fi <strong>M\u0103n\u0103stirea Jer\u00f3nimos<\/strong> din Lisabona.<\/p>\n\n\n\n<p><strong><em>Violeta MO\u015eU<\/em><\/strong><\/p>\n","protected":false},"excerpt":{"rendered":"<p>\u00c9vora, ora\u015ful-muzeu al Portugaliei, capitala regiunii Alto Alentejo, a g\u0103zduit, \u00eentre 6 \u015fi 12 octombrie 2024, cea de-a XXV-a \u00eent\u00e2lnire interna\u0163ional\u0103 a artei plastice destinat\u0103 copiilor \u015fi tinerilor (International Meeting of Juvenile Art), \u00een organizarea Teoartis Galeria (director, prof. Teodolinda&hellip;<\/p>\n<p class=\"more-link-p\"><a class=\"more-link\" href=\"http:\/\/www.slineamt.ro\/apostolul\/pasi-spre-europa\/tinerii-artisti-pietreni-din-nou-pe-podium-la-evora-portugalia-2\/\">Read more &rarr;<\/a><\/p>\n","protected":false},"author":1,"featured_media":0,"comment_status":"open","ping_status":"closed","sticky":false,"template":"","format":"standard","meta":{"footnotes":""},"categories":[9,486],"tags":[],"class_list":["post-26235","post","type-post","status-publish","format-standard","hentry","category-pasi-spre-europa","category-276-octombrie-2024"],"_links":{"self":[{"href":"http:\/\/www.slineamt.ro\/apostolul\/wp-json\/wp\/v2\/posts\/26235","targetHints":{"allow":["GET"]}}],"collection":[{"href":"http:\/\/www.slineamt.ro\/apostolul\/wp-json\/wp\/v2\/posts"}],"about":[{"href":"http:\/\/www.slineamt.ro\/apostolul\/wp-json\/wp\/v2\/types\/post"}],"author":[{"embeddable":true,"href":"http:\/\/www.slineamt.ro\/apostolul\/wp-json\/wp\/v2\/users\/1"}],"replies":[{"embeddable":true,"href":"http:\/\/www.slineamt.ro\/apostolul\/wp-json\/wp\/v2\/comments?post=26235"}],"version-history":[{"count":1,"href":"http:\/\/www.slineamt.ro\/apostolul\/wp-json\/wp\/v2\/posts\/26235\/revisions"}],"predecessor-version":[{"id":26242,"href":"http:\/\/www.slineamt.ro\/apostolul\/wp-json\/wp\/v2\/posts\/26235\/revisions\/26242"}],"wp:attachment":[{"href":"http:\/\/www.slineamt.ro\/apostolul\/wp-json\/wp\/v2\/media?parent=26235"}],"wp:term":[{"taxonomy":"category","embeddable":true,"href":"http:\/\/www.slineamt.ro\/apostolul\/wp-json\/wp\/v2\/categories?post=26235"},{"taxonomy":"post_tag","embeddable":true,"href":"http:\/\/www.slineamt.ro\/apostolul\/wp-json\/wp\/v2\/tags?post=26235"}],"curies":[{"name":"wp","href":"https:\/\/api.w.org\/{rel}","templated":true}]}}