{"id":26243,"date":"2024-10-22T07:55:24","date_gmt":"2024-10-22T07:55:24","guid":{"rendered":"https:\/\/www.slineamt.ro\/apostolul\/?p=26243"},"modified":"2024-10-22T07:55:24","modified_gmt":"2024-10-22T07:55:24","slug":"educatia-ecologica-perspective-de-abordare-interdisciplinara","status":"publish","type":"post","link":"http:\/\/www.slineamt.ro\/apostolul\/pasi-spre-europa\/educatia-ecologica-perspective-de-abordare-interdisciplinara\/","title":{"rendered":"Educa\u0163ia ecologic\u0103 \u2013 perspective de abordare interdisciplinar\u0103"},"content":{"rendered":"<div class=\"wp-block-image\">\n<figure class=\"alignleft size-full\"><a href=\"http:\/\/www.slineamt.ro\/apostolul\/wp-content\/uploads\/2024\/10\/14-ap276-foto1.jpg\"><img loading=\"lazy\" decoding=\"async\" width=\"301\" height=\"267\" src=\"http:\/\/www.slineamt.ro\/apostolul\/wp-content\/uploads\/2024\/10\/14-ap276-foto1.jpg\" alt=\"\" class=\"wp-image-26244\" srcset=\"http:\/\/www.slineamt.ro\/apostolul\/wp-content\/uploads\/2024\/10\/14-ap276-foto1.jpg 301w, http:\/\/www.slineamt.ro\/apostolul\/wp-content\/uploads\/2024\/10\/14-ap276-foto1-260x231.jpg 260w, http:\/\/www.slineamt.ro\/apostolul\/wp-content\/uploads\/2024\/10\/14-ap276-foto1-160x142.jpg 160w\" sizes=\"auto, (max-width: 301px) 100vw, 301px\" \/><\/a><\/figure>\n<\/div>\n\n\n<p><em>Nu P\u0103m\u00e2ntul apar\u0163ine omului, ci omul apar\u0163ine p\u0103m\u00e2ntului<\/em>. (<strong>Sieux Seattle<\/strong>)<\/p>\n\n\n\n<p>Dac\u0103 pentru genera\u0163iile mature \u015fi cele v\u00e2rst\u00adnice schimbarea mentalit\u0103\u0163ii reprezint\u0103 un proces \u00eendelungat \u015fi sinuos, o problem\u0103 educa\u0163ional\u0103 de prim ordin este cea referitoare la percep\u0163ia adolescen\u0163ilor, a tinerilor cu privire la conservarea mediului. Ei sunt agen\u0163ii ac\u0163iunii sociale \u00een secolul al XXI-lea, societatea \u00een care vor tr\u0103i depinde \u00een mare m\u0103sur\u0103 de concep\u0163ia pe care \u015fi-o formeaz\u0103 acum, \u00een anii \u015fcolarit\u0103\u0163ii despre ocrotirea \u015fi p\u0103strarea frumuse\u0163ilor naturale.<\/p>\n\n\n\n<p>Ecologia constituie un domeniu al \u015ftiin\u0163elor despre via\u0163\u0103 care are din ce \u00een ce mai mult\u0103 importan\u0163\u0103. Ca \u00een cazul multor discipline numele \u015fi defini\u0163ia conferite ecologiei, spun mult despre cei chema\u0163i s\u0103-i cunoasc\u0103 con\u0163inutul \u015fi s\u0103-i p\u0103trund\u0103 semnifica\u0163iile. O serie de evenimente, cu un puternic impact social, precum celebrele maree negre ori accidente nucleare, \u00een frunte cu cel de la Cernob\u00eel (26 aprilie 1986), au zguduit din iner\u0163ie opinia public\u0103 \u015fi au introdus treptat ecologia \u00een r\u00e2ndurile preocup\u0103rilor individului \u015fi comunit\u0103\u0163ilor. Etimologic, ecologia reprezint\u0103 \u015ftiin\u0163a habitatului, respectiv o ramur\u0103 a biologiei care studiaz\u0103 interac\u0163iunile dintre fiin\u0163ele vii \u015fi mediul lor. Dar evident, semnifica\u0163iile sale au fost mult amplificate \u015fi diversificate de-a lungul timpului.<\/p>\n\n\n\n<p>N\u0103scut\u0103 ca o ramur\u0103 a biologiei, nimeni nu prevestea ecologiei un str\u0103lucit viitor social. Dar, treptat implica\u0163iile sale s-au diversificat, amplificat \u015fi complicat. Studiind echilibrele naturale, ecologi\u015ftii au prev\u0103zut degradarea lor treptat\u0103; dup\u0103 c\u00e2teva decenii dezvoltarea societ\u0103\u0163ii industriale a modificat profund mediul planetar. Apari\u0163ia \u015fi amplificarea polu\u0103rilor, dispari\u0163ia unor specii, afirmarea problemelor globale, au fost semnele evidente ale unei crize ecologice profunde. Concluzia relevat\u0103 tot de ecologie este \u015fi ea fundamental\u0103: omul nu poate s\u0103 ac\u0163ioneze la nesf\u00e2r\u015fit asupra mediului s\u0103u f\u0103r\u0103 a pune \u00een discu\u0163ie ruperea absolut\u0103 a echilibrelor ecologice esen\u0163iale. Pe aceast\u0103 cale s-a impus o alt\u0103 no\u0163iune \u2013 problem\u0103 cheie a lumii contemporane \u2013 protec\u0163ia mediului.<\/p>\n\n\n\n<p>Trecerea ecologiei de la stadiul de simpl\u0103 disciplin\u0103 \u015ftiin\u0163ific\u0103 la cea de problem\u0103 a con\u015ftiin\u0163ei comune reprezint\u0103 una din marile cuceriri ale secolului al XX-lea.<\/p>\n\n\n\n<p>M-am \u00eentrebat adesea care sunt motivele dezastrelor naturale manifestate \u00een ultimul timp \u00een toat\u0103 lumea: inunda\u0163ii, cutremure, alunec\u0103ri de teren, tornade, valuri uria\u015fe etc. Am \u00een\u0163eles ulterior, din explica\u0163iile speciali\u015ftilor, c\u0103 poluarea a determinat schimb\u0103ri climatice, c\u0103 a generat fenomene extreme, c\u0103 a bulversat ordinea obi\u015fnuit\u0103 a manifest\u0103rilor naturii. De\u015fi perfect logic\u0103, aceast\u0103 motivare mi s-a p\u0103rut mult prea rigid\u0103.<\/p>\n\n\n\n<p>C\u0103ut\u00e2nd r\u0103spunsuri \u00een alte domenii, am \u00een\u0163eles de fapt c\u0103 natura se revolt\u0103, c\u0103 nu mai suport\u0103 at\u00e2ta agresiune, c\u0103 strig\u0103 disperat\u0103 dup\u0103 ajutor \u00eentr-o manier\u0103 care s\u0103 ne oblige la \u201etrezire\u201d. Inunda\u0163iile sunt doar lacrimile unui pl\u00e2ns amar, nealinat; tornadele sunt expresia furiei unei naturi suferinde, victim\u0103 a nep\u0103s\u0103rii noastre.<\/p>\n\n\n\n<p>\u00centreb\u00e2ndu-m\u0103 retoric ce am f\u0103cut eu pentru \u00eendreptarea acestei situa\u0163ii, m-am ru\u015finat, pentru c\u0103 nu am f\u0103cut aproape nimic. Grija manifestat\u0103 pentru mediul ce m\u0103 \u00eenconjoar\u0103 nu \u00eensemna mare lucru, privit\u0103 individual, dar, \u00eenso\u0163it\u0103 de comportamente asem\u0103n\u0103toare, ar fi putut \u00eensemna ceva mai mult.<\/p>\n\n\n\n<p>Profesia de dasc\u0103l \u00eensemna un aliat \u00een realizarea dorin\u0163ei de a face ceva pentru \u201edarul nostru nepre\u0163uit\u201d, natura. S\u0103direa \u00een inimile \u015fi con\u015ftiin\u0163ele copiilor a sentimentului responsabilit\u0103\u0163ii pentru p\u0103strarea mediului \u00eenconjur\u0103tor era un pas \u00eenainte.<\/p>\n\n\n\n<p>Obiectivele specifice educa\u0163iei ecologice pot fi:<\/p>\n\n\n\n<p>\u2013 s\u0103 formeze genera\u0163ii de oameni cu o s\u0103n\u0103toas\u0103 con\u015ftiin\u0163\u0103 etic\u0103 referitoare la ap\u0103rarea \u015fi conservarea mediului;<\/p>\n\n\n\n<p>\u2013 s\u0103 creeze unele concep\u0163ii \u015fi convingeri pentru genera\u0163ia actual\u0103 \u015fi, mai ales, genera\u0163iile urmatoare de a schimba progresiv actuala tehnologie poluant\u0103 cu un ansamblu de activit\u0103\u0163i umane nepoluante;<\/p>\n\n\n\n<p>\u2013 s\u0103 sesizeze c\u0103 ra\u0163ionalitatea omenirii \u00eenseamn\u0103 \u015fi ra\u0163ionalitatea \u00een raport cu propriul mediu de via\u0163\u0103 etc.<\/p>\n\n\n\n<p>&nbsp;Obiectivele mai sus men\u0163ionate ar avea ca finalit\u0103\u0163i: &nbsp;&nbsp;&nbsp;&nbsp;&nbsp;&nbsp;&nbsp;&nbsp;&nbsp;&nbsp;<\/p>\n\n\n\n<p>\u2013 \u00een\u0163elegerea naturii complexe, a mediului pentru o utilizare prudent\u0103 \u015fi ra\u0163ional\u0103 a resurselor acestora;<\/p>\n\n\n\n<p>\u2013 formarea unei con\u015ftiin\u0163e ecologice;<\/p>\n\n\n\n<p>\u2013 cooperarea pentru conservarea \u015fi ameliorarea mediului etc.<\/p>\n\n\n\n<p>Educa\u0163ia ecologic\u0103 este oportun\u0103 \u015fi, cu c\u00e2t este \u00eenceput\u0103 de la o v\u00e2rst\u0103 c\u00e2t mai fraged\u0103, cu at\u00e2t are \u015fanse mai mari de reu\u015fit\u0103. O condi\u0163ie esen\u0163ial\u0103 a realiz\u0103rii acestei educa\u0163ii ecologice este ca ea s\u0103 se conceap\u0103 \u00een natur\u0103 \u015fi pentru natur\u0103.<\/p>\n\n\n\n<p>Elevii trebuie \u00eenva\u0163ati s\u0103 \u00een\u0163eleag\u0103 natura, s\u0103 \u00eei aprecieze frumuse\u0163ea, s\u0103-i descopere componentele \u015fi particularit\u0103\u0163ile, s\u0103 se apropie de ea \u015fi s\u0103 o protejeze.<\/p>\n\n\n\n<p>Entuziasmul copiilor \u00een rezolvarea problemelor societ\u0103\u0163ii legate de distrugerea mediului, credin\u0163a lor sincer\u0103 c\u0103 pot schimba lumea, voluntariatul \u00een slujba binelui transform\u0103 reguli simple \u00een comportamente san\u0103toase \u015fi eficiente de protejare a naturii.<\/p>\n\n\n\n<p>Educa\u0163ia ecologic\u0103 nu are nevoie de o disciplin\u0103 special\u0103, ea se reg\u0103se\u015fte \u00een toate disciplinele din cadrul ariilor curriculare prin diferite tipuri de activit\u0103\u0163i.<\/p>\n\n\n\n<p>Limba \u015fi literatura rom\u00e2n\u0103 este disciplina ce ofer\u0103 atmosfera adecvat\u0103 manifest\u0103rilor de ordin afectiv ale elevilor. Studierea unor texte literare despre natur\u0103; crearea de texte \u00een versuri sau \u00een proz\u0103 care s\u0103 ilustreze frumuse\u0163ea naturii, leg\u0103tura dintre plante, animale \u015fi om; elaborarea unor scrisori, mesaje, afi\u015fe pe teme de ecologie \u2013 sunt mijloace care mobilizeaz\u0103 deplin elevii, afectiv \u015fi intelectual.<\/p>\n\n\n\n<p>Matematica, aparent incompatibil\u0103 cu tematica legat\u0103 de mediu, ofer\u0103 modalit\u0103\u0163i specifice de realizare a educa\u0163iei ecologice. Spre exemplu, capitolul <em>Elemente de geometrie<\/em> ofer\u0103 posibilitatea recuper\u0103rii, refolosirii h\u00e2rtiei prin decuparea unor figure geometrice desenate pe resturi de h\u00e2rtie, construirea unor corpuri geometrice din resturi de carton. Prin compunerea \u015fi rezolvarea unor probleme, elevii pot fi pu\u015fi \u00een situa\u0163ia de a evalua \u00een cifre exacte efecte ale ac\u0163iunii necontrolate a omului asupra naturii (Afla\u0163i aria suprafe\u0163ei defri\u015fate abuziv, \u015ftiind c\u0103 1500 de arbori au fost dobor\u00e2\u0163i pe lungimea terenului dreptunghiular \u015fi 300 pe l\u0103\u0163ime, iar distan\u0163a dintre arbori era de 1m).<\/p>\n\n\n\n<p>\u015etiin\u0163e este disciplina prin studiul c\u0103reia copilul dob\u00e2nde\u015fte \u00een mod organizat cuno\u015ftin\u0163e cu privire la mediul \u00eenconjur\u0103tor, la componentele acestuia, la poluare \u015fi consecin\u0163e pe termen scurt \u015fi pe termen lung, la modalit\u0103\u0163ile de prevenire a degrad\u0103rilor \u015fi la ac\u0163iunile de ecologizare. Valen\u0163ele educative ale unor lec\u0163ii precum: \u201eCe este solul?\u201d, \u201eCe este apa?\u201d, \u201eCe este aerul?\u201d, \u201eDe ce exist\u0103 vie\u0163uitoare pe cale de dispari\u0163ie?\u201d, \u201eAdaptarea plantelor \u015fi animalelor la mediu\u201d, \u201eMedii de via\u0163\u0103\u201d, pot fi puse \u00een valoare prin diverse modalit\u0103\u0163i: plantarea \u015fi \u00eengrijirea plantelor din clas\u0103, din curtea \u015fcolii; activit\u0103\u0163i de observare \u00een gr\u0103dini \u015fi livezi; observarea p\u0103durii \u00een anotimpuri diferite; completarea portofoliilor cu informa\u0163ii din mass media prezent\u00e2nd cazuri grave de poluare, de salvare a vie\u0163uitoarelor \u00een \u00eemprejur\u0103ri critice; participarea la ac\u0163iuni de ecologizare a unor zone.<\/p>\n\n\n\n<p>Educa\u0163ia civic\u0103 are un rol aparte datorit\u0103 contribu\u0163iei la dezvoltarea con\u015ftiin\u0163ei legate de protec\u0163ia mediului, la \u00een\u0163elegerea comportamentelor adecvate anumitor condi\u0163ii \u015fi situa\u0163ii. Elaborarea \u015fi discutarea unor studii de caz care s\u0103 ilustreze rela\u0163iile dintre om \u015fi plante sau om \u015fi animale; realizarea unor scurte povestiri pornind de la o situa\u0163ie dat\u0103, de la un comportament potrivit sau nepotrivit fa\u0163\u0103 de mediu; discutarea \u00eenc\u0103lc\u0103rii dreptului la s\u0103n\u0103tate atunci c\u00e2nd copiii tr\u0103iesc \u00eentr-un ora\u015f poluat; discutarea unor cazuri reale sau imaginate care solicit\u0103 decizie \u015fi exprimarea p\u0103rerilor personale \u2013 sunt modalit\u0103\u0163i de educare \u00een spirit ecologic.<\/p>\n\n\n\n<p>Eviden\u0163ierea rolului p\u0103durilor \u015fi apelor, a \u00eentregii naturi \u00een luptele duse de rom\u00e2ni \u00eempotriva cotropitorilor, dau posibilitatea abord\u0103rii mediului ca factor determinant al vie\u0163ii oamenilor. Astfel \u015fi disciplina Istorie contribuie la educa\u0163ia ecologic\u0103.<\/p>\n\n\n\n<p>Geografia este disciplina care pune elevii \u00een situa\u0163ia de a observa marea complexitate a fenomenelor naturale, leg\u0103tura \u015fi interdependen\u0163a dintre acestea. Studierea unor aspecte referitoare la poluarea mediului din diverse zone; aplicarea unor modalit\u0103\u0163i de prevenire a degrad\u0103rilor (amplasarea de co\u015furi \u00een parcuri \u015fi zone turistice, plantarea de arbori, protejarea surselor de ap\u0103); \u00eentre\u0163inerea zonei \u00een care se afl\u0103 \u015fcoala prin \u00eengrijirea spa\u0163iilor verzi, a copacilor; excursiile, reprezint\u0103 activit\u0103\u0163i de cunoa\u015ftere \u015fi protejare a naturii.<\/p>\n\n\n\n<p>Educa\u0163ia plastic\u0103 \u015fi abilit\u0103\u0163ile practice ofer\u0103 posibilitatea refolosirii unor materiale (h\u00e2rtie, mase plastice, sticl\u0103, de\u015feuri textile) \u015fi punerea \u00een valoare a creativit\u0103\u0163ii copiilor prin lucr\u0103ri cu teme legate de natur\u0103. Desenele, colajele, afi\u015fele cu mesaj ecologic \u00eenbin\u0103 informa\u0163ia \u015ftiin\u0163ific\u0103 \u015fi latura estetic\u0103.<\/p>\n\n\n\n<p>Educa\u0163ia muzical\u0103 reu\u015fe\u015fte, prin \u00eenv\u0103\u0163area unor c\u00e2ntece despre plante \u015fi animale, s\u0103 aduc\u0103 elevii mai aproape de natur\u0103, s\u0103 transforme mediul \u00eentr-un loc prietenos.<\/p>\n\n\n\n<p>Disciplinele op\u0163ionale constituie o alternativ\u0103 ce ofer\u0103 \u00eenv\u0103\u0163\u0103torului prilejul de a aborda problema mediului ca pe o component\u0103 esen\u0163ial\u0103 a educa\u0163iei \u015fi dau posibilitatea \u00eensu\u015firii cuno\u015ftin\u0163elor \u00eentr-un mod pl\u0103cut \u015fi util.<\/p>\n\n\n\n<p>Pornind de la ideea abord\u0103rii interdisciplinare a problemelor legate de mediu, \u00een decursul unei s\u0103pt\u0103m\u00e2ni putem realiza chiar proiecte cu tematic\u0103 ecologic\u0103: \u201eP\u0103durea, prietena mea\u201d, \u201eUn mediu s\u0103n\u0103tos este \u015fi responsabilitatea ta!, \u201eOmul, prieten \u015fi du\u015fman al naturii\u201d, \u201eP\u0103m\u00e2ntul, casa noastr\u0103\u201d. Elabor\u00e2nd minu\u0163ios planurile, tematica; aleg\u00e2nd bine metodele \u015fi mijloacele; adapt\u00e2nd subiectele supuse aten\u0163iei caracteristicilor disciplinelor didactice, vom putea dedica mediului aten\u0163ia cuvenit\u0103 \u015fi vom stimula atitudinea responsabil\u0103 a copiilor fa\u0163\u0103 de tot ceea ce \u00eei \u00eenconjoar\u0103.<\/p>\n\n\n\n<p>Este important s\u0103 preciz\u0103m elevilor faptul c\u0103 natura a fost \u00een toate timpurile \u015fi o surs\u0103 de inspira\u0163ie poetic\u0103 pentru m\u00e2nuitorii condeiului \u015fi penelului. Dar ea n-a fost numai muza inspiratoare a artelor culte, ci a constituit izvorul cel mai de pre\u0163 al arti\u015ftilor populari. La toate popoarele, obiectele de uz casnic (vase, \u0163es\u0103turi, cus\u0103turi, m\u00e2nerele unor obiecte, sunt \u00eempodobite cu motive vegetale. La noi \u00een \u0163ar\u0103, \u00een diferite regiuni se \u00eempletesc motivele vegetale cu cele animale. Exist\u0103 o preocupare la nivel mondial ca \u00een arta vestimentar\u0103 s\u0103 nu se mai foloseasc\u0103 bl\u0103nuri de animale naturale, ci artificiale. Motivele vegetale \u015fi animale se \u00eent\u00e2lnesc \u00een desenele vitraliilor unor m\u0103n\u0103stiri; pe por\u0163ile de lemn sculptate de arti\u015fti populari, pe br\u00e2iele de broderie \u00een piatr\u0103 a bisericilor. Ca exemplu, le-am evocat biserica \u201eTrei Ierarhi\u201d din Ia\u015fi.<\/p>\n\n\n\n<p>Abordarea aceluia\u015fi subiect \u00een cadrul diferitelor discipline, din alt\u0103 perspectiv\u0103, cu alte mijloace; sintetizarea final\u0103 a ideilor desprinse \u015fi g\u0103sirea solu\u0163iilor, vor face ca latura informativ\u0103 \u015fi latura formativ\u0103 a activit\u0103\u0163ilor s\u0103 se armonizeze, iar finalitatea s\u0103 fie cea a\u015fteptat\u0103.<\/p>\n\n\n\n<p>\u015ecoala are obliga\u0163ia de a organiza o vie \u015fi sus\u0163inut\u0103 mi\u015fcare de ocrotire a mediului, iar elevii pot s\u0103 formeze marele deta\u015fament de ap\u0103r\u0103tori ai naturii. Adev\u0103rata educa\u0163ie \u00een materie de ecologie \u00ee\u015fi va atinge scopul c\u00e2nd se va reu\u015fi ca elevii s\u0103 fie convin\u015fi de necesitatea ocrotirii naturii \u015fi vor deveni factori activi \u00een ac\u0163iunea de conciliere a omului cu natura. Educa\u0163ia cu privire la mediu trebuie s\u0103 dezvolte la nivelul \u00eentregii popula\u0163ii atitudini de respect \u015fi responsabilitate fa\u0163\u0103 de resursele naturale \u00een vederea ocrotirii lor.<\/p>\n\n\n\n<p>Pentru atingerea acestui \u0163el, o importan\u0163\u0103 deosebit\u0103 o are sistemul educa\u0163ional. Acest sistem este menit s\u0103 dezvolte con\u015ftiin\u0163a ecologic\u0103 a oamenilor, \u00een a\u015fa fel \u00eenc\u00e2t fiecare membru al societ\u0103\u0163ii s\u0103 devin\u0103 con\u015ftient de locul \u015fi rolul s\u0103u \u00een natur\u0103 \u015fi societate.<\/p>\n\n\n\n<p>Omul epuizeaz\u0103 resursele energetice din natur\u0103 \u015fi accelereaz\u0103 procesele antropice. \u00cenc\u0103 de la apari\u0163ia sa pe Terra, \u201eHomo sapiens\u201d a influen\u0163at mediul natural \u00een sensul dorit de el, pentru a-\u015fi asigura protec\u0163ie, hran\u0103, c\u0103ldur\u0103, deci supravie\u0163uirea \u015fi dezvoltarea. Ac\u0163iunea de ocrotire a naturii se poate realiza pe deplin numai prin asocierea m\u0103surilor juridice \u015fi adminitrative cu cele educa\u0163ionale.<\/p>\n\n\n\n<p>Schimbarea mentalit\u0103\u0163ii oamenilor nu este u\u015foar\u0103, dar f\u0103r\u0103 o educa\u0163ie \u00een acest sens, orice ac\u0163iune de ocrotire a mediului este supus\u0103 e\u015fecului. Educa\u0163ia \u00een domeniul ocrotirii naturii trebuie s\u0103 \u00eenceap\u0103 din fraged\u0103 copil\u0103rie \u015fi s\u0103 fie continuat\u0103 \u00een tot timpul anilor de \u015fcoal\u0103, c\u00e2t \u015fi \u00een afara \u015fcolii.<\/p>\n\n\n\n<p>Ceasul de fa\u0163\u0103 ne cere st\u0103ruitor s\u0103 convertim nostalgia vag\u0103 \u00eentr-o con\u015ftiin\u0163\u0103 general\u0103 ferm\u0103, activ\u0103, de comuniune cu structura \u015fi dinamica naturii, a c\u0103rei ocrotire nu mai este o problem\u0103 a naturali\u015ftilor, ci a omului \u00eensu\u015fi.<\/p>\n\n\n\n<p><strong><em>PIPP. Camelia Elena MIHALACHE<\/em><\/strong><\/p>\n\n\n\n<p><strong><em>Colegiul Tehnologic \u201eSpiru Haret\u201d Piatra-Neam\u0163<\/em><\/strong><\/p>\n\n\n\n<p><strong>Bibliografie<\/strong><\/p>\n\n\n\n<p>Mohan Gh., Ardelean A. <em>Ecologie \u015fi protec\u0163ia mediului<\/em>, Ed. Scaiul, Bucure\u015fti, 1993<\/p>\n\n\n\n<p>Neac\u015fu P. Olteanu I. <em>Ecologia<\/em>, Tipografia Universit\u0103\u0163ii din Craiova, 1996<\/p>\n\n\n\n<p>Mohan Gh., Neac\u015fu P. <em>Teorii, legi, ipoteze \u015fi concep\u0163ii \u00een biologie<\/em>, Ed. Scaiul, Bucure\u015fti, 1992.<\/p>\n\n\n\n<p><strong><em>Rubric\u0103 coordonat\u0103 de prof. Elena-Roxana IRINA \u2013 CCD Neam\u0163<\/em><\/strong><\/p>\n","protected":false},"excerpt":{"rendered":"<p>Nu P\u0103m\u00e2ntul apar\u0163ine omului, ci omul apar\u0163ine p\u0103m\u00e2ntului. (Sieux Seattle) Dac\u0103 pentru genera\u0163iile mature \u015fi cele v\u00e2rst\u00adnice schimbarea mentalit\u0103\u0163ii reprezint\u0103 un proces \u00eendelungat \u015fi sinuos, o problem\u0103 educa\u0163ional\u0103 de prim ordin este cea referitoare la percep\u0163ia adolescen\u0163ilor, a tinerilor cu&hellip;<\/p>\n<p class=\"more-link-p\"><a class=\"more-link\" href=\"http:\/\/www.slineamt.ro\/apostolul\/pasi-spre-europa\/educatia-ecologica-perspective-de-abordare-interdisciplinara\/\">Read more &rarr;<\/a><\/p>\n","protected":false},"author":1,"featured_media":0,"comment_status":"open","ping_status":"closed","sticky":false,"template":"","format":"standard","meta":{"footnotes":""},"categories":[9,486],"tags":[],"class_list":["post-26243","post","type-post","status-publish","format-standard","hentry","category-pasi-spre-europa","category-276-octombrie-2024"],"_links":{"self":[{"href":"http:\/\/www.slineamt.ro\/apostolul\/wp-json\/wp\/v2\/posts\/26243","targetHints":{"allow":["GET"]}}],"collection":[{"href":"http:\/\/www.slineamt.ro\/apostolul\/wp-json\/wp\/v2\/posts"}],"about":[{"href":"http:\/\/www.slineamt.ro\/apostolul\/wp-json\/wp\/v2\/types\/post"}],"author":[{"embeddable":true,"href":"http:\/\/www.slineamt.ro\/apostolul\/wp-json\/wp\/v2\/users\/1"}],"replies":[{"embeddable":true,"href":"http:\/\/www.slineamt.ro\/apostolul\/wp-json\/wp\/v2\/comments?post=26243"}],"version-history":[{"count":1,"href":"http:\/\/www.slineamt.ro\/apostolul\/wp-json\/wp\/v2\/posts\/26243\/revisions"}],"predecessor-version":[{"id":26245,"href":"http:\/\/www.slineamt.ro\/apostolul\/wp-json\/wp\/v2\/posts\/26243\/revisions\/26245"}],"wp:attachment":[{"href":"http:\/\/www.slineamt.ro\/apostolul\/wp-json\/wp\/v2\/media?parent=26243"}],"wp:term":[{"taxonomy":"category","embeddable":true,"href":"http:\/\/www.slineamt.ro\/apostolul\/wp-json\/wp\/v2\/categories?post=26243"},{"taxonomy":"post_tag","embeddable":true,"href":"http:\/\/www.slineamt.ro\/apostolul\/wp-json\/wp\/v2\/tags?post=26243"}],"curies":[{"name":"wp","href":"https:\/\/api.w.org\/{rel}","templated":true}]}}