{"id":26253,"date":"2024-10-22T08:02:19","date_gmt":"2024-10-22T08:02:19","guid":{"rendered":"https:\/\/www.slineamt.ro\/apostolul\/?p=26253"},"modified":"2024-10-22T08:02:19","modified_gmt":"2024-10-22T08:02:19","slug":"efecte-pozitive-ale-acreditarilor-erasmus-pe-domeniul-formarii-profesionale-vet","status":"publish","type":"post","link":"http:\/\/www.slineamt.ro\/apostolul\/pasi-spre-europa\/efecte-pozitive-ale-acreditarilor-erasmus-pe-domeniul-formarii-profesionale-vet\/","title":{"rendered":"Efecte pozitive ale Acredit\u0103rilor Erasmus + pe domeniul form\u0103rii profesionale (VET)"},"content":{"rendered":"<div class=\"wp-block-image\">\n<figure class=\"alignleft size-full is-resized\"><a href=\"http:\/\/www.slineamt.ro\/apostolul\/wp-content\/uploads\/2024\/10\/12-ap276-foto1.jpg\"><img loading=\"lazy\" decoding=\"async\" width=\"454\" height=\"316\" src=\"http:\/\/www.slineamt.ro\/apostolul\/wp-content\/uploads\/2024\/10\/12-ap276-foto1.jpg\" alt=\"\" class=\"wp-image-26254\" style=\"width:427px;height:auto\" srcset=\"http:\/\/www.slineamt.ro\/apostolul\/wp-content\/uploads\/2024\/10\/12-ap276-foto1.jpg 454w, http:\/\/www.slineamt.ro\/apostolul\/wp-content\/uploads\/2024\/10\/12-ap276-foto1-300x209.jpg 300w, http:\/\/www.slineamt.ro\/apostolul\/wp-content\/uploads\/2024\/10\/12-ap276-foto1-260x181.jpg 260w, http:\/\/www.slineamt.ro\/apostolul\/wp-content\/uploads\/2024\/10\/12-ap276-foto1-160x111.jpg 160w\" sizes=\"auto, (max-width: 454px) 100vw, 454px\" \/><\/a><\/figure>\n<\/div>\n\n\n<p>Dup\u0103 cum foarte mul\u0163i dintre noi \u015ftim deja, Erasmus+ reprezint\u0103 cel mai considerabil program educa\u0163ional al Uniunii Europene, fiind gestionat \u00een Rom\u00e2nia de Agen\u0163ia Na\u0163ional\u0103 pentru Programe Comunitare \u00een Domeniul Educa\u0163iei \u015fi Form\u0103rii Profesionale (ANPCDEFP). Pentru a se asigura de buna \u00een\u0163elegere a exigen\u0163elor europene privind desf\u0103\u015furarea acestui program, ANPCDEFP pune la dispozi\u0163ia beneficiarilor informa\u0163ii prin intermediul site-ului propriu, dar organizeaz\u0103 periodic \u015fi sesiuni de informare \u015fi consiliere online sau fa\u0163\u0103 \u00een fa\u0163\u0103. O asemenea \u00eent\u00e2lnire a avut loc pe data de 10 octombrie 2024 la sediul ANPCDEFP din Bucure\u015fti, pentru coordonatorii proiectelor de acreditarea afla\u0163i \u00een primul \u015fi al doilea an de implementare.<\/p>\n\n\n\n<p>Am participat \u015fi eu la aceast\u0103 reuniune \u00een calitate de coordonator al acredit\u0103rii la Liceului Economic \u201eAlexandru Ioan Cuza\u201d din Piatra-Neam\u0163 \u015fi, pe l\u00e2ng\u0103 ceea ce ne-au transmis organizatorii, legat de ciclul de via\u0163\u0103 al unui proiect, implementarea unui proiect de succes, documentele de mobilitate \u015fi aspectele financiare, m-a interesat s\u0103 schimb opinii \u015fi cu ceilal\u0163i colegi sosi\u0163i din toat\u0103 \u0163ara. I-am provocat astfel la exprimarea unor p\u0103reri cu privire la avantajele oferite de programele Erasmus + pe domeniul form\u0103rii profesionale (VET) pentru \u015fcoala lor, adic\u0103 pentru elevi, profesori \u015fi echipa managerial\u0103.<\/p>\n\n\n\n<p><em>Am derulat dou\u0103 proiecte pe termen scurt, apoi am aplicat pentru acreditare. Suntem \u00een anul doi al acredit\u0103rii pentru domeniul economic \u015fi turism. Pentru \u015fcoala noastr\u0103 impactul a fost miraculos mai ales asupra cifrei de \u015fcolarizare, deoarece ca urmare a ecourilor mobilit\u0103\u0163ilor \u00een comunitatea noastr\u0103, anul acesta am reu\u015fit s\u0103 facem dou\u0103 clase cu profil economic \u015fi dou\u0103 clase cu profil turism. \u00cen anii anteriori aveam doar o clas\u0103 \u015fi jum\u0103tate de economic \u015fi jum\u0103tate de clas\u0103 de turism. Aceast\u0103 cre\u015ftere s-a produs deoarece elevii sunt foarte atra\u015fi de aceste mobilit\u0103\u0163i \u00een str\u0103in\u0103tate \u015fi s-a dus vestea \u00een t\u00e2rg \u015fi pe valea Trotu\u015fului (avem foarte mul\u0163i elevi din mediul rural). Noi am promovat intens aceste programe Erasmus+ \u015fi rezultatele lor prin protocoale pe care le-am \u00eencheiat cu \u015fcolile generale, \u00een ac\u0163iunile de popularizare a ofertei noastre educa\u0163ionale, inclusiv \u00een mediul de afaceri.(&#8230;) Este un pas \u00eenainte pentru \u015fcoala noastr\u0103 iar Inspectoratul \u015ecolar apreciaz\u0103 aceste ac\u0163iuni. Noi mai avem \u015fi alte proiecte dar acestea au farmecul lor pentru c\u0103 se merge \u00een str\u0103in\u0103tate \u015fi elevii au ocazia s\u0103 vad\u0103 alte condi\u0163ii de via\u0163\u0103, de munc\u0103. Se \u00eentorc transforma\u0163i&#8230;<\/em> \u2013 ne-a m\u0103rturisit <strong>profesor Ionela Sandu, coordonator acreditare VET la Colegiul Tehnic \u201eGheorghe Asachi\u201d din One\u015fti<\/strong>.<\/p>\n\n\n\n<p><strong>Tatiana Bala\u015f \u2013 profesor la Liceul \u201eHenri Coand\u0103\u201d din Buz\u0103u<\/strong> spune: <em>Suntem \u00een primul an de acreditare dar am avut un proiect pe termen scurt care ne-a ambi\u0163ionat s\u0103 ob\u0163inem \u015fi acreditarea. Elevii no\u015ftri \u015fi-au dorit \u015fi s-au bucurat s\u0103 aib\u0103 parte de acest\u0103 experien\u0163\u0103 de a face practic\u0103 \u00eentr-un mediu nou, tehnologizat, digitalizat, \u015fi i-a interesat s\u0103 observe ce oportunit\u0103\u0163i au cei de v\u00e2rsta lor din str\u0103in\u0103tate. Pentru profesori au fost momente ale compara\u0163iei \u015fi bilan\u0163ului pentru c\u0103 au v\u0103zut ce avem noi \u015fi ce au al\u0163ii \u015fi bine\u00een\u0163eles c\u0103 \u015fi noi ne dorim s\u0103 ajungem la standardele lor \u015fi s\u0103 le putem oferi copiilor \u00een Rom\u00e2nia stagii de practic\u0103 conforme cu cerin\u0163ele pie\u0163ei muncii din Uniunea European\u0103. Pentru echipa managerial\u0103 este o m\u00e2ndrie, pentru c\u0103 atunci c\u00e2nd vine vorba de promovarea ofertei educa\u0163ionale primul lucru pe care \u00eel spunem, at\u00e2t poten\u0163ialilor elevi c\u00e2t \u015fi p\u0103rin\u0163ilor lor este legat de aceast\u0103 oportunitate de a face stagiile de practic\u0103 \u00eentr-o \u0163ar\u0103 european\u0103<\/em>.<\/p>\n\n\n\n<p>De la <strong>Liceul de Agricultur\u0103 \u015fi Industria Alimentar\u0103 Odobe\u015fti<\/strong> am stat de vorb\u0103 cu <strong>profesor Narcisa Marin<\/strong>: <em>Consider ca acreditarea este un mare avantaj pentru \u015fcoal\u0103, \u00een primul r\u00e2nd pentru c\u0103 ofer\u0103 predictibilitate pentru ceea ce vei face p\u00e2n\u0103 la finalul programului, adic\u0103 ai cumva garan\u0163ia c\u0103 vei avea proiecte \u015fi \u00een anii urm\u0103tori. Copiii \u00eencep s\u0103 \u00eenve\u0163e mai mult \u015fi sunt mai interesa\u0163i de \u015fcoal\u0103 pentru c\u0103 \u00ee\u015fi doresc s\u0103 prind\u0103 un loc \u00een mobilit\u0103\u0163i \u015fi s\u0103 tr\u0103iasc\u0103 o experien\u0163\u0103 european\u0103. Pe de alt\u0103 parte la nivelul comunit\u0103\u0163ii cre\u015fte renumele \u015fcolii, ceea ce ne ajut\u0103 s\u0103 atragem c\u00e2t mai mul\u0163i elevi. Acreditarea contribuie foarte mult la diminuarea abandonului \u015fcolar, \u00een special pentru elevii de profesional\u0103 care doresc s\u0103 continue \u015fcoala la liceu pentru a mai beneficia de stagii \u00een str\u0103in\u0103tate, c\u00e2t \u015fi pentru cei de clasa a IX-a, care, chiar dac\u0103 provin din familii defavorizate, se ambi\u0163ioneaz\u0103 s\u0103 \u00eenve\u0163e, deoarece \u00ee\u015fi doresc s\u0103 plece m\u0103car o dat\u0103 \u00eentr-un stagiu de preg\u0103tire profesional\u0103. Pentru profesorii care particip\u0103 la activit\u0103\u0163i de job shadowing este o experien\u0163\u0103 foarte bun\u0103 pentru c\u0103 au posibilitatea de a observa cum se fac lucrurile \u00een \u015fcolile din str\u0103in\u0103tate, de a \u00eenv\u0103\u0163a tehnici noi de lucru cu copiii \u015fi de a implementa apoi \u00een \u015fcoal\u0103, prin lec\u0163ii demonstrative sau alte modalit\u0103\u0163i, aceste noi achizi\u0163ii. Diseminarea s-a f\u0103cut \u015fi la cercurile pedagogice, deci la nivel jude\u0163ean, unde s-a discutat despre nout\u0103\u0163ile descoperite \u015fi care pot fi aplicate \u015fi la noi<\/em>.<\/p>\n\n\n\n<p>Prin intermediul <strong>Danielei R\u0103duc\u0103nescu, profesor la Liceul Tehnologic Special \u201eVasile Pavelcu\u201d din Ia\u015fi<\/strong> am aflat cum programul poate avea efecte pozitive \u015fi la \u015fcoli speciale: <em>Noi avem dubl\u0103 acreditare, \u015fi pe domeniul educa\u0163iei \u015fcolare (SCH) si pe domeniul form\u0103rii profesionale (VET), \u015fi asta este un mare c\u00e2\u015ftig pentru \u015fcoal\u0103, pentru c\u0103 ne-a scos din anonimat \u015fi ne-a ajutat s\u0103 ne cre\u0103m o re\u0163ea interna\u0163ional\u0103 de colaborare. (&#8230;) Noi suntem o \u015fcoal\u0103 special\u0103 pentru copii cu dizabilit\u0103\u0163i auditive, cu dizabilit\u0103\u0163i mintale \u015fi cu dizabilit\u0103\u0163i asociate. Ace\u015fti copii, de obicei nu au \u00eencredere \u00een ei dar \u00een momentul \u00een care merg la practic\u0103 \u00een str\u0103in\u0103tate \u015fi se simt \u00eencuraja\u0163i, \u00eenregistreaz\u0103 o schimbare de atitudine. Pot da exemplu a doi elevi care au lucrat \u00een construc\u0163ii iar la \u00eentoarcerea \u00een \u0163ar\u0103 mi-au spus c\u0103 patronul din str\u0103in\u0103tate \u00eei a\u015fteapt\u0103 s\u0103 termine \u015fcoala pentru a-i angaja, pentru c\u0103 au f\u0103cut treab\u0103 bun\u0103 \u015fi au ascultat instruc\u0163iunile. Iar lucruri ca acesta \u00eenseamn\u0103 foarte mult pentru acest segment de elevi, care de multe ori se simt stigmatiza\u0163i<\/em>.<\/p>\n\n\n\n<p>Devine clar, \u00een lumina opiniilor exprimate, cum ajutorul oferit de Uniunea European\u0103 prin fina\u0163area acestor programe transform\u0103 viziuni \u015fi mentalit\u0103\u0163i prin educa\u0163ie, ajut\u0103 le dep\u0103\u015firea unor limite, dezvolt\u0103 spiritul apartenen\u0163ei comunitare, ne ajut\u0103 s\u0103 devenim cet\u0103\u0163eni europeni.<\/p>\n\n\n\n<p><strong><em>Prof. Gianina BURUIAN\u0102<\/em><\/strong><\/p>\n\n\n\n<p><strong><em>Liceul Economic \u201eAlexandru Ioan Cuza\u201d, Piatra-Neam\u0163<\/em><\/strong><\/p>\n","protected":false},"excerpt":{"rendered":"<p>Dup\u0103 cum foarte mul\u0163i dintre noi \u015ftim deja, Erasmus+ reprezint\u0103 cel mai considerabil program educa\u0163ional al Uniunii Europene, fiind gestionat \u00een Rom\u00e2nia de Agen\u0163ia Na\u0163ional\u0103 pentru Programe Comunitare \u00een Domeniul Educa\u0163iei \u015fi Form\u0103rii Profesionale (ANPCDEFP). Pentru a se asigura de&hellip;<\/p>\n<p class=\"more-link-p\"><a class=\"more-link\" href=\"http:\/\/www.slineamt.ro\/apostolul\/pasi-spre-europa\/efecte-pozitive-ale-acreditarilor-erasmus-pe-domeniul-formarii-profesionale-vet\/\">Read more &rarr;<\/a><\/p>\n","protected":false},"author":1,"featured_media":0,"comment_status":"open","ping_status":"closed","sticky":false,"template":"","format":"standard","meta":{"footnotes":""},"categories":[9,486],"tags":[],"class_list":["post-26253","post","type-post","status-publish","format-standard","hentry","category-pasi-spre-europa","category-276-octombrie-2024"],"_links":{"self":[{"href":"http:\/\/www.slineamt.ro\/apostolul\/wp-json\/wp\/v2\/posts\/26253","targetHints":{"allow":["GET"]}}],"collection":[{"href":"http:\/\/www.slineamt.ro\/apostolul\/wp-json\/wp\/v2\/posts"}],"about":[{"href":"http:\/\/www.slineamt.ro\/apostolul\/wp-json\/wp\/v2\/types\/post"}],"author":[{"embeddable":true,"href":"http:\/\/www.slineamt.ro\/apostolul\/wp-json\/wp\/v2\/users\/1"}],"replies":[{"embeddable":true,"href":"http:\/\/www.slineamt.ro\/apostolul\/wp-json\/wp\/v2\/comments?post=26253"}],"version-history":[{"count":1,"href":"http:\/\/www.slineamt.ro\/apostolul\/wp-json\/wp\/v2\/posts\/26253\/revisions"}],"predecessor-version":[{"id":26255,"href":"http:\/\/www.slineamt.ro\/apostolul\/wp-json\/wp\/v2\/posts\/26253\/revisions\/26255"}],"wp:attachment":[{"href":"http:\/\/www.slineamt.ro\/apostolul\/wp-json\/wp\/v2\/media?parent=26253"}],"wp:term":[{"taxonomy":"category","embeddable":true,"href":"http:\/\/www.slineamt.ro\/apostolul\/wp-json\/wp\/v2\/categories?post=26253"},{"taxonomy":"post_tag","embeddable":true,"href":"http:\/\/www.slineamt.ro\/apostolul\/wp-json\/wp\/v2\/tags?post=26253"}],"curies":[{"name":"wp","href":"https:\/\/api.w.org\/{rel}","templated":true}]}}