{"id":26262,"date":"2024-10-22T08:11:12","date_gmt":"2024-10-22T08:11:12","guid":{"rendered":"https:\/\/www.slineamt.ro\/apostolul\/?p=26262"},"modified":"2024-10-22T08:11:12","modified_gmt":"2024-10-22T08:11:12","slug":"programul-erasmus-o-oportunitate-fructificata-de-colegiul-tehnic-de-transporturi-din-piatra-neamt","status":"publish","type":"post","link":"http:\/\/www.slineamt.ro\/apostolul\/pasi-spre-europa\/programul-erasmus-o-oportunitate-fructificata-de-colegiul-tehnic-de-transporturi-din-piatra-neamt\/","title":{"rendered":"Programul Erasmus+, o oportunitate fructificat\u0103 de Colegiul Tehnic de Transporturi din Piatra-Neam\u0163"},"content":{"rendered":"<div class=\"wp-block-image\">\n<figure class=\"alignleft size-full is-resized\"><a href=\"http:\/\/www.slineamt.ro\/apostolul\/wp-content\/uploads\/2024\/10\/10-ap276-foto1.jpg\"><img loading=\"lazy\" decoding=\"async\" width=\"454\" height=\"232\" src=\"http:\/\/www.slineamt.ro\/apostolul\/wp-content\/uploads\/2024\/10\/10-ap276-foto1.jpg\" alt=\"\" class=\"wp-image-26263\" style=\"width:424px;height:auto\" srcset=\"http:\/\/www.slineamt.ro\/apostolul\/wp-content\/uploads\/2024\/10\/10-ap276-foto1.jpg 454w, http:\/\/www.slineamt.ro\/apostolul\/wp-content\/uploads\/2024\/10\/10-ap276-foto1-300x153.jpg 300w, http:\/\/www.slineamt.ro\/apostolul\/wp-content\/uploads\/2024\/10\/10-ap276-foto1-260x133.jpg 260w, http:\/\/www.slineamt.ro\/apostolul\/wp-content\/uploads\/2024\/10\/10-ap276-foto1-160x82.jpg 160w\" sizes=\"auto, (max-width: 454px) 100vw, 454px\" \/><\/a><\/figure>\n<\/div>\n\n\n<p>Cu bucurie am constatat c\u0103, de la an la an, tot mai multe unit\u0103\u0163i \u015fcolare din jude\u0163ul nostru acceseaz\u0103 programul Erasmus+ \u015fi implementeaz\u0103 cu succes diferite tipuri de proiecte \u00een cadrul acestuia.<\/p>\n\n\n\n<p>Proiectele de educa\u0163ie \u015fi formare profesional\u0103 (VET) finan\u0163ate prin programul Erasmus+ sunt implementate de tot mai multe unit\u0103\u0163i \u015fcolare de \u00eenv\u0103\u0163\u0103m\u00e2nt profesional \u015fi tehnic din jude\u0163ul Neam\u0163, pentru a cre\u015fte calitatea preg\u0103tirii profesionale a elevilor \u015fi profesorilor.<\/p>\n\n\n\n<p>\u00cen perioada 2-4 septembrie 2024, al\u0103turi de inspectorii \u015fcolari pentru \u00eenv\u0103\u0163\u0103m\u00e2ntul profesional \u015fi tehnic din \u00eentreaga \u0163ar\u0103, am participat la un atelier na\u0163ional desf\u0103\u015furat \u00een proiectul Echipa Na\u0163ional\u0103 VET, implementat de A.N.P.C.D.E.F.P. \u015fi C.N.D.I.P.T. \u00een cadrul programul Erasmus+ (2021-2027). S-a prezentat evolu\u0163ia proiectelor VET \u015fi, pornind de la aceasta, s-au propus solu\u0163ii pentru cre\u015fterea num\u0103rului de unit\u0103\u0163i \u015fcolare de \u00eenv\u0103\u0163\u0103m\u00e2nt profesional \u015fi tehnic care s\u0103 acceseze acest tip de proiecte. M\u0103rturisesc c\u0103 am sim\u0163it o mare bucurie \u015fi chiar m\u00e2ndrie c\u00e2nd am constatat c\u0103 jude\u0163ul Neam\u0163 se situeaz\u0103 printre primele din \u0163ar\u0103 \u00een ceea ce prive\u015fte num\u0103rul de proiecte implementate \u015fi num\u0103rul de unit\u0103\u0163i \u015fcolare care au acreditare pentru proiectele VET din programul Erasmus+.<\/p>\n\n\n\n<p>Unitatea \u015fcolar\u0103 \u00een care sunt profesor titular, Colegiul Tehnic de Transporturi din Piatra-Neam\u0163, a ob\u0163inut acreditarea \u00een urm\u0103 cu doi ani (cod acreditare 2022-1-RO01-KA121-VET-000054836) \u015fi am constatat \u00eembun\u0103t\u0103\u0163irea vie\u0163ii \u015fcolii, cre\u015fterea atractivit\u0103\u0163ii ofertei sale educa\u0163ionale \u015fi sporirea motiva\u0163iei elevilor pentru propria formare.<\/p>\n\n\n<div class=\"wp-block-image\">\n<figure class=\"alignright size-full is-resized\"><a href=\"http:\/\/www.slineamt.ro\/apostolul\/wp-content\/uploads\/2024\/10\/10-ap276-foto2.jpg\"><img loading=\"lazy\" decoding=\"async\" width=\"454\" height=\"296\" src=\"http:\/\/www.slineamt.ro\/apostolul\/wp-content\/uploads\/2024\/10\/10-ap276-foto2.jpg\" alt=\"\" class=\"wp-image-26264\" style=\"width:364px;height:auto\" srcset=\"http:\/\/www.slineamt.ro\/apostolul\/wp-content\/uploads\/2024\/10\/10-ap276-foto2.jpg 454w, http:\/\/www.slineamt.ro\/apostolul\/wp-content\/uploads\/2024\/10\/10-ap276-foto2-300x196.jpg 300w, http:\/\/www.slineamt.ro\/apostolul\/wp-content\/uploads\/2024\/10\/10-ap276-foto2-260x170.jpg 260w, http:\/\/www.slineamt.ro\/apostolul\/wp-content\/uploads\/2024\/10\/10-ap276-foto2-160x104.jpg 160w\" sizes=\"auto, (max-width: 454px) 100vw, 454px\" \/><\/a><\/figure>\n<\/div>\n\n\n<p>\u00cen cel de-al doilea an al acredit\u0103rii, \u00een cadrul proiectului Erasmus+ 2023-1-RO01-KA121-VET-000122917, am participat, \u00eempreun\u0103 cu doamna director a Colegiului Tehnic de Transporturi, prof. Daniela Mih\u0103e\u015f, la cursul de formare \u201eAbord\u0103ri inovatoare ale pred\u0103rii\u201d, organizat de International Training Center la Praga \u015fi desf\u0103\u015furat \u00een perioada 13-17 mai 2024. Cursul mi-a deschis calea spre abord\u0103ri pedagogice utiliz\u00e2nd cele mai noi tehnologii de informare \u015fi comunicare, inclusiv inteligen\u0163a artificial\u0103. Aplica\u0163iile practice ale cursului mi-au dezvoltat capacitatea de a aplica tehnici de lucru cu grupuri eterogene de elevi, pentru includerea diferitelor minorit\u0103\u0163i \u00een educa\u0163ia de mas\u0103 bazat\u0103 pe valori democratice \u015fi promovarea particip\u0103rii active \u00een societate. Am \u00eenv\u0103\u0163at tehnici de a motiva, ghida \u015fi evalua eficient \u015fi eficace elevii care au rezultate \u015fcolare slabe, pentru a reduce performan\u0163a sc\u0103zut\u0103 \u00een competen\u0163ele de baz\u0103 \u00een cazul acestor elevi. Dat\u0103 fiind participarea la curs a cadrelor didactice din mai multe \u0163\u0103ri europene, cursul a presupus implicarea \u00een experien\u0163e de \u00eenv\u0103\u0163are intercultural\u0103, schimburi de idei \u015fi construirea unei re\u0163ele pentru viitoarea cooperare interna\u0163ional\u0103 \u015fi a dus la ob\u0163inerea unei \u00een\u0163elegeri mai largi a practicilor, politicilor \u015fi sistemelor de educa\u0163ie din diferite \u0163\u0103ri, cultivarea respectului reciproc, con\u015ftientizare intercultural\u0103, precum \u015fi la \u00eembun\u0103t\u0103\u0163irea abilit\u0103\u0163ilor de comunicare, \u00eembun\u0103t\u0103\u0163irea competen\u0163elor de limbi str\u0103ine.<\/p>\n\n\n\n<p>Gra\u0163ie proiectului implementat de Colegiul Tehnic de Transporturi din Piatra-Neam\u0163, prin cursul de formare absolvit, am aplicat la clas\u0103 ceea ce am \u00eenv\u0103\u0163at la curs \u015fi am constatat entuziasmul elevilor, implicarea lor activ\u0103 \u00een lec\u0163ie, cre\u015fterea motiva\u0163iei pentru \u00eenv\u0103\u0163are, ceea ce m\u0103 motiveaz\u0103 \u015fi pe mine s\u0103 continui s\u0103 \u00eenv\u0103\u0163 \u015fi s\u0103 aplic strategii didactice validate la nivel european, care dau rezultate pozitive \u00een formarea viitorilor absolven\u0163i, pentru a fi capabili s\u0103 se adapteze la dinamica pie\u0163ei muncii, la ritmul accelerat al dezvolt\u0103rii tehnologiei \u015fi pentru a avea succes socio-profesional.<\/p>\n\n\n\n<p><strong><em>Profesor Cristina ALBU-IACOB<\/em><\/strong><\/p>\n","protected":false},"excerpt":{"rendered":"<p>Cu bucurie am constatat c\u0103, de la an la an, tot mai multe unit\u0103\u0163i \u015fcolare din jude\u0163ul nostru acceseaz\u0103 programul Erasmus+ \u015fi implementeaz\u0103 cu succes diferite tipuri de proiecte \u00een cadrul acestuia. Proiectele de educa\u0163ie \u015fi formare profesional\u0103 (VET) finan\u0163ate&hellip;<\/p>\n<p class=\"more-link-p\"><a class=\"more-link\" href=\"http:\/\/www.slineamt.ro\/apostolul\/pasi-spre-europa\/programul-erasmus-o-oportunitate-fructificata-de-colegiul-tehnic-de-transporturi-din-piatra-neamt\/\">Read more &rarr;<\/a><\/p>\n","protected":false},"author":1,"featured_media":0,"comment_status":"open","ping_status":"closed","sticky":false,"template":"","format":"standard","meta":{"footnotes":""},"categories":[9,486],"tags":[],"class_list":["post-26262","post","type-post","status-publish","format-standard","hentry","category-pasi-spre-europa","category-276-octombrie-2024"],"_links":{"self":[{"href":"http:\/\/www.slineamt.ro\/apostolul\/wp-json\/wp\/v2\/posts\/26262","targetHints":{"allow":["GET"]}}],"collection":[{"href":"http:\/\/www.slineamt.ro\/apostolul\/wp-json\/wp\/v2\/posts"}],"about":[{"href":"http:\/\/www.slineamt.ro\/apostolul\/wp-json\/wp\/v2\/types\/post"}],"author":[{"embeddable":true,"href":"http:\/\/www.slineamt.ro\/apostolul\/wp-json\/wp\/v2\/users\/1"}],"replies":[{"embeddable":true,"href":"http:\/\/www.slineamt.ro\/apostolul\/wp-json\/wp\/v2\/comments?post=26262"}],"version-history":[{"count":1,"href":"http:\/\/www.slineamt.ro\/apostolul\/wp-json\/wp\/v2\/posts\/26262\/revisions"}],"predecessor-version":[{"id":26265,"href":"http:\/\/www.slineamt.ro\/apostolul\/wp-json\/wp\/v2\/posts\/26262\/revisions\/26265"}],"wp:attachment":[{"href":"http:\/\/www.slineamt.ro\/apostolul\/wp-json\/wp\/v2\/media?parent=26262"}],"wp:term":[{"taxonomy":"category","embeddable":true,"href":"http:\/\/www.slineamt.ro\/apostolul\/wp-json\/wp\/v2\/categories?post=26262"},{"taxonomy":"post_tag","embeddable":true,"href":"http:\/\/www.slineamt.ro\/apostolul\/wp-json\/wp\/v2\/tags?post=26262"}],"curies":[{"name":"wp","href":"https:\/\/api.w.org\/{rel}","templated":true}]}}