{"id":26350,"date":"2024-11-25T09:01:50","date_gmt":"2024-11-25T09:01:50","guid":{"rendered":"https:\/\/www.slineamt.ro\/apostolul\/?p=26350"},"modified":"2024-11-25T09:01:50","modified_gmt":"2024-11-25T09:01:50","slug":"aurelian-silvestru-la-75-de-ani","status":"publish","type":"post","link":"http:\/\/www.slineamt.ro\/apostolul\/cronica-literara\/aurelian-silvestru-la-75-de-ani\/","title":{"rendered":"Aurelian Silvestru \u2013 la 75 de ani"},"content":{"rendered":"<div class=\"wp-block-image\">\n<figure class=\"alignleft size-full\"><a href=\"http:\/\/www.slineamt.ro\/apostolul\/wp-content\/uploads\/2024\/11\/23-ap277-foto1.jpg\"><img loading=\"lazy\" decoding=\"async\" width=\"178\" height=\"265\" src=\"http:\/\/www.slineamt.ro\/apostolul\/wp-content\/uploads\/2024\/11\/23-ap277-foto1.jpg\" alt=\"\" class=\"wp-image-26351\" srcset=\"http:\/\/www.slineamt.ro\/apostolul\/wp-content\/uploads\/2024\/11\/23-ap277-foto1.jpg 178w, http:\/\/www.slineamt.ro\/apostolul\/wp-content\/uploads\/2024\/11\/23-ap277-foto1-160x238.jpg 160w\" sizes=\"auto, (max-width: 178px) 100vw, 178px\" \/><\/a><\/figure>\n<\/div>\n\n\n<p><em>S\u0103 plantezi suflet acolo unde el nici nu exist\u0103 \u2013 iat\u0103 adev\u0103rata menire a unui scriitor. <\/em>(<strong>Aurelian SILVESTRU<\/strong>)<\/p>\n\n\n\n<p>Doctor \u00een psihologie, pedagog, scriitor, compozitor, Aurelian Silvestru a fondat primul liceu privat de creativitate \u015fi inventic\u0103 din Chi\u015fin\u0103u \u2013 \u201ePrometeu\u201d. L-a fondat, dar l-a \u015fi zidit, a\u015fa \u00eenc\u00e2t s\u0103 se simt\u0103 bine copiii care vin aici dup\u0103 carte.<\/p>\n\n\n\n<p>Sunt zile \u00een care fiecare om \u00ee\u015fi \u201econtabilizeaz\u0103\u201d anii. La ai s\u0103i 75 de ani, Aurelian Silvestru poate spune deschis c\u0103 \u00een via\u0163a sa a construit un liceu, a \u00een\u0103l\u0163at o biseric\u0103, a elaborat manuale \u015fcolare, a scris mai multe c\u0103r\u0163i, a compus c\u00e2ntece pentru copii. \u201eCunoa\u015fte-te pe tine \u00eensu\u0163i\u201d; \u201eV\u00e2rsta barierelor\u201d; \u201eDaciada\u201d, manual de istorie pentru pre\u015fcolari, scris \u00eempreun\u0103 cu Nicolae Dabija; \u201eDincolo de imposibil\u201d; \u201eIspita nemuririi\u201d; \u201eF\u0103r\u00e2me de suflet\u201d; \u201eNoi \u015fi biografia omenirii\u201d; \u201eCel r\u0103t\u0103cit\u201d sau \u201e\u015ei tu e\u015fti singur?\u201d \u2013 sunt doar c\u00e2teva titluri ale volumelor scrise de-a lungul anilor de Aurelian Silvestru. Cel mai recent volum al s\u0103u este intitulat \u201eO carte c\u00e2t o inim\u0103\u201d \u015fi con\u0163ine aforisme de o profunzime \u015fi de o utilitate vitale. \u00centrebat despre Munc\u0103, despre Iubire, despre P\u0103rin\u0163i, despre Educa\u0163ie, despre Prietenie \u015fi despre C\u0103r\u0163i, Aurelian Silvestru r\u0103spunde cu g\u00e2ndurile sale concentrate \u00een cuvinte, adunate de-a lungul anilor \u015fi publicate recent \u00een volumul \u201eO carte c\u00e2t o inim\u0103\u201d.<\/p>\n\n\n\n<p><strong>Despre Educa\u0163ie<\/strong>: \u201eDec\u00e2t s\u0103 face\u0163i legi care condamn\u0103 omul r\u0103u, mai bine face\u0163i \u015fcoli care educ\u0103 omul bun\u201d.<\/p>\n\n\n\n<p>Pentru c\u0103 e omul care a zidit \u015fi a deschis \u015fcoli \u00een care mii de copii au \u00eenv\u0103\u0163at s\u0103 citeasc\u0103, s\u0103 scrie, s\u0103 munceasc\u0103, s\u0103 construiasc\u0103, dar \u015fi s\u0103 iubeasc\u0103, aforismele sale despre Educa\u0163ie merit\u0103 studiate laolalt\u0103 de copii, p\u0103rin\u0163i \u015fi pedagogi.<\/p>\n\n\n\n<p>\u201e\u015ecoala nu-\u0163i d\u0103 minte. Ea te \u00eenva\u0163\u0103 cum s-o folose\u015fti\/ Temelia personalit\u0103\u0163ii se pune \u00een familie. F\u0103r\u0103 cei \u015fapte ani de acas\u0103, \u015fcoala nu poate construi nimic\/ Copiii care se ceart\u0103 sunt mai pu\u0163in vinova\u0163i dec\u00e2t adul\u0163ii care nu fac nimic ca s\u0103-i \u00eempace\/ A educa \u00eenseamn\u0103 a cl\u0103di un suflet\/ Un plugar care iube\u015fte animalele este un produs al \u015fcolii mult mai valoros dec\u00e2t un general care ur\u0103\u015fte oamenii\/ Via\u0163a are doi mari \u00eenv\u0103\u0163\u0103tori: experien\u0163a altora \u015fi experien\u0163a personal\u0103. Ultima cost\u0103 mai scump\/ Copilul pedepsit pe nedrept \u0163ine minte nu morala f\u0103cut\u0103 de educator, ci nedreptatea comis\u0103 de el\/ Exist\u0103 familii \u00een care educarea copiilor trebuie \u00eenceput\u0103 cu reeducarea p\u0103rin\u0163ilor\/ Cu elevii disciplina\u0163i m\u0103 port ca un frate. Cu cei nedisciplina\u0163i \u2012 ca un p\u0103rinte\/ \u00centr-o \u015fcoal\u0103 cu adev\u0103rat bun\u0103, cel mai s\u00e2rguincios dintre elevi e profesorul\/ C\u00e2nd ne dau la brazd\u0103, profesorii ne dau \u015fi tot ce au mai bun \u00een ei\/ Un caracter greu se formeaz\u0103 u\u015for\/ Degeaba ai trecut prin \u015ecoal\u0103 dac\u0103 n-ai trecut \u015fi prin Biseric\u0103\/ Am un respect aparte pentru profesorii care \u00eei \u00eenva\u0163\u0103 pe copii s\u0103 construiasc\u0103 poduri, nu garduri\/ To\u0163i \u00eencearc\u0103 s-o dea altora. Unii o primesc. \u015ei doar foarte pu\u0163ini o au \u2012 educa\u0163ia\/ Odat\u0103, pe c\u00e2nd eram elev \u00een clasele primare, vr\u00e2nd s\u0103 m\u0103 pedepseasc\u0103 pentru nu \u015ftiu ce gre\u015feal\u0103, tata (de obicei, foarte sever cu mine) mi-a interzis s\u0103 merg a doua zi la \u015fcoal\u0103. De ce? m-am revoltat, iar d\u00e2nsul mi-a r\u0103spuns: \u00ab\u00cenv\u0103\u0163\u0103tura e un privilegiu pe care trebuie s\u0103-l meri\u0163i\u00bb\/ Dec\u00e2t s\u0103 face\u0163i legi care condamn\u0103 omul r\u0103u, mai bine face\u0163i \u015fcoli care educ\u0103 omul bun\/ Marii educatori au stof\u0103 de sfin\u0163i, o stof\u0103 ce nu se vinde nic\u0103ieri \u2012 te na\u015fti cu ea\/ Lumea este imperfect\u0103. Conteaz\u0103 \u00eens\u0103 nu cum o g\u0103se\u015fti c\u00e2nd vii, ci cum o la\u015fi c\u00e2nd pleci.\u201d<\/p>\n\n\n\n<p><strong><em>Aneta GROSU, Ziarul de Gard\u0103<\/em><\/strong><\/p>\n","protected":false},"excerpt":{"rendered":"<p>S\u0103 plantezi suflet acolo unde el nici nu exist\u0103 \u2013 iat\u0103 adev\u0103rata menire a unui scriitor. (Aurelian SILVESTRU) Doctor \u00een psihologie, pedagog, scriitor, compozitor, Aurelian Silvestru a fondat primul liceu privat de creativitate \u015fi inventic\u0103 din Chi\u015fin\u0103u \u2013 \u201ePrometeu\u201d. L-a&hellip;<\/p>\n<p class=\"more-link-p\"><a class=\"more-link\" href=\"http:\/\/www.slineamt.ro\/apostolul\/cronica-literara\/aurelian-silvestru-la-75-de-ani\/\">Read more &rarr;<\/a><\/p>\n","protected":false},"author":1,"featured_media":0,"comment_status":"open","ping_status":"closed","sticky":false,"template":"","format":"standard","meta":{"footnotes":""},"categories":[16,487],"tags":[],"class_list":["post-26350","post","type-post","status-publish","format-standard","hentry","category-cronica-literara","category-numarul-277"],"_links":{"self":[{"href":"http:\/\/www.slineamt.ro\/apostolul\/wp-json\/wp\/v2\/posts\/26350","targetHints":{"allow":["GET"]}}],"collection":[{"href":"http:\/\/www.slineamt.ro\/apostolul\/wp-json\/wp\/v2\/posts"}],"about":[{"href":"http:\/\/www.slineamt.ro\/apostolul\/wp-json\/wp\/v2\/types\/post"}],"author":[{"embeddable":true,"href":"http:\/\/www.slineamt.ro\/apostolul\/wp-json\/wp\/v2\/users\/1"}],"replies":[{"embeddable":true,"href":"http:\/\/www.slineamt.ro\/apostolul\/wp-json\/wp\/v2\/comments?post=26350"}],"version-history":[{"count":1,"href":"http:\/\/www.slineamt.ro\/apostolul\/wp-json\/wp\/v2\/posts\/26350\/revisions"}],"predecessor-version":[{"id":26352,"href":"http:\/\/www.slineamt.ro\/apostolul\/wp-json\/wp\/v2\/posts\/26350\/revisions\/26352"}],"wp:attachment":[{"href":"http:\/\/www.slineamt.ro\/apostolul\/wp-json\/wp\/v2\/media?parent=26350"}],"wp:term":[{"taxonomy":"category","embeddable":true,"href":"http:\/\/www.slineamt.ro\/apostolul\/wp-json\/wp\/v2\/categories?post=26350"},{"taxonomy":"post_tag","embeddable":true,"href":"http:\/\/www.slineamt.ro\/apostolul\/wp-json\/wp\/v2\/tags?post=26350"}],"curies":[{"name":"wp","href":"https:\/\/api.w.org\/{rel}","templated":true}]}}