{"id":26359,"date":"2024-11-25T09:13:25","date_gmt":"2024-11-25T09:13:25","guid":{"rendered":"https:\/\/www.slineamt.ro\/apostolul\/?p=26359"},"modified":"2024-11-25T09:13:25","modified_gmt":"2024-11-25T09:13:25","slug":"lansari-de-carte-stelina-paun-carpusor","status":"publish","type":"post","link":"http:\/\/www.slineamt.ro\/apostolul\/cronica-literara\/lansari-de-carte-stelina-paun-carpusor\/","title":{"rendered":"Lans\u0103ri de carte Stelina P\u0103un C\u0103rpu\u015for"},"content":{"rendered":"<div class=\"wp-block-image\">\n<figure class=\"alignleft size-full is-resized\"><a href=\"http:\/\/www.slineamt.ro\/apostolul\/wp-content\/uploads\/2024\/11\/21-ap277-foto1.jpg\"><img loading=\"lazy\" decoding=\"async\" width=\"271\" height=\"378\" src=\"http:\/\/www.slineamt.ro\/apostolul\/wp-content\/uploads\/2024\/11\/21-ap277-foto1.jpg\" alt=\"\" class=\"wp-image-26360\" style=\"width:306px;height:auto\" srcset=\"http:\/\/www.slineamt.ro\/apostolul\/wp-content\/uploads\/2024\/11\/21-ap277-foto1.jpg 271w, http:\/\/www.slineamt.ro\/apostolul\/wp-content\/uploads\/2024\/11\/21-ap277-foto1-215x300.jpg 215w, http:\/\/www.slineamt.ro\/apostolul\/wp-content\/uploads\/2024\/11\/21-ap277-foto1-260x363.jpg 260w, http:\/\/www.slineamt.ro\/apostolul\/wp-content\/uploads\/2024\/11\/21-ap277-foto1-160x223.jpg 160w\" sizes=\"auto, (max-width: 271px) 100vw, 271px\" \/><\/a><\/figure>\n<\/div>\n\n\n<p>Biblioteca Jude\u0163ean\u0103 \u201eG.T. Kirileanu Neam\u0163\u201d a organizat lansarea c\u0103r\u0163ilor \u201eToamn\u0103 cu Im\u201d \u015fi \u201eOracolul Genera\u0163iei X\u201d de Stelina P\u0103un C\u0103rpu\u015for, s\u00e2mb\u0103t\u0103, 2 noiembrie 2024, de la ora 12:00, \u00een Sala Cupola. Ambele c\u0103r\u0163i sunt ap\u0103rute la Editura Eikon Bucure\u015fti, prima recent, iar cea de-a doua \u00een 2022.<\/p>\n\n\n\n<p>Deschiderea evenimentului a fost f\u0103cut\u0103 cu un cuv\u00e2nt introductiv de prof. Mihaela Mereu\u0163\u0103, managerul Bibliotecii Jude\u0163ene \u201eG.T. Kirileanu\u201d Neam\u0163, \u015fi de Valentin Ajder, directorul Editurii Eikon.<\/p>\n\n\n\n<p>\u00cen continuare, dr. Vianu Mure\u015fan a prezentat volumul \u201eToamn\u0103 cu Im\u201d, iar prof. dr. Christian Cr\u0103ciun a adus \u00een aten\u0163ia participan\u0163ilor cartea \u201eOracolul Genera\u0163iei X\u201d. Dup\u0103 cuv\u00e2ntul autorului, a vorbit profesoara Dana Baciu, coordonatoarea proiectului.<\/p>\n\n\n\n<p>Elevi de la Colegiul Na\u0163ional Pedagogic \u201eGheorghe Asachi\u201d au c\u00e2ntat \u201eLer de Vatr\u0103\u201d pe versuri \u015fi cu melodia semnate de Stelina P\u0103un C\u0103rpu\u015for \u015fi au \u00eencheiat manifestarea cu interpretarea imnului colegiului. (<strong><em>Biblioteca Jude\u0163ean\u0103 \u201eG.T. Kirileanu\u201d Neam\u0163<\/em><\/strong>)<\/p>\n","protected":false},"excerpt":{"rendered":"<p>Biblioteca Jude\u0163ean\u0103 \u201eG.T. Kirileanu Neam\u0163\u201d a organizat lansarea c\u0103r\u0163ilor \u201eToamn\u0103 cu Im\u201d \u015fi \u201eOracolul Genera\u0163iei X\u201d de Stelina P\u0103un C\u0103rpu\u015for, s\u00e2mb\u0103t\u0103, 2 noiembrie 2024, de la ora 12:00, \u00een Sala Cupola. Ambele c\u0103r\u0163i sunt ap\u0103rute la Editura Eikon Bucure\u015fti, prima&hellip;<\/p>\n<p class=\"more-link-p\"><a class=\"more-link\" href=\"http:\/\/www.slineamt.ro\/apostolul\/cronica-literara\/lansari-de-carte-stelina-paun-carpusor\/\">Read more &rarr;<\/a><\/p>\n","protected":false},"author":1,"featured_media":0,"comment_status":"open","ping_status":"closed","sticky":false,"template":"","format":"standard","meta":{"footnotes":""},"categories":[16,487],"tags":[],"class_list":["post-26359","post","type-post","status-publish","format-standard","hentry","category-cronica-literara","category-numarul-277"],"_links":{"self":[{"href":"http:\/\/www.slineamt.ro\/apostolul\/wp-json\/wp\/v2\/posts\/26359","targetHints":{"allow":["GET"]}}],"collection":[{"href":"http:\/\/www.slineamt.ro\/apostolul\/wp-json\/wp\/v2\/posts"}],"about":[{"href":"http:\/\/www.slineamt.ro\/apostolul\/wp-json\/wp\/v2\/types\/post"}],"author":[{"embeddable":true,"href":"http:\/\/www.slineamt.ro\/apostolul\/wp-json\/wp\/v2\/users\/1"}],"replies":[{"embeddable":true,"href":"http:\/\/www.slineamt.ro\/apostolul\/wp-json\/wp\/v2\/comments?post=26359"}],"version-history":[{"count":1,"href":"http:\/\/www.slineamt.ro\/apostolul\/wp-json\/wp\/v2\/posts\/26359\/revisions"}],"predecessor-version":[{"id":26361,"href":"http:\/\/www.slineamt.ro\/apostolul\/wp-json\/wp\/v2\/posts\/26359\/revisions\/26361"}],"wp:attachment":[{"href":"http:\/\/www.slineamt.ro\/apostolul\/wp-json\/wp\/v2\/media?parent=26359"}],"wp:term":[{"taxonomy":"category","embeddable":true,"href":"http:\/\/www.slineamt.ro\/apostolul\/wp-json\/wp\/v2\/categories?post=26359"},{"taxonomy":"post_tag","embeddable":true,"href":"http:\/\/www.slineamt.ro\/apostolul\/wp-json\/wp\/v2\/tags?post=26359"}],"curies":[{"name":"wp","href":"https:\/\/api.w.org\/{rel}","templated":true}]}}