{"id":26362,"date":"2024-11-25T09:23:30","date_gmt":"2024-11-25T09:23:30","guid":{"rendered":"https:\/\/www.slineamt.ro\/apostolul\/?p=26362"},"modified":"2024-11-25T09:23:30","modified_gmt":"2024-11-25T09:23:30","slug":"echipa-colegiului-petru-rares-locul-i-la-romanian-space-design-competition","status":"publish","type":"post","link":"http:\/\/www.slineamt.ro\/apostolul\/pasi-spre-europa\/echipa-colegiului-petru-rares-locul-i-la-romanian-space-design-competition\/","title":{"rendered":"Echipa Colegiului \u201ePetru Rare\u015f\u201d \u2013 locul I la Romanian Space Design Competition"},"content":{"rendered":"<div class=\"wp-block-image\">\n<figure class=\"alignleft size-full\"><a href=\"http:\/\/www.slineamt.ro\/apostolul\/wp-content\/uploads\/2024\/11\/20-ap277-foto1.jpg\"><img loading=\"lazy\" decoding=\"async\" width=\"454\" height=\"340\" src=\"http:\/\/www.slineamt.ro\/apostolul\/wp-content\/uploads\/2024\/11\/20-ap277-foto1.jpg\" alt=\"\" class=\"wp-image-26363\" srcset=\"http:\/\/www.slineamt.ro\/apostolul\/wp-content\/uploads\/2024\/11\/20-ap277-foto1.jpg 454w, http:\/\/www.slineamt.ro\/apostolul\/wp-content\/uploads\/2024\/11\/20-ap277-foto1-300x225.jpg 300w, http:\/\/www.slineamt.ro\/apostolul\/wp-content\/uploads\/2024\/11\/20-ap277-foto1-260x195.jpg 260w, http:\/\/www.slineamt.ro\/apostolul\/wp-content\/uploads\/2024\/11\/20-ap277-foto1-160x120.jpg 160w\" sizes=\"auto, (max-width: 454px) 100vw, 454px\" \/><\/a><\/figure>\n<\/div>\n\n\n<p>Nou\u0103 elevi ai Colegiului (Aanei Ana Maria, Dieaconu Matei Daniel, Dr\u0103gu\u015fanu Fabian Vasile, Dri\u015fcu Daniel Sebastian, H\u0103isan Alexia, Is\u0103chioaiei Luca Andrei, Nu\u0163u Bianca Elena, Roman Ingrid Eliana \u0219i Veiss Tiana Alesia) au participat pe 9 noiembrie la etapa regional\u0103 a concursului ROSDC (Romanian Space Design Competition), desf\u0103\u015furat\u0103 la Colegiul Na\u0163ional Ia\u015fi, unde au ob\u0163inut premiul \u00eent\u00e2i. Cei nou\u0103 elevi au fost integra\u0163i \u00eentr-o echip\u0103 al\u0103turi de al\u0163i participan\u0163i din diverse zone ale Moldovei, lucr\u00e2nd \u00eempreun\u0103 la un proiect de dezvoltare a unei baze pe Marte, conform cerin\u0163elor unor investitori fictivi.<\/p>\n\n\n\n<p>Elevii din Neam\u0163 \u015fi-au testat abilit\u0103\u0163ile tehnice, de colaborare \u015fi organizare pe parcursul celor opt ore de lucru continuu. \u00cen vederea \u00eendeplinirii tuturor cerin\u0163elor \u015fi integr\u0103rii lor \u00eentr-o prezentare final\u0103, echipa a abordat aspecte complexe precum structura \u015fi materialele necesare bazei, procesele de manufactur\u0103 \u015fi mentenan\u0163\u0103 din fabricile specializate, sursele de energie \u015fi oxigen, dar \u015fi organizarea social\u0103 pentru s\u0103n\u0103tatea locuitorilor de pe Marte.<\/p>\n\n\n\n<p>La finalul zilei, echipa \u015fi-a prezentat proiectul \u00een limba englez\u0103, concur\u00e2nd cu alte echipe pentru a excela at\u00e2t prin abordarea tehnic\u0103, c\u00e2t \u015fi prin calitatea discursului final. Dup\u0103 cele 12 ore petrecute la Colegiul Na\u0163ional Ia\u015fi, juriul, format din profesori, doctoranzi \u00een fizic\u0103, a declarat proiectul echipei de la \u201ePetru Rare\u015f\u201d c\u00e2\u015ftig\u0103tor.<\/p>\n\n\n\n<p>\u00cen perioada urm\u0103toare, urmeaz\u0103 selec\u0163ia pentru etapa na\u0163ional\u0103 a concursului, etapa final\u0103 av\u00e2nd loc \u00een Statele Unite, la NASA.<\/p>\n\n\n\n<p><strong><em>Red.<\/em><\/strong><\/p>\n","protected":false},"excerpt":{"rendered":"<p>Nou\u0103 elevi ai Colegiului (Aanei Ana Maria, Dieaconu Matei Daniel, Dr\u0103gu\u015fanu Fabian Vasile, Dri\u015fcu Daniel Sebastian, H\u0103isan Alexia, Is\u0103chioaiei Luca Andrei, Nu\u0163u Bianca Elena, Roman Ingrid Eliana \u0219i Veiss Tiana Alesia) au participat pe 9 noiembrie la etapa regional\u0103 a&hellip;<\/p>\n<p class=\"more-link-p\"><a class=\"more-link\" href=\"http:\/\/www.slineamt.ro\/apostolul\/pasi-spre-europa\/echipa-colegiului-petru-rares-locul-i-la-romanian-space-design-competition\/\">Read more &rarr;<\/a><\/p>\n","protected":false},"author":1,"featured_media":0,"comment_status":"open","ping_status":"closed","sticky":false,"template":"","format":"standard","meta":{"footnotes":""},"categories":[9,487],"tags":[],"class_list":["post-26362","post","type-post","status-publish","format-standard","hentry","category-pasi-spre-europa","category-numarul-277"],"_links":{"self":[{"href":"http:\/\/www.slineamt.ro\/apostolul\/wp-json\/wp\/v2\/posts\/26362","targetHints":{"allow":["GET"]}}],"collection":[{"href":"http:\/\/www.slineamt.ro\/apostolul\/wp-json\/wp\/v2\/posts"}],"about":[{"href":"http:\/\/www.slineamt.ro\/apostolul\/wp-json\/wp\/v2\/types\/post"}],"author":[{"embeddable":true,"href":"http:\/\/www.slineamt.ro\/apostolul\/wp-json\/wp\/v2\/users\/1"}],"replies":[{"embeddable":true,"href":"http:\/\/www.slineamt.ro\/apostolul\/wp-json\/wp\/v2\/comments?post=26362"}],"version-history":[{"count":1,"href":"http:\/\/www.slineamt.ro\/apostolul\/wp-json\/wp\/v2\/posts\/26362\/revisions"}],"predecessor-version":[{"id":26364,"href":"http:\/\/www.slineamt.ro\/apostolul\/wp-json\/wp\/v2\/posts\/26362\/revisions\/26364"}],"wp:attachment":[{"href":"http:\/\/www.slineamt.ro\/apostolul\/wp-json\/wp\/v2\/media?parent=26362"}],"wp:term":[{"taxonomy":"category","embeddable":true,"href":"http:\/\/www.slineamt.ro\/apostolul\/wp-json\/wp\/v2\/categories?post=26362"},{"taxonomy":"post_tag","embeddable":true,"href":"http:\/\/www.slineamt.ro\/apostolul\/wp-json\/wp\/v2\/tags?post=26362"}],"curies":[{"name":"wp","href":"https:\/\/api.w.org\/{rel}","templated":true}]}}