{"id":26366,"date":"2024-11-25T09:28:24","date_gmt":"2024-11-25T09:28:24","guid":{"rendered":"https:\/\/www.slineamt.ro\/apostolul\/?p=26366"},"modified":"2024-11-25T09:29:19","modified_gmt":"2024-11-25T09:29:19","slug":"sadoveniana-2024-poezia-naturii-sadoveniene-ii","status":"publish","type":"post","link":"http:\/\/www.slineamt.ro\/apostolul\/cronica-literara\/sadoveniana-2024-poezia-naturii-sadoveniene-ii\/","title":{"rendered":"Sadoveniana 2024 &#8211; Poezia naturii sadoveniene (II)"},"content":{"rendered":"\n<p>(<em>urmare din num\u0103rul trecut<\/em>)<\/p>\n\n\n<div class=\"wp-block-image\">\n<figure class=\"alignleft size-full\"><a href=\"http:\/\/www.slineamt.ro\/apostolul\/wp-content\/uploads\/2024\/11\/19-ap277-foto1.jpg\"><img loading=\"lazy\" decoding=\"async\" width=\"199\" height=\"302\" src=\"http:\/\/www.slineamt.ro\/apostolul\/wp-content\/uploads\/2024\/11\/19-ap277-foto1.jpg\" alt=\"\" class=\"wp-image-26367\" srcset=\"http:\/\/www.slineamt.ro\/apostolul\/wp-content\/uploads\/2024\/11\/19-ap277-foto1.jpg 199w, http:\/\/www.slineamt.ro\/apostolul\/wp-content\/uploads\/2024\/11\/19-ap277-foto1-198x300.jpg 198w, http:\/\/www.slineamt.ro\/apostolul\/wp-content\/uploads\/2024\/11\/19-ap277-foto1-160x243.jpg 160w\" sizes=\"auto, (max-width: 199px) 100vw, 199px\" \/><\/a><\/figure>\n<\/div>\n\n\n<p>Crea\u0163ia sadovenian\u0103 ne implic\u0103 f\u0103r\u0103 rezerve \u00eentr-un imens univers geografic \u015fi, pe m\u0103sur\u0103 ce parcurgem fiecare dintre volume, concep\u0163ia despre natur\u0103 se contureaz\u0103 tot mai pregnant; astfel, schi\u0163ele, nuvelele, povestirile \u015fi romanele sale se ad\u00e2ncesc \u00eentr-o \u201earhiv\u0103\u201d a sensibilit\u0103\u0163ii omului fa\u0163\u0103 de coordonatele durabile ale existen\u0163ei pentru c\u0103 \u201ea evocat mai ales natura noastr\u0103: &#8230; c\u00e2mpia, muntele, r\u00e2ul, balta; iarna \u015fi vara, ziua \u015fi noaptea\u201d. Opera sa \u201ee un c\u00e2ntec de la \u00eenceput p\u00e2n\u0103 la sf\u00e2r\u015fit, un c\u00e2ntec c\u00e2nd triumfal, c\u00e2nd melancolic\u201d (G. Ibr\u0103ileanu).<\/p>\n\n\n\n<p>De cele mai multe ori, tradi\u0163iile rom\u00e2ne\u015fti sunt ancorate \u00een peisajul natural. Sadoveanu subliniaz\u0103 leg\u0103tura dintre oameni \u015fi natur\u0103, eviden\u0163iind cum aceasta influen\u0163eaz\u0103 via\u0163a \u015fi obiceiurile comunit\u0103\u0163ilor. Prin explorarea acestei leg\u0103turi, el \u00eembog\u0103\u0163e\u015fte \u00een\u0163elegerea cititorului asupra identit\u0103\u0163ii na\u0163ionale. Natura are un impact direct asupra destinului personajelor. Evenimentele naturale, cum ar fi furtunile sau inunda\u0163iile, influen\u0163eaz\u0103 soarta oamenilor. Aceast\u0103 interdependen\u0163\u0103 \u00eentre om \u015fi natur\u0103 subliniaz\u0103 fragilitatea existen\u0163ei umane \u015fi importan\u0163a respectului fa\u0163\u0103 de mediul \u00eenconjur\u0103tor.<\/p>\n\n\n\n<p>\u201e\u0162ara de dincolo de negur\u0103\u201d deseneaz\u0103 \u0163inutul Deltei v\u0103zut sub dubla magie a unei naturi feerice \u015fi a amintirii: \u201eCum, prietene? Nu-\u0163i mai aduci aminte de mo\u015f Procor? \u015ei de alte umbre ciudate, care au trecut prin via\u0163a noastr\u0103, dup\u0103 ce am intrat \u00een b\u0103l\u0163ile Dun\u0103rii, \u00een \u0162ara de dincolo de negur\u0103? Nu se poate s\u0103 fi uitat minunile acelei c\u0103l\u0103torii \u00een Delt\u0103!\u201d Cu toate acestea, volumul recreeaz\u0103 \u015fi spa\u0163iul montan, iar liantul care une\u015fte cele dou\u0103 ipostaze este tocmai pasiunea pentru pescuit \u015fi v\u00e2n\u0103toare.<\/p>\n\n\n\n<p>Istoria joac\u0103 un rol crucial \u00een modul \u00een care Sadoveanu percepe natura. Contextul istoric influen\u0163eaz\u0103 modul \u00een care peisajele sunt descrise, iar evenimentele istorice devin adesea o parte integrant\u0103 a contextului natural. Aceast\u0103 intersec\u0163ie \u00eentre istorie \u015fi natur\u0103 ofer\u0103 o dimensiune valoric\u0103 suplimentar\u0103 operei sale; exemplific\u0103m, \u00een acest sens, romanul \u201eFra\u0163ii Jderi\u201d.<\/p>\n\n\n<div class=\"wp-block-image\">\n<figure class=\"alignright size-full\"><a href=\"http:\/\/www.slineamt.ro\/apostolul\/wp-content\/uploads\/2024\/11\/19-ap277-foto2.jpg\"><img loading=\"lazy\" decoding=\"async\" width=\"211\" height=\"312\" src=\"http:\/\/www.slineamt.ro\/apostolul\/wp-content\/uploads\/2024\/11\/19-ap277-foto2.jpg\" alt=\"\" class=\"wp-image-26368\" srcset=\"http:\/\/www.slineamt.ro\/apostolul\/wp-content\/uploads\/2024\/11\/19-ap277-foto2.jpg 211w, http:\/\/www.slineamt.ro\/apostolul\/wp-content\/uploads\/2024\/11\/19-ap277-foto2-203x300.jpg 203w, http:\/\/www.slineamt.ro\/apostolul\/wp-content\/uploads\/2024\/11\/19-ap277-foto2-160x237.jpg 160w\" sizes=\"auto, (max-width: 211px) 100vw, 211px\" \/><\/a><\/figure>\n<\/div>\n\n\n<p>Imagistica folosit\u0103 de narator este deosebit de bogat\u0103. El creeaz\u0103 imagini sugestive care captiveaz\u0103 cititorul \u015fi \u00eel transport\u0103 \u00een peisajul descris. Aceast\u0103 abilitate de a crea imagini vii face ca natura s\u0103 prind\u0103 via\u0163\u0103 \u00een mintea cititorului, oferindu-i o experien\u0163\u0103 senzorial\u0103 profund\u0103. \u00cen multe dintre lucr\u0103rile sale, prozatorul compune o adev\u0103rat\u0103 simfonie a naturii: sunetele, culorile \u015fi mirosurile se \u00eembin\u0103 pentru a crea o atmosfer\u0103 vibrant\u0103; aceast\u0103 armonie a elementelor naturale reflect\u0103 viziunea aproape cinematografic\u0103 asupra echilibrului dintre om \u015fi mediu; astfel, reu\u015fe\u015fte s\u0103 capteze esen\u0163a vie\u0163ii rurale prin descrierea naturii. Via\u0163a la \u0163ar\u0103, cu toate bucuriile \u015fi greut\u0103\u0163ile ei, este str\u00e2ns legat\u0103 de mediul natural; astfel, natura devine o extensie a vie\u0163ii rurale, influen\u0163\u00e2nd valorile \u015fi tradi\u0163iile comunit\u0103\u0163ilor.<\/p>\n\n\n\n<p>De asemenea, elementele religioase se reg\u0103sesc adesea \u00een descrierile naturii la Sadoveanu. Peisajul devine un spa\u0163iu sacru, \u00een care personajele \u00ee\u015fi caut\u0103 lini\u015ftea sufleteasc\u0103. Aceast\u0103 dimensiune spiritual\u0103 a naturii adaug\u0103 o nou\u0103 profunzime crea\u0163iei sadoveniene.<\/p>\n\n\n\n<p>\u00cen operele sale, autorul exploreaz\u0103 \u015fi conceptul de continuitate \u00eentre genera\u0163ii. Natura devine un simbol al perpetu\u0103rii vie\u0163ii \u015fi al tradi\u0163iei. Aceast\u0103 leg\u0103tur\u0103 \u00eentre trecut \u015fi prezent este esen\u0163ial\u0103 \u00een \u00een\u0163elegerea prozei.<\/p>\n\n\n\n<p>Conflictele interioare ale personajelor sunt adesea reflectate \u00een starea naturii. Momentele de agita\u0163ie sau de lini\u015fte din sufletul personajelor se oglindesc \u00een peisajul \u00eenconjur\u0103tor. Aceast\u0103 rela\u0163ie profund\u0103 adaug\u0103 o dimensiune psihologic\u0103 operei lui Sadoveanu.<\/p>\n\n\n\n<p>* * *<\/p>\n\n\n\n<p>Concluzion\u0103m, ar\u0103t\u00e2nd c\u0103 toat\u0103 proza sadovenian\u0103 reu\u015fe\u015fte s\u0103 \u00eembine arta \u015fi natura \u00eentr-o manier\u0103 unic\u0103. Descrierile sale sunt at\u00e2t de bine construite, \u00eenc\u00e2t cititorul poate percepe natura ca pe o oper\u0103 de art\u0103. Aceast\u0103 sintez\u0103 reflect\u0103 abilitatea autorului de a transcende simpla observa\u0163ie, transform\u00e2nd natura \u00eentr-un simbol al frumuse\u0163ii \u015fi al crea\u0163iei.<\/p>\n\n\n\n<p>Poezia naturii la Mihail Sadoveanu este o explorare profund\u0103 \u015fi complex\u0103 a rela\u0163iei dintre om \u015fi mediu. Natura, a\u015fadar, devine un personaj activ, influen\u0163\u00e2nd destinele \u015fi psihologia personajelor. Aceast\u0103 abordare unic\u0103 \u015fi evocatoare face din Sadoveanu un maestru al descrierilor de natur\u0103.<\/p>\n\n\n\n<p>Opera lui Sadoveanu cu a sa poezie a naturii r\u0103m\u00e2ne relevant\u0103 \u015fi ast\u0103zi. \u00centr-o lume \u00een care natura este adesea neglijat\u0103, viziunea sa asupra interdependen\u0163ei dintre om \u015fi mediu devine din ce \u00een ce mai important\u0103; \u00eentreaga sa oper\u0103 este o invita\u0163ie st\u0103ruitoare la a reflecta asupra rolului peisajului natural \u00een via\u0163a noastr\u0103 \u015fi asupra leg\u0103turii noastre cu acesta.<\/p>\n\n\n\n<p><strong><em>Prof. dr. Gheorghe BR\u00c2NZEI<\/em><\/strong><\/p>\n","protected":false},"excerpt":{"rendered":"<p>(urmare din num\u0103rul trecut) Crea\u0163ia sadovenian\u0103 ne implic\u0103 f\u0103r\u0103 rezerve \u00eentr-un imens univers geografic \u015fi, pe m\u0103sur\u0103 ce parcurgem fiecare dintre volume, concep\u0163ia despre natur\u0103 se contureaz\u0103 tot mai pregnant; astfel, schi\u0163ele, nuvelele, povestirile \u015fi romanele sale se ad\u00e2ncesc \u00eentr-o&hellip;<\/p>\n<p class=\"more-link-p\"><a class=\"more-link\" href=\"http:\/\/www.slineamt.ro\/apostolul\/cronica-literara\/sadoveniana-2024-poezia-naturii-sadoveniene-ii\/\">Read more &rarr;<\/a><\/p>\n","protected":false},"author":1,"featured_media":0,"comment_status":"open","ping_status":"closed","sticky":false,"template":"","format":"standard","meta":{"footnotes":""},"categories":[16,487],"tags":[],"class_list":["post-26366","post","type-post","status-publish","format-standard","hentry","category-cronica-literara","category-numarul-277"],"_links":{"self":[{"href":"http:\/\/www.slineamt.ro\/apostolul\/wp-json\/wp\/v2\/posts\/26366","targetHints":{"allow":["GET"]}}],"collection":[{"href":"http:\/\/www.slineamt.ro\/apostolul\/wp-json\/wp\/v2\/posts"}],"about":[{"href":"http:\/\/www.slineamt.ro\/apostolul\/wp-json\/wp\/v2\/types\/post"}],"author":[{"embeddable":true,"href":"http:\/\/www.slineamt.ro\/apostolul\/wp-json\/wp\/v2\/users\/1"}],"replies":[{"embeddable":true,"href":"http:\/\/www.slineamt.ro\/apostolul\/wp-json\/wp\/v2\/comments?post=26366"}],"version-history":[{"count":1,"href":"http:\/\/www.slineamt.ro\/apostolul\/wp-json\/wp\/v2\/posts\/26366\/revisions"}],"predecessor-version":[{"id":26369,"href":"http:\/\/www.slineamt.ro\/apostolul\/wp-json\/wp\/v2\/posts\/26366\/revisions\/26369"}],"wp:attachment":[{"href":"http:\/\/www.slineamt.ro\/apostolul\/wp-json\/wp\/v2\/media?parent=26366"}],"wp:term":[{"taxonomy":"category","embeddable":true,"href":"http:\/\/www.slineamt.ro\/apostolul\/wp-json\/wp\/v2\/categories?post=26366"},{"taxonomy":"post_tag","embeddable":true,"href":"http:\/\/www.slineamt.ro\/apostolul\/wp-json\/wp\/v2\/tags?post=26366"}],"curies":[{"name":"wp","href":"https:\/\/api.w.org\/{rel}","templated":true}]}}