{"id":26373,"date":"2024-11-25T09:35:43","date_gmt":"2024-11-25T09:35:43","guid":{"rendered":"https:\/\/www.slineamt.ro\/apostolul\/?p=26373"},"modified":"2024-11-25T09:35:43","modified_gmt":"2024-11-25T09:35:43","slug":"rememorari-nemtene-luna-noiembrie-2","status":"publish","type":"post","link":"http:\/\/www.slineamt.ro\/apostolul\/lectia-de-istorie\/rememorari-nemtene-luna-noiembrie-2\/","title":{"rendered":"REMEMOR\u0102RI NEM\u021aENE &#8211; Luna noiembrie"},"content":{"rendered":"\n<p><\/p>\n\n\n\n<p>\u25a0 1. 11. 1823 \u2013 n. <strong>Lasc\u0103r Catargiu<\/strong>, la Dobreni, \u0162inutul Neam\u0163 (d. 30. 03. 1899, Bucure\u015fti), om politic, fondator \u015fi pre\u015fedinte al Partidului Conservator p\u00e2n\u0103 la sf\u00e2r\u015fitul vie\u0163ii. Prim-ministru (patru mandate) \u015fi ministru de Interne (cinci mandate). Primii ani de \u015fcoal\u0103, \u00een pensioane particulare. Loc\u0163iitor de ispravnic la Hu\u015fi (1843-1844) \u015fi prefect (p\u00e2rc\u0103lab) de Neam\u0163. Ion Luca Caragiale \u00eel cosidera \u201erom\u00e2n neao\u015f, f\u0103r\u0103 declama\u0163ii teatrale, f\u0103r\u0103 apuc\u0103turi z\u0103natece, dinastic p\u00e2n\u0103 la t\u00e2r\u00e2re, patriot cuminte \u015fi dezinteresat p\u00e2n\u0103 la a refuza un scaun de domnie, cunosc\u00e2nd profund \u0163ara \u015fi lumea ei\u201d.<\/p>\n\n\n\n<p>\u25a0 1\/1860 \u2013 n. <strong>Dimitrie Hogea<\/strong> (d. 1941, Piatra-Neam\u0163), memorialist, Dup\u0103 \u015ecoala Domneasc\u0103, frecventat\u0103 \u00een ora\u015ful natal, a urmat Gimnaziul Clasic. Din motive materiale, nu a urmat cursuri superioare; a sus\u0163inut examene de specializare la Facultatea de Drept din Ia\u015fi. Avocat, consilier, ajutor de primar, primar (1914-1918), timp \u00een care s-a terminat Bulevardul \u201eEmil Costinescu\u201d, s-au reparat unele str\u0103zi, s-au construit trotuare \u015fi uzina de ap\u0103. I-a cunoscut pe I. L. Caragiale, George Panu, V. G. Mor\u0163un, \u015f. a. <strong>A f\u0103cut parte din redac\u0163ia revistei \u201eApostolul\u201d<\/strong>. Scrieri: \u201eGeorge Panu la Dur\u0103u\u201d; \u201eAmintiri. Din trecutul Ora\u015fului Piatra-Neam\u0163\u201d.<\/p>\n\n\n\n<p>\u25a0 2\/1964 \u2013 n. <strong>Mihai Gicoveanu<\/strong>, la C\u0103ciule\u015fti, Neam\u0163, profesor, publicist. A absolvit Liceul \u201eCalistrat-Hoga\u015f\u201d, Piatra-Neam\u0163, Facultatea de Istorie \u015fi Filozofie a Universit\u0103\u0163ii din Ia\u015fi (1988). Membru fondator al revistelor: \u201eAnotimpuri\u201d, \u201eAnuar\u201d (Grupul \u015ecolar de Chimie, Piatra-Neam\u0163), \u201e\u00censemn\u0103ri nem\u0163ene\u201d, \u201eNoi\u201d, Anuarul \u015ecolii Vorona-Nou\u0103, \u201eCr\u0103i\u0163e\u201d; \u201eFlori de tei\u201d. Membru fondator al Societ\u0103\u0163ilor \u201eGheorghe Asachi\u201d din Piatra-Neam\u0163 \u015fi \u201eRaluca Iura\u015fcu\u201d, Vorona. Colabor\u0103ri cu peste 200 de articole \u00een presa nem\u0163ean\u0103, semneaz\u0103: \u201eMonografia \u015ecolii Vorona-Nou\u0103\u201d; \u201eMonografia Liceului de Chimie din Piatra-Neam\u0163\u201d.<\/p>\n\n\n\n<p>\u25a0 3\/1939 \u2013 n. <strong>Constantin Tom\u015fa<\/strong>, \u00een Ghel\u0103e\u015fti, Neam\u0163 (d. 29.06.2022, Piatra-Neam\u0163), profesor, eseist, a absolvit Facultatea de Limba \u015fi Literatura Rom\u00e2n\u0103, Ia\u015fi. Cariera didactic\u0103: \u00eenv\u0103\u0163\u0103tor, institutor \u015fi profesor gradul I (Piatra \u015eoimului, Piatra-Neam\u0163). Director al Casei de Cultur\u0103, Piatra-Neam\u0163, inspector la Comitetul de Cultur\u0103 \u015fi Art\u0103 Neam\u0163. Colabor\u0103ri: \u201eAlbina\u201d, \u201eAntiteze\u201d, \u201eAsachi\u201d, \u201eApostolul\u201d, \u201eConta\u201d \u015f. a. Redactor coordonator al revistelor \u201eAnotimpuri\u201d \u015fi \u201eAnuar\u201d, ale Colegiului Tehnic \u201eGheorghe Cartianu\u201d; \u00een redac\u0163iile: <strong>\u201eApostolul\u201d<\/strong>, \u201eLa Tazl\u0103u\u201d, \u201eAsachi\u201d \u015fi \u201eAntiteze\u201d. C\u0103r\u0163i: \u201eRevista \u00abApostolul\u00bb. Bibliografie\u201d; \u201eRevista \u00abAsachi\u00bb. Bibliografie\u201d; \u201eContemporan cu ei\u201d, eseurile monografice: \u201eLucian Strochi\u201d; \u201eCristian Livescu\u201d; \u201eCostache Andone\u201d (colab.); \u201eConstantin Munteanu\u201d; \u201ePetrodava 2000\u201d (colab.); \u201eA. \u00ce. N\u0163., Un secol de existen\u0163\u0103\u201d (coord.), \u201eUn dic\u0163ionar al literaturii din Jude\u0163ul Neam\u0163\u201d; \u201ePersonalit\u0103\u0163i ale culturii din jude\u0163ul Neam\u0163\u201d; \u201e\u00cemp\u0103timit de lectur\u0103. C\u0103r\u0163i \u015fi autori\u201d vol.1-VI (2002-2022).<\/p>\n\n\n\n<p>\u25a0 7\/1881 \u2013 n. <strong>Adolphe Ad. Chevallier<\/strong>, Barnar, Bro\u015fteni (d. 29. 04. 1963), fiu al inginerului elve\u0163ian Adolphe Chevallier, administrator al p\u0103durilor de pe Domeniile Regale din nordul Jude\u0163ului Neam\u0163. Deprinde de la tat\u0103l s\u0103u m\u00e2nuirea aparatului de fotografiat \u015fi se specializeaz\u0103 la Cern\u0103u\u0163i, Lausanne \u015fi Viena. A avut atelier de fotografiat \u00een Piatra-Neam\u0163, \u00eentre Liceul \u201ePeru Rare\u015f\u201d \u015fi Biserica Sf. Trei Ierarhi. A primit brevetul de fotograf al Cur\u0163ii Regale (1921). A r\u0103mas de la el o colec\u0163ie de imagini, ast\u0103zi devenite documente istorice, despre tradi\u0163iile de pe Valea Bistri\u0163ei. \u00cen 1945, se stabile\u015fte la Bucure\u015fti, ca fotograf al Cur\u0163ii Regale, apoi, la \u00eenceputul anului 1950, va pleca la Lausanne, regret\u00e2nd \u201efrumosul \u00een care mi-a fost dat s\u0103-mi petrec o mare parte a vie\u0163ii&#8230; Bistri\u0163a pe care n-o s-o rev\u0103z\u201d.<\/p>\n\n\n\n<p>\u25a0 7\/1944 \u2013 n. <strong>Constantin Bostan<\/strong>, la Bode\u015fti, Neam\u0163, absolvent al Liceului \u201ePetru Rare\u015f\u201d, al Facult\u0103\u0163ii de Limba \u015fi Literatura Rom\u00e2n\u0103, Bucure\u015fti (1969), redactor la \u201eCeahl\u0103ul\u201d (1969-1974), bibliotecar \u015fi director (1997-2013) la Biblioteca Jude\u0163ean\u0103 Neam\u0163. <strong>Colabor\u0103ri: \u201eApostolul\u201d<\/strong>, \u201eAntiteze\u201d, \u201eAsa\u00adchi\u201d, \u201eAteneu\u201d, \u201eConvorbiri literare\u201d, \u201eCronica\u201d; a editat, \u00eempreun\u0103 cu Dumitru Simionescu \u015fi Emil Nicolae, \u201eAc\u0163iunea\u201d. C\u0103r\u0163i: \u201eG. T. Kirileanu. Contribu\u0163ii documentare\u201d (colab.); \u201eG. T. Kirileanu sau Via\u0163a ca o carte\u201d; \u201eG. T. Kirileanu, \u00abScrieri\u00bb\u201d; \u201e\u015etefan cel Mare \u015fi Sf\u00e2nt, istorisiri \u015fi c\u00e2ntece populare str\u00e2nse la un loc de Simion T. Kirileanu\u201d; \u201eSub trei regi \u015fi trei dictaturi\u201d; \u201eCozla. Povestea muntelui cu ape minerale, parc, p\u00e2rtie, schit \u015fi telegondol\u0103\u201d; \u201eGh. T. Kirileanu. Un destin, sub semnul lui Creang\u0103 \u015fi Eminescu, la Palatul Regal\u201d \u015f. a.<\/p>\n\n\n\n<p>\u25a0 11\/1934 \u2013 n. <strong>Constantin Prangati<\/strong>, la Opri\u015fe\u015fti, Comuna Burdusaci, azi, R\u0103chitoasa, Bac\u0103u. Licen\u0163iat al Facult\u0103\u0163ii de Istorie-Filosofie a Universit\u0103\u0163ii din Ia\u015fi (1965). Profesor la Liceul din Adjud \u015fi la Liceul \u201eCalistrat Hoga\u015f\u201d, Piatra-Neam\u0163 (1968-1998). Peste o mie de articole, recenzii, studii \u00een ziare \u015fi reviste din Neam\u0163 \u015fi din \u0163ar\u0103: \u201eAcademica\u201d, \u201eAntiteze\u201d, \u201eApostolul\u201d, \u201eAsachi\u201d, \u201eAteneu\u201d, \u201eMagazin istoric\u201d, \u201eMemoria antiquitatis\u201d \u201eLiteratorul\u201d, \u201eRamuri\u201d, \u201eTribuna\u201d, \u201eRevista de filozofie\u201d, \u201eRevista de pedagogie\u201d, \u201eViitorul social\u201d. C\u0103r\u0163i: \u201eLiceul \u00abCalistrat Hoga\u015f\u00bb\u201d, monografie, \u201eDic\u0163ionarul oamenilor de seam\u0103 din Jude\u0163ul Neam\u0163\u201d, \u201eDin istoria \u00eenv\u0103\u0163\u0103m\u00e2ntului matematic din Jude\u0163ul Neam\u0163\u201d, \u201eOameni politici \u015fi de stat din Jude\u0163ul Neam\u0163\u201d, \u201eG. T. Kirileanu. \u00censemn\u0103ri zilnice\u201d, \u201eNicu Albu \u015fi g\u00e2ndirea economic\u0103 a epocii (1853-1908)\u201d.<\/p>\n\n\n\n<p>\u25a0 14\/1844 \u2013 n. <strong>Constantin D. Stahi<\/strong>, la Dobreni, Neam\u0163 (d. 18. 06. 1920, Ia\u015fi). A absolvit Seminarul de la Socola, \u015ecoala de Arte Frumoase, ambele din Ia\u015fi, Facultatea de Belle Arte, M\u00fcnchen (1878). A participat la expozi\u0163ii \u00een Germania. Profesor de gravur\u0103 la \u015ecoala de Arte Frumoase din Ia\u015fi. A participat la zugr\u0103virea bisericii din Negre\u015fti, Neam\u0163. Expozi\u0163ii na\u0163ionale (1902, 1912, 1916); personale (1920, Bucure\u015fti). \u00cen expozi\u0163ia rom\u00e2neasc\u0103 itinerant\u0103 (1929, Olanda). Numeroase distinc\u0163ii. Prima mare retrospectiv\u0103 itinerant\u0103 la Ia\u015fi (iunie-iulie 1971) \u015fi Piatra-Neam\u0163. Muzeul de Art\u0103 din Piatra-Neam\u0163 de\u0163ine c\u00e2teva \u201enaturi statice\u201d semnate de el.<\/p>\n\n\n\n<p>\u25a0 15\/1845 \u2013 n. <strong>Vasile Conta<\/strong>, la Ghind\u0103oani, Neam\u0163 (d. 21. 04. 1882, Bucure\u015fti), filosof, a frecventat \u015ecoala Domneasc\u0103 din T\u00e2rgu-Neam\u0163 (1853), Gimnaziul Central din Ia\u015fi; prime\u015fte o burs\u0103 \u015fi face studii comerciale \u00een Belgia (1869-1871). \u00cen 1972, a ob\u0163inut diplom\u0103 \u00een drept \u015fi va preda la Universitatea din Ia\u015fi. Devine membru al \u201eJunimii\u201d (1873) \u015fi va publica, \u00een \u201eConvorbiri literare\u201d scrieri filosofice: \u201eTeoria fatalismului\u201d, \u201eOriginea speciilor\u201d, \u201eTeoria ondula\u0163iei universale\u201d, \u201e\u00cencerc\u0103ri de metafizic\u0103\u201d \u015fi versuri. Lucr\u0103ri ap\u0103rute postum: \u201eBazele metafizicii\u201d, \u201e\u00cent\u00e2iele principii care alc\u0103tuiesc lumea\u201d. Volume: \u201eOpere complete\u201d, 1914; \u201eOpere filosofice\u201d, 1922; 1967; \u201eOpere filosofice alese\u201d, 1975.<\/p>\n\n\n\n<p>\u25a0 18\/1864 \u2013 n. <strong>Panait Mu\u015foiu<\/strong>, la Roman (d. 1944, Bucure\u015fti), publicist, a urmat cursurile primare \u015fi gimnaziale \u00een ora\u015ful natal, unde va fi \u015fi func\u0163ionar la Prim\u0103rie. Autodidact, din tinere\u0163e intr\u0103 \u00een mi\u015fcarea socialist\u0103, c\u0103reia \u00eei va fi fidel toat\u0103 via\u0163a. Activeaz\u0103 la ziarul \u201eLupta\u201d al lui G. Panu. \u00cempreun\u0103 cu Raicu Ionescu-Rion \u015fi Eugen Vaian, organizeaz\u0103 un cerc de studii sociale (1885). Cu G. Ibr\u0103ileanu \u015fi Eugen Vaian, scoate revista bilunar\u0103 \u201e\u015ecoala nou\u0103\u201d. Scrieri: \u201eF\u0103\u0163arnicii\u201d; \u201eTeoria valorii\u201d (Karl Marx). Traduceri: \u201eDeterminismul social\u201d; \u201eManifestul P. C\u201d, de Karl Marx, \u201eCeva despre socialismul belgian\u201d, \u201eDespre mi\u015fcarea socialist\u0103\u201d. Alte traduceri din latin\u0103, greac\u0103, italian\u0103, francez\u0103, german\u0103 \u015fi rus\u0103.<\/p>\n\n\n\n<p>\u25a0 18\/1943 \u2013 n. <strong>Francisca Ricinski<\/strong> (Marienfield), la Tupila\u0163i, Neam\u0163, poet\u0103, prozatoare, publicist\u0103, studii liceale la Roman, filologice, la Ia\u015fi \u015fi Bucure\u015fti. Debut cu poezie, \u00een \u201eGazeta literar\u0103\u201d (1963). S-a mutat la Bucure\u015fti, unde frecventeaz\u0103 cenaclurile literare; publicist\u0103 la Constan\u0163a. A debutat cu \u201eC\u0103l\u0103torie prin copil\u0103rie\u201d (1977). I se joac\u0103 o pies\u0103 pentru copii la Ia\u015fi \u015fi scrie c\u00e2teva scenarii pentru filme de anima\u0163ie. Se c\u0103s\u0103tore\u015fte \u015fi se stabile\u015fte \u00een Germania de Vest, unde a lucrat \u00een administra\u0163ia Bundestag-ului, la Bonn (1985-1996), apoi ca ziarist\u0103, redactor la \u201eDichtungsring\u201d, \u00een care a publicat poezie rom\u00e2n\u0103. Este membr\u0103 a U. S. din Germania. \u00cempreun\u0103 cu Thomas Kr\u00e4mer, a publicat la Editura Dionysos, Kastellaun, antologia \u201e\u00cenger tocit\u201d, care con\u0163ine crea\u0163ii ale poe\u0163ilor din Neam\u0163 (2003). Alte c\u0103r\u0163i: \u201eSurprizele jocului\u201d, \u201eTrenul f\u0103r\u0103 ro\u0163i\/Zug ohne R\u00e4der\u201d.<\/p>\n\n\n\n<p>\u25a0 21\/1955 \u2013 n. <strong>Aurel Dumitra\u015fcu<\/strong>, la Sabasa, Borca, Neam\u0163 (d. 16. 09. 1990, Bucure\u015fti), poet, a absolvit Facultatea de Filologie, Ia\u015fi (1987). Muzeograf la Muzeul de Art\u0103 din Piatra-Neam\u0163, Consilier la Inspectoratul pentru Cultur\u0103 Neam\u0163. Debut \u00een Revista \u201eTomis\u201d (1976). Editorial, cu \u201eFurtunile memoriei\u201d, versuri (1984). Particip\u0103 \u015fi cite\u015fte poezie la Cenaclul \u201eNumele poetului\u201d, al revistei \u201eLuceaf\u0103rul\u201d. Colabor\u0103ri: \u201eCronica\u201d, \u201eLuceaf\u0103rul\u201d, \u201eTribuna\u201d \u015f. a. Unul dintre organizatorii Colocviilor Na\u0163ionale de Poezie de la Neam\u0163. Alte c\u0103r\u0163i: \u201eBiblioteca din Nord\u201d (antum); postume, \u00eengrijite de poetul Adrian Alui Gheorghe: \u201eMesagerul\u201d; \u201eTratatul de eretic\u0103\u201d; \u201eFiara melancolic\u0103\u201d; \u201eCarnete maro, I-IV\u201d; \u201eScene din via\u0163a poemului\u201d; \u201eFrig sau despre cum poezia ne-a furat moartea. Epistolar (1978-1990)\u201d \u015f. a.<\/p>\n\n\n\n<p>\u25a0 28\/1950 \u2013 n. <strong>Arcadie R\u0103ileanu<\/strong>, la Perieni, Basarabia, absolvent al Institutul Politehnic din Chi\u015fin\u0103u, specialitatea Arhitectur\u0103, a debutat la expozi\u0163ia U. A. P. Moldova, Chi\u015fin\u0103u (1982), Stabilit la Piatra-Neam\u0163 \u00een 1989, este prezent cu expozi\u0163ii personale \u015fi de grup, la Piatra-Neam\u0163: Galeriile \u201eLasc\u0103r Vorel\u201d, \u201eGaleria Top Art\u201d, Galeriile \u201eVert\u201d, \u201eT. T.\u201d, Bienala \u201eLasc\u0103r Vorel\u201d; \u00een \u0163ar\u0103: R\u00e2mnicu V\u00e2lcea, Craiova, C\u00e2mpulung Moldovenesc, Ia\u015fi, Cluj, Saloanele Moldovei, Bac\u0103u-Chi\u015fin\u0103u, Timi\u015foara, Bucure\u015fti; peste hotare: B\u0103l\u0163i, Tighina, Uniunea Scriitorilor \u015fi Biblioteca \u201eOnisifor Ghibu\u201d, Chi\u015fin\u0103u, Interna\u0163ionala de design Moscova \u015f. a. Membru al Uniunii Arti\u015ftilor Plastici din Moldova (1987) \u015fi al Uniunii Arti\u015ftilor Plastici din Rom\u00e2nia (2004). <strong>Colaborarator al revistei \u201eApostolul\u201d<\/strong>. Premiul Ziarului \u201eCeahl\u0103ul\u201d (1992), Premiul UAP, filiala Neam\u0163 \u2013 \u201eArtistul anului\u201d (2018).<\/p>\n\n\n\n<p>\u25a0 28. 11. 1972 \u2013 n. <strong>Valentin Andrei<\/strong>, la S\u0103vine\u015fti, Neam\u0163, animator cultural, publicist, a absolvit Facultatea de Filozofie \u015fi Jurnalism a Universit\u0103\u0163ii \u201eSpiru Haret\u201d. Din 1998, lucreaz\u0103, la Centrul pentru Cultur\u0103 \u015fi Arte \u201eCarmen Saeculare\u201d, timp \u00een care a participat la organizarea multor manifest\u0103ri artistice: Festivalul Interna\u0163ional \u201eVacan\u0163e Muzicale\u201d la Piatra-Neam\u0163, Festivalul Interna\u0163ional de Folclor \u201eCeahl\u0103ul,\u201d Concursul literar \u201eSadoveniana\u201d. Debut cu articole \u015fi cronici sportive, fiind nominalizat la prima edi\u0163ie a Galei Premiilor \u201eIoan Chiril\u0103\u201d (2002). A f\u0103cut parte din prima echip\u0103 a redac\u0163iei Radio \u201eTerra\u201d (1992-1995). Este autor al volumului \u201ePatruzeci de ani de Vacan\u0163e Muzicale la Piatra-Neam\u0163\u201d (2011); \u201eFestivalul de Teatru Piatra-Neam\u0163\u201d (coautor \u2013 2022). <strong>Colabor\u0103ri: \u201eApostolul\u201d<\/strong>, \u201eAsachi\u201d; \u201eAntiteze\u201d; Radio Rom\u00e2nia Cultural; TVR. Cultural \u015f. a.<\/p>\n\n\n\n<p>\u25a0 30\/1860 \u2013 n. <strong>Vasile Mor\u0163un<\/strong>, la Roman (d. 3. 08. 1919, Bahna, Roman). Absolvent al \u015ecolii Nr. l din Roman, al Institutul Academic Ia\u015fi, al Facult\u0103\u0163ii de Litere, Sorbona. Membru fondator al cercului socialist \u015fi al revistei \u201eDacia viitoare\u201d (Paris), continuat\u0103 la Bruxelles. Revenit \u00een \u0163ar\u0103 (1884), membru \u00een comitetul de redac\u0163ie al revistei \u201eDrepturile omului\u201d. La Ia\u015fi, conduce Revista \u201eContemporanul\u201d; \u00eempreun\u0103 cu I, N\u0103dejde, scoate \u201eCritica social\u0103\u201d \u015fi \u201eRevista social\u0103\u201d. A \u00eenfiin\u0163at gazeta \u201eMuncitorul\u201d, organ al mi\u015fc\u0103rii socialiste. Deputat de Roman. Intr\u0103 \u00een Partidul Liberal (1899), vicepre\u015fedinte al Camerei Deputa\u0163ilor (1902), Ministru de Interne (1914-1916). Traduce \u015fi localizeaz\u0103 c\u00e2teva lucr\u0103ri din limba francez\u0103. Autor de poeme \u00een proz\u0103, piese de teatru (\u201e\u015etefan Hudici\u201d, \u201eZulnia H\u00e2ncu\u201d). A \u00eengrijit vol. \u201eVersuri \u015fi proz\u0103\u201d, de Mihai Eminescu (1890).<\/p>\n\n\n\n<p><strong><em>Constantin TOM\u0218A<\/em><\/strong><\/p>\n\n\n\n<p>(<strong>N. R.<\/strong> \u2013 Prelucrare dup\u0103 <em>Personalit\u0103\u0163i ale culturii din jude\u0163ul Neam\u0163, un calendar alc\u0103tuit de Constantin Tom\u015fa<\/em>, Editura Crigarux&amp;Cetatea Doamnei, Piatra-Neam\u0163, 2014).<\/p>\n","protected":false},"excerpt":{"rendered":"<p>\u25a0 1. 11. 1823 \u2013 n. Lasc\u0103r Catargiu, la Dobreni, \u0162inutul Neam\u0163 (d. 30. 03. 1899, Bucure\u015fti), om politic, fondator \u015fi pre\u015fedinte al Partidului Conservator p\u00e2n\u0103 la sf\u00e2r\u015fitul vie\u0163ii. Prim-ministru (patru mandate) \u015fi ministru de Interne (cinci mandate). Primii ani&hellip;<\/p>\n<p class=\"more-link-p\"><a class=\"more-link\" href=\"http:\/\/www.slineamt.ro\/apostolul\/lectia-de-istorie\/rememorari-nemtene-luna-noiembrie-2\/\">Read more &rarr;<\/a><\/p>\n","protected":false},"author":1,"featured_media":0,"comment_status":"open","ping_status":"closed","sticky":false,"template":"","format":"standard","meta":{"footnotes":""},"categories":[6,487],"tags":[],"class_list":["post-26373","post","type-post","status-publish","format-standard","hentry","category-lectia-de-istorie","category-numarul-277"],"_links":{"self":[{"href":"http:\/\/www.slineamt.ro\/apostolul\/wp-json\/wp\/v2\/posts\/26373","targetHints":{"allow":["GET"]}}],"collection":[{"href":"http:\/\/www.slineamt.ro\/apostolul\/wp-json\/wp\/v2\/posts"}],"about":[{"href":"http:\/\/www.slineamt.ro\/apostolul\/wp-json\/wp\/v2\/types\/post"}],"author":[{"embeddable":true,"href":"http:\/\/www.slineamt.ro\/apostolul\/wp-json\/wp\/v2\/users\/1"}],"replies":[{"embeddable":true,"href":"http:\/\/www.slineamt.ro\/apostolul\/wp-json\/wp\/v2\/comments?post=26373"}],"version-history":[{"count":1,"href":"http:\/\/www.slineamt.ro\/apostolul\/wp-json\/wp\/v2\/posts\/26373\/revisions"}],"predecessor-version":[{"id":26374,"href":"http:\/\/www.slineamt.ro\/apostolul\/wp-json\/wp\/v2\/posts\/26373\/revisions\/26374"}],"wp:attachment":[{"href":"http:\/\/www.slineamt.ro\/apostolul\/wp-json\/wp\/v2\/media?parent=26373"}],"wp:term":[{"taxonomy":"category","embeddable":true,"href":"http:\/\/www.slineamt.ro\/apostolul\/wp-json\/wp\/v2\/categories?post=26373"},{"taxonomy":"post_tag","embeddable":true,"href":"http:\/\/www.slineamt.ro\/apostolul\/wp-json\/wp\/v2\/tags?post=26373"}],"curies":[{"name":"wp","href":"https:\/\/api.w.org\/{rel}","templated":true}]}}