{"id":26382,"date":"2024-11-25T09:47:38","date_gmt":"2024-11-25T09:47:38","guid":{"rendered":"https:\/\/www.slineamt.ro\/apostolul\/?p=26382"},"modified":"2024-11-25T09:48:54","modified_gmt":"2024-11-25T09:48:54","slug":"pornim-la-lucru-2","status":"publish","type":"post","link":"http:\/\/www.slineamt.ro\/apostolul\/lectia-de-istorie\/pornim-la-lucru-2\/","title":{"rendered":"Pornim la lucru"},"content":{"rendered":"\n<p><\/p>\n\n\n<div class=\"wp-block-image\">\n<figure class=\"alignleft size-full is-resized\"><a href=\"http:\/\/www.slineamt.ro\/apostolul\/wp-content\/uploads\/2024\/11\/13-ap277-foto1.jpg\"><img loading=\"lazy\" decoding=\"async\" width=\"214\" height=\"302\" src=\"http:\/\/www.slineamt.ro\/apostolul\/wp-content\/uploads\/2024\/11\/13-ap277-foto1.jpg\" alt=\"\" class=\"wp-image-26384\" style=\"width:275px;height:auto\" srcset=\"http:\/\/www.slineamt.ro\/apostolul\/wp-content\/uploads\/2024\/11\/13-ap277-foto1.jpg 214w, http:\/\/www.slineamt.ro\/apostolul\/wp-content\/uploads\/2024\/11\/13-ap277-foto1-213x300.jpg 213w, http:\/\/www.slineamt.ro\/apostolul\/wp-content\/uploads\/2024\/11\/13-ap277-foto1-160x226.jpg 160w\" sizes=\"auto, (max-width: 214px) 100vw, 214px\" \/><\/a><\/figure>\n<\/div>\n\n\n<p>Revista \u201eApostolul\u201d se na\u015fte dintr\u2019o imperioas\u0103 necesitate d\u0103sc\u0103leasc\u0103, av\u00e2nd menirea precis\u0103 de conlucrare \u00eentre to\u0163i dasc\u0103lii, \u00een scopul u\u015fur\u0103rii muncii pe ogorul \u015fcoalei. Ea vine s\u0103 \u00eemplineasc\u0103 o dorin\u0163\u0103 exprimat\u0103 \u00een nenum\u0103rate r\u00e2nduri de \u00eenv\u0103\u0163\u0103torimea nem\u0163ean\u0103 \u015fi s\u0103 umple un gol sim\u0163it \u00een via\u0163a \u00eenv\u0103\u0163\u0103m\u00e2ntului primar din jud. Neam\u0163.<\/p>\n\n\n\n<p>\u00cen revista \u201eApostolul\u201d se vor discuta probleme de pedagogie general\u0103, ating\u00e2ndu-se cele \u00een leg\u0103tur\u0103 cu noile curente.<\/p>\n\n\n\n<p>\u00cen acest scop, apeleaz\u0103 la colaborarea oamenilor de specialitate, pe l\u00e2ng\u0103 contribu\u0163iunile ce pot veni din mijlocul d\u0103scalimii, dornic\u0103 de perfec\u0163ionare \u015fi cultur\u0103.<\/p>\n\n\n\n<p>Revista \u201eApostolul\u201d va c\u0103uta c\u0103ile cele mai u\u015foare, pe care le va desprinde din experien\u0163a celor \u00eencerca\u0163i, pentru intensificarea activit\u0103\u0163ii culturale la sate.<\/p>\n\n\n\n<p>,,Apostolul\u201d va c\u0103uta s\u0103 contribuie la \u00eendreptarea gre\u015felilor strecurate \u00een organiza\u0163ia noastr\u0103 \u015fcolar\u0103, program\u0103 analitic\u0103, comitete \u015fcolare, aviz\u00e2nd la m\u0103suri ce pot duce la progresul \u00eenv\u0103\u0163\u0103m\u00e2ntului.<\/p>\n\n\n\n<p>\u00cen revista \u201eApostolul\u201d se vor rezerva c\u00e2teva pagini \u015fi pentru unele manifest\u0103ri literare, din partea acelora ce vor g\u0103si nimerit s\u0103 dea la iveal\u0103 buc\u0103\u0163i de interes.<\/p>\n\n\n\n<p>&nbsp;Coloanele revistei \u201eApostolul\u201d vor g\u0103si un mare sprijin articolelor referitoare la ap\u0103rarea intereselor de corp, acord\u00e2nd aten\u0163ie acelora ce propun \u00eendrept\u0103ri \u00een sprijinul d\u0103sc\u0103limii.<\/p>\n\n\n\n<p>Revista \u201eApostolul\u201d va da aten\u0163ie recenziilor lucr\u0103rilor de interes pedagogic \u015fi literar \u015fi va rezerva loc pentru \u015ftiri \u015fcolare venite din jude\u0163, \u00een scopul de a de\u015ftepta interes \u015fi sugera ac\u0163iuni.<\/p>\n\n\n\n<p>Senin\u0103, liber\u0103 de orice oficialitate, de orice \u00eenr\u00e2urire politic\u0103, precum \u015fi de orice spirit de grup \u015fi ambi\u0163ii de\u015ferte, revista \u201eApostolul\u201d nu va avea alt\u0103 preocupare dec\u00e2t s\u0103 \u00eembr\u0103\u0163i\u015feze produsul unei g\u00e2ndiri \u015fi unei activit\u0103\u0163i sincere, care urm\u0103resc progresul \u00eenv\u0103\u0163\u0103m\u00e2ntului primar, al culturii \u00een genere \u015fi ap\u0103rarea drepturilor profesionale.&nbsp;&nbsp;&nbsp;&nbsp;&nbsp;&nbsp;<\/p>\n\n\n\n<p>Revista \u201eApostolul\u201d \u00ee\u015fi deschide larg coloanele sale, \u00eencurajat\u0103 \u015fi de g\u00e2ndul c\u0103 va fi \u00eentov\u0103r\u0103\u015fit\u0103 \u00een calea ei de sufletul curat al d\u0103sc\u0103limii nem\u0163ene.<\/p>\n\n\n\n<p>Cu aceste g\u00e2nduri, pornim la lucru.<\/p>\n\n\n\n<p><strong><em>\u201eApostolul\u201d, an 1, no. 1, noiembrie 1934<\/em><\/strong><\/p>\n","protected":false},"excerpt":{"rendered":"<p>Revista \u201eApostolul\u201d se na\u015fte dintr\u2019o imperioas\u0103 necesitate d\u0103sc\u0103leasc\u0103, av\u00e2nd menirea precis\u0103 de conlucrare \u00eentre to\u0163i dasc\u0103lii, \u00een scopul u\u015fur\u0103rii muncii pe ogorul \u015fcoalei. Ea vine s\u0103 \u00eemplineasc\u0103 o dorin\u0163\u0103 exprimat\u0103 \u00een nenum\u0103rate r\u00e2nduri de \u00eenv\u0103\u0163\u0103torimea nem\u0163ean\u0103 \u015fi s\u0103 umple un&hellip;<\/p>\n<p class=\"more-link-p\"><a class=\"more-link\" href=\"http:\/\/www.slineamt.ro\/apostolul\/lectia-de-istorie\/pornim-la-lucru-2\/\">Read more &rarr;<\/a><\/p>\n","protected":false},"author":1,"featured_media":0,"comment_status":"open","ping_status":"closed","sticky":false,"template":"","format":"standard","meta":{"footnotes":""},"categories":[6,487],"tags":[],"class_list":["post-26382","post","type-post","status-publish","format-standard","hentry","category-lectia-de-istorie","category-numarul-277"],"_links":{"self":[{"href":"http:\/\/www.slineamt.ro\/apostolul\/wp-json\/wp\/v2\/posts\/26382","targetHints":{"allow":["GET"]}}],"collection":[{"href":"http:\/\/www.slineamt.ro\/apostolul\/wp-json\/wp\/v2\/posts"}],"about":[{"href":"http:\/\/www.slineamt.ro\/apostolul\/wp-json\/wp\/v2\/types\/post"}],"author":[{"embeddable":true,"href":"http:\/\/www.slineamt.ro\/apostolul\/wp-json\/wp\/v2\/users\/1"}],"replies":[{"embeddable":true,"href":"http:\/\/www.slineamt.ro\/apostolul\/wp-json\/wp\/v2\/comments?post=26382"}],"version-history":[{"count":3,"href":"http:\/\/www.slineamt.ro\/apostolul\/wp-json\/wp\/v2\/posts\/26382\/revisions"}],"predecessor-version":[{"id":26386,"href":"http:\/\/www.slineamt.ro\/apostolul\/wp-json\/wp\/v2\/posts\/26382\/revisions\/26386"}],"wp:attachment":[{"href":"http:\/\/www.slineamt.ro\/apostolul\/wp-json\/wp\/v2\/media?parent=26382"}],"wp:term":[{"taxonomy":"category","embeddable":true,"href":"http:\/\/www.slineamt.ro\/apostolul\/wp-json\/wp\/v2\/categories?post=26382"},{"taxonomy":"post_tag","embeddable":true,"href":"http:\/\/www.slineamt.ro\/apostolul\/wp-json\/wp\/v2\/tags?post=26382"}],"curies":[{"name":"wp","href":"https:\/\/api.w.org\/{rel}","templated":true}]}}