{"id":26387,"date":"2024-11-25T09:53:02","date_gmt":"2024-11-25T09:53:02","guid":{"rendered":"https:\/\/www.slineamt.ro\/apostolul\/?p=26387"},"modified":"2024-11-25T09:53:02","modified_gmt":"2024-11-25T09:53:02","slug":"centenar-facultatea-de-teologie-ortodoxa","status":"publish","type":"post","link":"http:\/\/www.slineamt.ro\/apostolul\/lectia-de-istorie\/centenar-facultatea-de-teologie-ortodoxa\/","title":{"rendered":"CENTENAR Facultatea de Teologie Ortodox\u0103"},"content":{"rendered":"<div class=\"wp-block-image\">\n<figure class=\"alignleft size-full is-resized\"><a href=\"http:\/\/www.slineamt.ro\/apostolul\/wp-content\/uploads\/2024\/11\/12-ap277-foto1.jpg\"><img loading=\"lazy\" decoding=\"async\" width=\"217\" height=\"302\" src=\"http:\/\/www.slineamt.ro\/apostolul\/wp-content\/uploads\/2024\/11\/12-ap277-foto1.jpg\" alt=\"\" class=\"wp-image-26388\" style=\"width:262px;height:auto\" srcset=\"http:\/\/www.slineamt.ro\/apostolul\/wp-content\/uploads\/2024\/11\/12-ap277-foto1.jpg 217w, http:\/\/www.slineamt.ro\/apostolul\/wp-content\/uploads\/2024\/11\/12-ap277-foto1-216x300.jpg 216w, http:\/\/www.slineamt.ro\/apostolul\/wp-content\/uploads\/2024\/11\/12-ap277-foto1-160x223.jpg 160w\" sizes=\"auto, (max-width: 217px) 100vw, 217px\" \/><\/a><\/figure>\n<\/div>\n\n\n<p>Simpozionul interna\u0163ional: \u201eP\u0103catul \u2013 unica boal\u0103 de temut\u201d<\/p>\n\n\n\n<p>\u00cen perioada 3-5 noiembrie 2024, Facultatea de Teologie Ortodox\u0103 a Universit\u0103\u0163ii \u201eBabe\u015f-Bolyai\u201d din Cluj-Napoca, institu\u0163ie de \u00eenv\u0103\u0163\u0103m\u00e2nt teologic care s\u0103rb\u0103tore\u015fte anul acesta 100 de ani de la \u00eenfiin\u0163are, a organizat Simpozionul interna\u0163ional de teologie, istorie, muzicologie \u015fi art\u0103 sacr\u0103, cu tema <em>P\u0103catul \u2013 unica boal\u0103 de temut: \u00abVoie\u015fti s\u0103 te faci s\u0103n\u0103tos?\u00bb (Ioan V, 6)<\/em>.<\/p>\n\n\n\n<p>Desf\u0103\u015furat \u00een format hibrid (fizic \u015fi on-line), evenimentul a \u00eentrunit ierarhi, zeci de profesori, teologi \u015fi oameni de cultur\u0103 din \u0163ar\u0103 \u015fi str\u0103in\u0103tate care au dezb\u0103tut diferite teme \u015fi probleme de actualitate ce se \u00eencadreaz\u0103 \u00een tematica anului 2024, declarat de Sf\u00e2ntul Sinod al Bisericii Ortodoxe Rom\u00e2ne, \u201eAnul omagial al pastora\u0163iei \u015fi \u00eengrijirii bolnavilor\u201d \u015fi \u201eAnul comemorativ al tuturor Sfin\u0163ilor t\u0103m\u0103duitori f\u0103r\u0103 de argin\u0163i\u201d.<\/p>\n\n\n\n<p>Deschiderea oficial\u0103 a manifest\u0103rii a avut loc pe 4 nov., \u00een capela \u015fi aula facult\u0103\u0163ii din Campusul Universitar \u201eNicolae Ivan\u201d, \u00een prezen\u0163a \u00cenaltpreasfin\u0163itului P\u0103rinte Andrei, Mitropolitul Clujului, Maramure\u015fului \u015fi S\u0103lajului, a Preasfin\u0163itului P\u0103rinte Petroniu, Episcopul S\u0103lajului, a Preasfin\u0163itului P\u0103rinte Benedict Bistri\u0163eanul, Episcop-vicar al Arhiepiscopiei Vadului, Feleacului \u015fi Clujului, \u015fi a participan\u0163ilor la aceast\u0103 edi\u0163ie a simpozionului. Dup\u0103 festivitatea deschiderii, lucr\u0103rile au continuat, timp de dou\u0103 zile, at\u00e2t la sediul facult\u0103\u0163ii, c\u00e2t \u015fi \u00een mediul on-line, participan\u0163ii \u00eemp\u0103r\u0163indu-se \u00een patru mari sec\u0163iuni: <strong>Teologie, Istorie, Muzicologie<\/strong> \u015fi <strong>Art\u0103 Sacr\u0103<\/strong>. Acestora li s-au ad\u0103ugat sec\u0163iunea dedicat\u0103 doctoranzilor \u015fi o sec\u0163iune special\u0103 intitulat\u0103 \u201ePatimi \u015fi adic\u0163ii\u201d. Fiecare sec\u0163iune a fost structurat\u0103 pe mai multe sesiuni de prezentare.<\/p>\n\n\n\n<p>Au participat cadre didactice universitare, cercet\u0103tori \u015fi doctoranzi din \u0163ar\u0103 \u015fi str\u0103in\u0103tate (<strong>Elve\u0163ia, Marea Britanie, Fran\u0163a, Germania, Polonia, Grecia<\/strong>), care au sus\u0163inut, \u00een limbile rom\u00e2n\u0103 \u015fi englez\u0103, peste 100 de prezent\u0103ri \u015fi referate ce vor fi publicate \u00eentr-un volum special dedicat evenimentului.<\/p>\n\n\n\n<p>Lumea contemporan\u0103 este sensibil\u0103 la suferin\u0163\u0103 \u015fi boal\u0103, adeseori, omul \u00eencerc\u00e2nd, prin toate mijloacele posibile, s\u0103 fug\u0103 de ele. Atitudinea fa\u0163\u0103 de boal\u0103, \u00een special, \u015fi fa\u0163\u0103 de suferin\u0163\u0103, \u00een general, este determinat\u0103 de valorile care anim\u0103 societatea sau comunitatea. Pastora\u0163ia terapeutic\u0103 a preo\u0163ilor \u00een spitale trebuie, \u00een primul r\u00e2nd, s\u0103 mijloceasc\u0103 \u00eent\u00e2lnirea bolnavului cu Hristos prin harul S\u0103u, prin energiile Sale. \u00cen spital, boala poate fi \u00een\u0163elept administrat\u0103 de preot cu scopul de a-l reintegra pe bolnav \u00eentr-o rela\u0163ie vie cu Dumnezeu. Acestea au reie\u015fit din varietatea subiectelor abordate, din care men\u0163ionez:<\/p>\n\n\n<div class=\"wp-block-image\">\n<figure class=\"alignright size-full is-resized\"><a href=\"https:\/\/www.slineamt.ro\/apostolul\/wp-content\/uploads\/2024\/11\/12-ap277-foto2-1.jpg\"><img loading=\"lazy\" decoding=\"async\" width=\"454\" height=\"403\" src=\"https:\/\/www.slineamt.ro\/apostolul\/wp-content\/uploads\/2024\/11\/12-ap277-foto2-1.jpg\" alt=\"\" class=\"wp-image-26390\" style=\"width:373px;height:auto\" srcset=\"http:\/\/www.slineamt.ro\/apostolul\/wp-content\/uploads\/2024\/11\/12-ap277-foto2-1.jpg 454w, http:\/\/www.slineamt.ro\/apostolul\/wp-content\/uploads\/2024\/11\/12-ap277-foto2-1-300x266.jpg 300w, http:\/\/www.slineamt.ro\/apostolul\/wp-content\/uploads\/2024\/11\/12-ap277-foto2-1-260x231.jpg 260w, http:\/\/www.slineamt.ro\/apostolul\/wp-content\/uploads\/2024\/11\/12-ap277-foto2-1-160x142.jpg 160w\" sizes=\"auto, (max-width: 454px) 100vw, 454px\" \/><\/a><\/figure>\n<\/div>\n\n\n<p><em>\u2022 Hristos \u2013 medicul \u015fi doctoria. Terminologia medical\u0103 \u00een scrierile Sf\u00e2ntului Efrem Sirul;<\/em><\/p>\n\n\n\n<p><em>\u2022 \u00cenv\u0103\u0163\u0103m\u00e2ntul teologic universitar elve\u0163ian (Facultatea de Teologie din Lugano) \u015fi perspectivele colabor\u0103rii cu teologia rom\u00e2neasc\u0103 clujean\u0103;<\/em><\/p>\n\n\n\n<p><em>\u2022 Persoanele \u00een v\u00e2rst\u0103 \u015fi misiunea Bisericii cu Biserica \u00een slujirea lor;<\/em><\/p>\n\n\n\n<p><em>\u2022 Pastora\u0163ia misionar\u0103 din spitale; Pov\u0103\u0163uiri privind asisten\u0163a duhovniceasc\u0103 \u015fi \u00eengrijirea bolnavilor, \u00een \u201eManualul de Pastoral\u0103\u201d al Sf\u00e2ntului Mitropolit Andrei \u015eaguna al Transilvaniei;<\/em><\/p>\n\n\n\n<p><em>\u2022 Constantinopol: Capitala Vindec\u0103rilor \u015fi Centrul Spiritualit\u0103\u0163ii \u00een Lumea Antic\u0103?;<\/em><\/p>\n\n\n\n<p><em>\u2022 Misiunea taumaturgic\u0103 a Bisericii: intra muros et extra muros. O perspectiv\u0103 ioaneic\u0103;<\/em><\/p>\n\n\n\n<p><em>\u2022 P\u0103catul, ca boal\u0103 a lumii \u00een care tr\u0103im; Vindecare \u015fi recuno\u015ftin\u0163\u0103 de expresie liturgic\u0103;<\/em><\/p>\n\n\n\n<p><em>\u2022 Discipline medicale \u00een \u015fcoala teologic\u0103 clujean\u0103 (1924-1952);<\/em><\/p>\n\n\n\n<p><em>\u2022 Concep\u0163ia despre p\u0103cat a lui Celsus \u00een \u1f00\u03bb\u03b7\u03b8\u1f74\u03c2 \u03bb\u03cc\u03b3\u03bf\u03c2;<\/em><\/p>\n\n\n\n<p><em>\u2022 Arderea pe rug, salvarea sufletelor din p\u0103cat?;<\/em><\/p>\n\n\n\n<p><em>\u2022 \u00cenve\u015fm\u00e2nt\u0103ri muzicale ale Psalmilor lui David \u00een crea\u0163ia coral\u0103 \u015fi vocal-simfonic\u0103 universal\u0103;<\/em><\/p>\n\n\n\n<p><em>\u2022 Icoana \u2013 terapia prin imaginea artistic\u0103;<\/em><\/p>\n\n\n\n<p><em>\u2022 Terapia maladiilor societ\u0103\u0163ii rom\u00e2ne\u015fti post-totalitare. Lectura intelectualit\u0103\u0163ii rom\u00e2ne\u015fti contemporane;<\/em><\/p>\n\n\n\n<p><em>\u2022 Citatul, modalitate a decodific\u0103rii percep\u0163iei cognitive;<\/em><\/p>\n\n\n\n<p><em>\u2022 De la disperare la creativitate, de la dezn\u0103dejde \u015fi \u00eensingurare la reg\u0103sire \u015fi iubire. Ludwig van Beethoven;<\/em><\/p>\n\n\n\n<p><em>\u2022 P\u0103catul needuc\u0103rii corespunz\u0103toare a copiilor \u2013 boala epocii \u00een care tr\u0103im etc<\/em>.<\/p>\n\n\n\n<p>Prin dezvoltarea unor astfel de subiecte, tema general\u0103, <em>P\u0103catul \u2013 unica boal\u0103 de temut<\/em>, a fost abordat\u0103 din punct de vedere teologic, moral, filosofic \u015fi medical, av\u00e2ndu-se \u00een vedere cele trei niveluri ale fiin\u0163ei umane: somatic, psihic \u015fi duhovnicesc.<\/p>\n\n\n\n<p>De asemenea, s-a reiterat importan\u0163a misionar\u0103 \u015fi cultural\u0103 pe care \u00eel are c\u00e2ntarea coral\u0103 din Biserica Ortodox\u0103 Rom\u00e2n\u0103 \u015fi faptul c\u0103 nu exist\u0103 o rela\u0163ie antagonic\u0103 \u00eentre c\u00e2ntarea monodic\u0103 \u015fi cea coral\u0103, iar acolo unde se manifest\u0103 acest antagonism, el este alimentat artificial \u015fi nu este bazat pe o tradi\u0163ie s\u0103n\u0103toas\u0103 \u015fi echilibrat\u0103, existent\u0103 \u00een Biserica noastr\u0103 de aproximativ 200 de ani.<\/p>\n\n\n\n<p>Pr. prof. univ. dr. Ren\u00e9 Roux, rectorul Facult\u0103\u0163ii de Teologie din Lugano, Elve\u0163ia, a sus\u0163inut prelegerea pe tema \u201e\u00cenv\u0103\u0163\u0103m\u00e2ntul teologic universitar elve\u0163ian \u015fi perspectivele colabor\u0103rii cu teologia rom\u00e2neasc\u0103 clujean\u0103\u201d punct\u00e2nd faptul c\u0103 a fost semnat un acord de colaborare \u00eentre Facultatea de Teologie din Lugano \u015fi Facultatea de Teologie Ortodox\u0103 din Cluj-Napoca.<\/p>\n\n\n\n<p>Dup\u0103 cum a relatat p\u0103rintele decan al facult\u0103\u0163ii, arhim. prof. univ. dr. Teofil Tia, care a mul\u0163umit tuturor participan\u0163ilor \u015fi celor implica\u0163i \u00een organizarea manifest\u0103rii, evenimentul academic a fost organizat cu sprijinul Secretariatului de Stat pentru Culte \u015fi face parte din suita de manifest\u0103ri \u015ftiin\u0163ifice proiectate pentru anul universitar 2024-2025.<\/p>\n\n\n\n<p>Pe durata desf\u0103\u015fur\u0103rii simpozionului, a putut fi vizitat\u0103 expozi\u0163ia cadrelor didactice de la specializarea art\u0103 sacr\u0103 din cadrul institu\u0163iei de \u00eenv\u0103\u0163\u0103m\u00e2nt teologic clujean, deschis\u0103 \u00een Galeria \u201eErmineia\u201d, \u00eentre 30 octombrie \u015fi 30 noiembrie 2024.<\/p>\n\n\n\n<p>\u00cencheierea evenimentului \u015ftiin\u0163ific a avut loc mar\u0163i seara, \u00een aula facult\u0103\u0163ii, c\u00e2nd, \u00een prezen\u0163a participan\u0163ilor, cadrelor didactice, studen\u0163ilor \u015fi altor invita\u0163i, pr. conf. univ. dr. Adrian Podaru, prodecanul facult\u0103\u0163ii, a prezentat, \u00een sintez\u0103, concluziile simpozionului, dup\u0103 care, Corul de camer\u0103 \u201ePsalmodia Transylvanica\u201d, dirijat de pr. prof. univ. dr. Vasile Stanciu \u015fi arhid. prof. dr. Daniel Frumos, a sus\u0163inut un concert festiv de muzic\u0103 sacr\u0103 \u015fi c\u00e2ntece din folclorul tradi\u0163ional.<\/p>\n\n\n\n<p><strong><em>Prof. dr. Mihai FLOROAIA<\/em><\/strong><\/p>\n","protected":false},"excerpt":{"rendered":"<p>Simpozionul interna\u0163ional: \u201eP\u0103catul \u2013 unica boal\u0103 de temut\u201d \u00cen perioada 3-5 noiembrie 2024, Facultatea de Teologie Ortodox\u0103 a Universit\u0103\u0163ii \u201eBabe\u015f-Bolyai\u201d din Cluj-Napoca, institu\u0163ie de \u00eenv\u0103\u0163\u0103m\u00e2nt teologic care s\u0103rb\u0103tore\u015fte anul acesta 100 de ani de la \u00eenfiin\u0163are, a organizat Simpozionul interna\u0163ional&hellip;<\/p>\n<p class=\"more-link-p\"><a class=\"more-link\" href=\"http:\/\/www.slineamt.ro\/apostolul\/lectia-de-istorie\/centenar-facultatea-de-teologie-ortodoxa\/\">Read more &rarr;<\/a><\/p>\n","protected":false},"author":1,"featured_media":0,"comment_status":"open","ping_status":"closed","sticky":false,"template":"","format":"standard","meta":{"footnotes":""},"categories":[6,487],"tags":[],"class_list":["post-26387","post","type-post","status-publish","format-standard","hentry","category-lectia-de-istorie","category-numarul-277"],"_links":{"self":[{"href":"http:\/\/www.slineamt.ro\/apostolul\/wp-json\/wp\/v2\/posts\/26387","targetHints":{"allow":["GET"]}}],"collection":[{"href":"http:\/\/www.slineamt.ro\/apostolul\/wp-json\/wp\/v2\/posts"}],"about":[{"href":"http:\/\/www.slineamt.ro\/apostolul\/wp-json\/wp\/v2\/types\/post"}],"author":[{"embeddable":true,"href":"http:\/\/www.slineamt.ro\/apostolul\/wp-json\/wp\/v2\/users\/1"}],"replies":[{"embeddable":true,"href":"http:\/\/www.slineamt.ro\/apostolul\/wp-json\/wp\/v2\/comments?post=26387"}],"version-history":[{"count":1,"href":"http:\/\/www.slineamt.ro\/apostolul\/wp-json\/wp\/v2\/posts\/26387\/revisions"}],"predecessor-version":[{"id":26391,"href":"http:\/\/www.slineamt.ro\/apostolul\/wp-json\/wp\/v2\/posts\/26387\/revisions\/26391"}],"wp:attachment":[{"href":"http:\/\/www.slineamt.ro\/apostolul\/wp-json\/wp\/v2\/media?parent=26387"}],"wp:term":[{"taxonomy":"category","embeddable":true,"href":"http:\/\/www.slineamt.ro\/apostolul\/wp-json\/wp\/v2\/categories?post=26387"},{"taxonomy":"post_tag","embeddable":true,"href":"http:\/\/www.slineamt.ro\/apostolul\/wp-json\/wp\/v2\/tags?post=26387"}],"curies":[{"name":"wp","href":"https:\/\/api.w.org\/{rel}","templated":true}]}}