{"id":26393,"date":"2024-11-25T10:11:58","date_gmt":"2024-11-25T10:11:58","guid":{"rendered":"https:\/\/www.slineamt.ro\/apostolul\/?p=26393"},"modified":"2024-11-25T10:11:58","modified_gmt":"2024-11-25T10:11:58","slug":"institutul-social-roman-din-basarabia-1934-1940","status":"publish","type":"post","link":"http:\/\/www.slineamt.ro\/apostolul\/lectia-de-istorie\/institutul-social-roman-din-basarabia-1934-1940\/","title":{"rendered":"Institutul Social Rom\u00e2n din Basarabia 1934-1940"},"content":{"rendered":"<div class=\"wp-block-image\">\n<figure class=\"alignleft size-full is-resized\"><a href=\"http:\/\/www.slineamt.ro\/apostolul\/wp-content\/uploads\/2024\/11\/11-ap277-foto1.jpg\"><img loading=\"lazy\" decoding=\"async\" width=\"236\" height=\"341\" src=\"http:\/\/www.slineamt.ro\/apostolul\/wp-content\/uploads\/2024\/11\/11-ap277-foto1.jpg\" alt=\"\" class=\"wp-image-26394\" style=\"width:282px;height:auto\" srcset=\"http:\/\/www.slineamt.ro\/apostolul\/wp-content\/uploads\/2024\/11\/11-ap277-foto1.jpg 236w, http:\/\/www.slineamt.ro\/apostolul\/wp-content\/uploads\/2024\/11\/11-ap277-foto1-208x300.jpg 208w, http:\/\/www.slineamt.ro\/apostolul\/wp-content\/uploads\/2024\/11\/11-ap277-foto1-160x231.jpg 160w\" sizes=\"auto, (max-width: 236px) 100vw, 236px\" \/><\/a><\/figure>\n<\/div>\n\n\n<p>Institutul Social Rom\u00e2n din Basarabia a constituit prima institu\u0163ie de cercet\u0103ri \u015ftiin\u0163ifice sociale din spa\u0163iul pruto-nistrean \u015fi cel de al doilea institut social din cadrul Rom\u00e2niei \u00eentregite. A fost \u00eenfiin\u0163at la 18 noiembrie 1934 la Chi\u015fin\u0103u, func\u0163ion\u00e2nd ca filial\u0103 regional\u0103 a Institutului Social Rom\u00e2n din Bucure\u015fti (1918\/1921-1948), aflat sub pre\u015fedin\u0163ia profesorului D. Gusti.<\/p>\n\n\n\n<p>Dezideratul Institutului Social era \u201es\u0103 fac\u0103 p\u00e2rtie de lumin\u0103 asupra satelor \u015fi ora\u015felor care cer s\u0103 fie \u00eendrumate pe calea culturii \u015fi progresului\u201d. La adunarea general\u0103 a Institutului Social Rom\u00e2n din 21 ianuarie 1934 dedicat\u0103 anivers\u0103rii a 15-a a Institutului, D. Gusti a declarat: \u201edac\u0103 exist\u0103m ast\u0103zi, din punctul de vedere al posibilit\u0103\u0163ii de a avea o bibliotec\u0103 \u015fi posibilitatea de existen\u0163\u0103 material\u0103, aceasta se datoreaz\u0103 sprijinului material \u015fi moral al Funda\u0163iei americane Rockfeller, care de doi ani ni-l acord\u0103\u201d.<\/p>\n\n\n\n<p>Inaugurarea Institutului Social Rom\u00e2n din Basarabia a decurs la Prim\u0103ria Chi\u015fin\u0103u.<\/p>\n\n\n\n<p>La adunarea festiv\u0103 au participat D. Gusti, secretarul general al Institutului, Al. Costin, primarul Chi\u015fin\u0103ului, I. Costin \u015fi mediul intelectual din urbe. Pre\u015fedinte de onoare al Institutului basarabean a fost ales Regele Carol al II-lea, iar vicepre\u015fedin\u0163i onorifici \u2013 fostul ministru V. Cristi \u015fi primarul Chi\u015fin\u0103ului I. Costin. Dac\u0103 \u00een perioada 18 noiembrie 1934 &#8211; 14 februarie 1939 Institutul Social Rom\u00e2n din Basarabia a activat ca institu\u0163ie particular\u0103, atunci, \u00eencep\u00e2nd cu 14 februarie 1939, acesta a devenit de stat \u015fi reprezenta o unitate regional\u0103 a Institutului de Cercet\u0103ri Sociale al Rom\u00e2niei. Din punct de vedere financiar, activitatea institutului regional se realiza din cotiza\u0163iile membrilor s\u0103i \u015fi din subven\u0163iile acordate de Prim\u0103ria Chi\u015fin\u0103ului, Prefectura jud. L\u0103pu\u015fna, Consiliul Eparhial din Chi\u015fin\u0103u, Funda\u0163ia Cultural\u0103 Regal\u0103 \u201ePrincipele Carol\u201d etc. \u00cen proiectul de buget pe exerci\u0163iul financiar 1935 &#8211; 1936 al Prim\u0103riei Chi\u015fin\u0103u era prev\u0103zut\u0103 o subven\u0163ie pentru Institutului Social din Basarabia \u00een valoare de 50 de mii de lei.<\/p>\n\n\n\n<p>Filiala de la Chi\u015fin\u0103u \u201ea grupat pe to\u0163i intelectualii basarabeni\u201d \u015fi a func\u0163ionat p\u00e2n\u0103 \u00een anul 1940, av\u00e2nd \u00een vizor cercetarea \u015ftiin\u0163ific\u0103 a satelor \u015fi ora\u015felor. Se utiliza ancheta de teren, dup\u0103 metodologia monografiei sociologice, se prezentau comunic\u0103ri \u015ftiin\u0163ifice. Conduc\u0103torul Institutului Social Rom\u00e2n din Basarabia a fost P. Halippa, iar P. \u015etef\u0103nuc\u0103 \u2013 secretar general.<\/p>\n\n\n\n<p>Activitatea Institutului a fost centrat\u0103, din punct de vedere organizatoric, \u00een mai multe sec\u0163ii: cultur\u0103 (condus\u0103 de prof. T. Bulat), agricol\u0103 (prof. A. Carda\u015f), economic\u0103 (Th. \u015etirbu), juridic\u0103 (Const. C. Georgescu-Vrancea), sociologic\u0103 (H. D\u0103sc\u0103lescu), educa\u0163ie na\u0163ional\u0103 (colonelul V. N\u0103dejde), tehnic\u0103 \u015fi urbanistic\u0103 (inginer N. Profiri), cooperatistic\u0103 (Vl. Ghenzul). Activitatea ins\u00adtitu\u0163iei \u015ftiin\u0163ifice a fost direc\u0163ionat\u0103 \u00een dou\u0103 dimensiuni: conferin\u0163e \u015ftiin\u0163ifice \u015fi cercet\u0103ri monografice.<\/p>\n\n\n<div class=\"wp-block-image\">\n<figure class=\"alignright size-full is-resized\"><a href=\"http:\/\/www.slineamt.ro\/apostolul\/wp-content\/uploads\/2024\/11\/11-ap277-foto2.jpg\"><img loading=\"lazy\" decoding=\"async\" width=\"454\" height=\"289\" src=\"http:\/\/www.slineamt.ro\/apostolul\/wp-content\/uploads\/2024\/11\/11-ap277-foto2.jpg\" alt=\"\" class=\"wp-image-26395\" style=\"width:474px;height:auto\" srcset=\"http:\/\/www.slineamt.ro\/apostolul\/wp-content\/uploads\/2024\/11\/11-ap277-foto2.jpg 454w, http:\/\/www.slineamt.ro\/apostolul\/wp-content\/uploads\/2024\/11\/11-ap277-foto2-300x191.jpg 300w, http:\/\/www.slineamt.ro\/apostolul\/wp-content\/uploads\/2024\/11\/11-ap277-foto2-260x166.jpg 260w, http:\/\/www.slineamt.ro\/apostolul\/wp-content\/uploads\/2024\/11\/11-ap277-foto2-160x102.jpg 160w\" sizes=\"auto, (max-width: 454px) 100vw, 454px\" \/><\/a><\/figure>\n<\/div>\n\n\n<p>La 3 aprilie 1935, \u00een sala festiv\u0103 a Prim\u0103riei Chi\u015fin\u0103u a avut loc inaugurarea ciclului de conferin\u0163e referitoare la valorificarea produc\u0163iei basarabene. La eveniment au participat Gurie, Mitropolit al Basarabiei, \u015fi generalul C\u0103nciulescu, comandantul Corpului III Armat\u0103, secundat de corpul ofi\u0163eresc din garnizoana Chi\u015fin\u0103u, I. Costin, primarul Chi\u015fin\u0103ului, corpul didactic universitar \u015fi secundar din Chi\u015fin\u0103u, corpul etnic, corpul magistra\u0163ilor, baroul avoca\u0163ilor din Chi\u015fin\u0103u, frunta\u015fii camerelor de comer\u0163 din Basarabia. To\u0163i erau \u201eveni\u0163i special la Chi\u015fin\u0103u pentru a participa la aceast\u0103 m\u0103rea\u0163\u0103 manifestare intelectual\u0103\u201d.<\/p>\n\n\n\n<p>La 22 martie 1936, Chi\u015fin\u0103ul a fost vizitat de profesorul D. Gusti, pre\u015fedintele Institutului Social Rom\u00e2n din Bucure\u015fti \u015fi directorul general al Funda\u0163iei Culturale Regale \u201ePrincipele Carol\u201d.<\/p>\n\n\n\n<p>D. Gusti a participat la Adunarea general\u0103 a Institutului Social Rom\u00e2n din Basarabia \u015fi a conferen\u0163iat despre \u201eDoctrin\u0103 \u015fi ac\u0163iune politic\u0103\u201d \u00een Sala Eparhial\u0103, \u00een fa\u0163a unui public numeros. Avocatul C. Stoica, consilier comunal, a salutat din partea Prim\u0103riei Chi\u015fin\u0103u prezen\u0163a lui D. Gusti \u015fi a elogiat activitatea \u015ftiin\u0163ific-cultural\u0103 a savantului.<\/p>\n\n\n\n<p>Din 1936, \u00een cotidianul \u201eVia\u0163a Basarabiei\u201d a fost inaugurat\u0103 rubrica permanent\u0103 \u201eDe la Institutul Social Rom\u00e2n din Basarabia\u201d.<\/p>\n\n\n\n<p>Conservatorul Municipal din Chi\u015fin\u0103u, \u00een cooperare cu Institutul Social Rom\u00e2n din Basarabia \u015fi Funda\u0163ia Cultural\u0103 \u201ePrincipele Carol\u201d, a adus la Chi\u015fin\u0103u dou\u0103 echipe de colind\u0103tori din satele Palanca \u015fi Crocmaz, jud. Cetatea Alb\u0103, care au prezentat, la 27 decembrie 1937, \u201eo audi\u0163ie de colinde ce au fermecat publicul din Chi\u0219in\u0103u prin frumuse\u0163ea \u015fi originalitatea lor ritmic\u0103 \u015fi melodic\u0103\u201d. Sub egida Prim\u0103riei Municipiului Chi\u015fin\u0103u, \u00een prim\u0103vara anului 1937, la Expozi\u0163ia c\u0103r\u0163ii, a fost organizat\u0103 o colec\u0163ie de fotografii etnografice de la Iurceni \u015fi Ni\u015fcani, colectate de Institutul Social Rom\u00e2n din Basarabia.<\/p>\n\n\n\n<p>\u00cen urma anex\u0103rii Basarabiei de c\u0103tre URSS, \u00een iunie 1940, Institutul Social Rom\u00e2n din Basarabia \u015fi-a \u00eencetat activitatea. (<strong>N. R.<\/strong> Preluare dup\u0103 \u2013 <em>Calendar Na\u0163ional 2024<\/em>, Biblioteca Republicii Moldova \u2013 Chi\u015fin\u0103u, 2023)<\/p>\n\n\n\n<p><strong><em>Ion Valer XENOFONTOV<\/em><\/strong><\/p>\n","protected":false},"excerpt":{"rendered":"<p>Institutul Social Rom\u00e2n din Basarabia a constituit prima institu\u0163ie de cercet\u0103ri \u015ftiin\u0163ifice sociale din spa\u0163iul pruto-nistrean \u015fi cel de al doilea institut social din cadrul Rom\u00e2niei \u00eentregite. A fost \u00eenfiin\u0163at la 18 noiembrie 1934 la Chi\u015fin\u0103u, func\u0163ion\u00e2nd ca filial\u0103 regional\u0103&hellip;<\/p>\n<p class=\"more-link-p\"><a class=\"more-link\" href=\"http:\/\/www.slineamt.ro\/apostolul\/lectia-de-istorie\/institutul-social-roman-din-basarabia-1934-1940\/\">Read more &rarr;<\/a><\/p>\n","protected":false},"author":1,"featured_media":0,"comment_status":"open","ping_status":"closed","sticky":false,"template":"","format":"standard","meta":{"footnotes":""},"categories":[6,487],"tags":[],"class_list":["post-26393","post","type-post","status-publish","format-standard","hentry","category-lectia-de-istorie","category-numarul-277"],"_links":{"self":[{"href":"http:\/\/www.slineamt.ro\/apostolul\/wp-json\/wp\/v2\/posts\/26393","targetHints":{"allow":["GET"]}}],"collection":[{"href":"http:\/\/www.slineamt.ro\/apostolul\/wp-json\/wp\/v2\/posts"}],"about":[{"href":"http:\/\/www.slineamt.ro\/apostolul\/wp-json\/wp\/v2\/types\/post"}],"author":[{"embeddable":true,"href":"http:\/\/www.slineamt.ro\/apostolul\/wp-json\/wp\/v2\/users\/1"}],"replies":[{"embeddable":true,"href":"http:\/\/www.slineamt.ro\/apostolul\/wp-json\/wp\/v2\/comments?post=26393"}],"version-history":[{"count":1,"href":"http:\/\/www.slineamt.ro\/apostolul\/wp-json\/wp\/v2\/posts\/26393\/revisions"}],"predecessor-version":[{"id":26396,"href":"http:\/\/www.slineamt.ro\/apostolul\/wp-json\/wp\/v2\/posts\/26393\/revisions\/26396"}],"wp:attachment":[{"href":"http:\/\/www.slineamt.ro\/apostolul\/wp-json\/wp\/v2\/media?parent=26393"}],"wp:term":[{"taxonomy":"category","embeddable":true,"href":"http:\/\/www.slineamt.ro\/apostolul\/wp-json\/wp\/v2\/categories?post=26393"},{"taxonomy":"post_tag","embeddable":true,"href":"http:\/\/www.slineamt.ro\/apostolul\/wp-json\/wp\/v2\/tags?post=26393"}],"curies":[{"name":"wp","href":"https:\/\/api.w.org\/{rel}","templated":true}]}}