{"id":26554,"date":"2024-12-17T14:42:42","date_gmt":"2024-12-17T14:42:42","guid":{"rendered":"https:\/\/www.slineamt.ro\/apostolul\/?p=26554"},"modified":"2024-12-17T14:43:23","modified_gmt":"2024-12-17T14:43:23","slug":"campionii-helios-povestea-din-spatele-succesului","status":"publish","type":"post","link":"http:\/\/www.slineamt.ro\/apostolul\/pasi-spre-europa\/campionii-helios-povestea-din-spatele-succesului\/","title":{"rendered":"Campionii HELIOS \u2013 povestea din spatele succesului"},"content":{"rendered":"<div class=\"wp-block-image\">\n<figure class=\"alignleft size-full is-resized\"><a href=\"http:\/\/www.slineamt.ro\/apostolul\/wp-content\/uploads\/2024\/12\/12-ap278-foto1.jpg\"><img loading=\"lazy\" decoding=\"async\" width=\"179\" height=\"265\" src=\"http:\/\/www.slineamt.ro\/apostolul\/wp-content\/uploads\/2024\/12\/12-ap278-foto1.jpg\" alt=\"\" class=\"wp-image-26555\" style=\"width:233px;height:auto\" srcset=\"http:\/\/www.slineamt.ro\/apostolul\/wp-content\/uploads\/2024\/12\/12-ap278-foto1.jpg 179w, http:\/\/www.slineamt.ro\/apostolul\/wp-content\/uploads\/2024\/12\/12-ap278-foto1-160x237.jpg 160w\" sizes=\"auto, (max-width: 179px) 100vw, 179px\" \/><\/a><\/figure>\n<\/div>\n\n\n<p><strong>\u25cf Interviu cu prof. Ana-Maria Filimon-Vintea<\/strong><\/p>\n\n\n\n<p><em>Dup\u0103 ce a absolvit Colegiul Na\u0163ional \u201e\u015etefan cel Mare\u201d din T\u00e2rgu-Neam\u0163, Ana-Maria Filimon-Vintea a urmat cursurile Facult\u0103\u0163ii de Istorie \u015fi Geografie, Suceava (2001), dup\u0103 care finalizeaz\u0103 cu succes un master \u00een domeniul Protec\u0163iei Familiei \u015fi Copilului, la Universitatea Pedagogic\u0103 \u201eIon Creang\u0103\u201d, Chi\u015fin\u0103u (2022).<\/em><\/p>\n\n\n\n<p><em>A debutat \u00een \u00eenv\u0103\u0163\u0103m\u00e2nt \u00een anul 2001, la Colegiul Tehnic \u201eIon Creang\u0103\u201d, Tg. Neam\u0163, ca profesor de geografie \u015fi a acumulat o experien\u0163\u0103 didactic\u0103 intens\u0103 la Liceul Teologic Ortodox \u201eCuvioasa Parascheva\u201d, Agapia \u015fi la Liceul cu Program Sportiv, Piatra-Neam\u0163.<\/em><\/p>\n\n\n\n<p><em>Din anul 2013 \u015fi p\u00e2n\u0103 \u00een prezent, este profesor de geografie \u015fi educa\u0163ie social\u0103 la \u015ecoala Gimnazial\u0103 nr.3, Piatra-Neam\u0163.<\/em><\/p>\n\n\n\n<p><em>Se poate l\u0103uda cu frumoase rezultate la olimpiade \u015fi concursuri \u015fcolare la nivel jude\u0163ean \u015fi na\u0163ional, dar declar\u0103 c\u0103 cel mai mare succes nu e un astfel de rezultat, ci faptul c\u0103 fiecare elev al ei, cu particularit\u0103\u0163ile sale, pleac\u0103 acas\u0103 cu lec\u0163ia \u00eenv\u0103\u0163at\u0103 \u00een clas\u0103.<\/em><\/p>\n\n\n\n<p><em>\u2013 Ce te-a determinat s\u0103 alegi meseria de dasc\u0103l?<\/em><\/p>\n\n\n\n<p>\u2013 Consider c\u0103 \u00een alegerea unei profesii, un rol decisiv \u00eel joac\u0103 alegerea unui model, dar \u015fi autocunoa\u015fterea. Trebuie s\u0103 fii con\u015ftient c\u0103 ai sau nu, calit\u0103\u0163ile necesare pentru a merge pe un anumit drum.<\/p>\n\n\n\n<p><em>\u2013 Elevii t\u0103i spun c\u0103 \u201eador\u0103 ora de geografie, \u00een ciuda faptului c\u0103, uneori, doamna profesoar\u0103 este sever\u0103\u201d. Care sunt ingredientele unei ore reu\u015fite, cu impact asupra tuturor elevilor?<\/em><\/p>\n\n\n\n<p>\u2013 Nu \u015ftiu c\u00e2t de mult pot \u201eadora\u201d elevii ora de geografie sau oricare alt\u0103 or\u0103 pentru c\u0103, refuz vehement ideea c\u0103 \u015fcoala este responsabil\u0103 cu asigurarea fericirii cuiva!<\/p>\n\n\n\n<p>Abilitatea de a \u201eciti\u201d copilul, de a-i pune \u00een valoare calit\u0103\u0163ile, capacitatea de a-l \u00een\u0163elege, f\u0103r\u0103 a judeca musai ceea ce descoperi, a oferi sprijin, a dori s\u0103 evoluezi, \u00eenv\u0103\u0163area pe tot parcursul vie\u0163ii, sunt c\u00e2teva dintre ingredientele din care \u201eiese\u201d o or\u0103 sau o activitate reu\u015fit\u0103. \u00cen ceea ce prive\u015fte impactul \u201easupra tuturor elevilor\u201d, nu cred c\u0103 e \u00een\u0163elept s\u0103 ne propunem a\u015fa ceva. Consider c\u0103 cea mai sigur\u0103 cale spre e\u015fec este aceea de a \u00eencerca s\u0103-i mul\u0163ume\u015fti pe to\u0163i, pentru c\u0103 ar prersupune s\u0103 renun\u0163i la principii, convingeri \u015fi chiar fair-play.<\/p>\n\n\n\n<p><em>\u2013 Felicit\u0103ri pentru rezultatele excep\u0163ionale ale echipajului HELIOS, pe care l-ai coordonat la campionatul Earthbate 2024! Care este povestea din spatele acestui succes?<\/em><\/p>\n\n\n\n<p>\u2013 Mul\u0163umim! C\u00e2\u015ftigarea Campionatului online pe tema schimb\u0103rilor climatice, organizat de Societatea Rom\u00e2n\u0103 de Reciclare a Bateriilor \u00een parteneriat cu Ministerul Educa\u0163iei, este un rezultat frumos, ob\u0163inut \u00een urma unui efort considerabil al echipei \u201eHelios\u201d, care a avut \u00een componen\u0163\u0103 mai mul\u0163i elevi ai \u015fcolii noastre, p\u00e2n\u0103 la accederea \u00een etapele superioare ale competi\u0163iei. Echipa c\u00e2\u015ftig\u0103toare i-a avut \u00een componen\u0163\u0103 pe elevii <strong>Andrei Postolic\u0103<\/strong>, <strong>Silviu Munteanu<\/strong> \u015fi <strong>Mara Nistor<\/strong>, trei copii excep\u0163ionali care \u015fi-au dorit s\u0103 se implice total \u015fi care nu au spus niciodat\u0103 c\u0103 ar dori s\u0103 renun\u0163e sau c\u0103 e prea greu. \u00cen spatele succesului este vechea poveste&#8230; munc\u0103 \u015fi apoi iar munc\u0103, dar \u015fi sprijinul colegilor din \u015fcoal\u0103 \u015fi nu \u00een cele din urm\u0103, sprijinul doamnei inspector pentru activit\u0103\u0163i extra\u015fcolare Stelu\u0163a Postolic\u0103, pentru c\u0103 a trebuit s\u0103 ne organiz\u0103m \u015fi o strategie de vot.<\/p>\n\n\n\n<p>Spre desoebire de un concurs \u015fcolar care se desf\u0103\u015foar\u0103 sub forma unei probe scrise, campionatul de dezbateri aduce \u00een prim plan abilit\u0103\u0163i \u015fi calit\u0103\u0163i complexe, nu doar o bun\u0103 preg\u0103tire \u015ftiin\u0163ific\u0103 a echipajului. A\u015fadar, primul pas \u015fi cel mai anevoios a fost s\u0103 g\u0103sesc un r\u0103spuns la \u00eentreb\u0103ri: Ce abilit\u0103\u0163i ar trebui s\u0103 aib\u0103 elevii care vor forma echipa? Cum vor face fa\u0163\u0103 preg\u0103tirii temelor de dezbatere, care se schimb\u0103 de la o edi\u0163ie la alta? Vor fi capabili s\u0103 fac\u0103 fa\u0163\u0103 unei competi\u0163ii live? Cum ne vom populariza activitatea pentru a fi urm\u0103ri\u0163i \u015fi vota\u0163i? \u00cen primul r\u00e2nd a trebuit s\u0103 caut \u201eoameni de echip\u0103\u201d pentru c\u0103 nu orice elev foarte bine preg\u0103tit are aceast\u0103 calitate.<\/p>\n\n\n\n<p>Am urm\u0103rit ca echipa s\u0103 corespund\u0103 urm\u0103torului set de criterii: stil, con\u0163inut \u015fi strategie.<\/p>\n\n\n\n<p>Aceast\u0103 competi\u0163ie transmis\u0103 live poate fi comparat\u0103 cu o emisiune TV, deoarece solicit\u0103 la maximum spontaneitatea, st\u0103p\u00e2nirea de sine, o dic\u0163ie impecabil\u0103 \u015fi capacitatea de a face fa\u0163\u0103 unor situa\u0163ii neprev\u0103zute care au ap\u0103rut, inerent \u00een timpul transmisiilor live.<\/p>\n\n\n<div class=\"wp-block-image\">\n<figure class=\"alignright size-full\"><a href=\"http:\/\/www.slineamt.ro\/apostolul\/wp-content\/uploads\/2024\/12\/12-ap278-foto2.jpg\"><img loading=\"lazy\" decoding=\"async\" width=\"529\" height=\"488\" src=\"http:\/\/www.slineamt.ro\/apostolul\/wp-content\/uploads\/2024\/12\/12-ap278-foto2.jpg\" alt=\"\" class=\"wp-image-26556\" srcset=\"http:\/\/www.slineamt.ro\/apostolul\/wp-content\/uploads\/2024\/12\/12-ap278-foto2.jpg 529w, http:\/\/www.slineamt.ro\/apostolul\/wp-content\/uploads\/2024\/12\/12-ap278-foto2-300x277.jpg 300w, http:\/\/www.slineamt.ro\/apostolul\/wp-content\/uploads\/2024\/12\/12-ap278-foto2-260x240.jpg 260w, http:\/\/www.slineamt.ro\/apostolul\/wp-content\/uploads\/2024\/12\/12-ap278-foto2-160x148.jpg 160w\" sizes=\"auto, (max-width: 529px) 100vw, 529px\" \/><\/a><\/figure>\n<\/div>\n\n\n<p>Dincolo de gustul dulce al c\u00e2\u015ftig\u0103rii acestei competi\u0163ii, ar trebui s\u0103 r\u0103m\u00e2n\u0103 sedimentate c\u00e2teva beneficii pe termen lung. Scopul principal al activit\u0103\u0163ilor de educa\u0163ie ecologic\u0103 este acela de a preg\u0103ti noile genera\u0163ii ale \u201esatului mondial\u201d, care a devenit planeta globalizat\u0103, s\u0103 nu mai repete anumite gre\u015feli, \u00eentruc\u00e2t evolu\u0163ia societ\u0103\u0163ii umane a ajuns \u00eentr-o etap\u0103 dificil\u0103.<\/p>\n\n\n\n<p><em>\u2013 Ce alte proiecte ai mai coordonat?<\/em><\/p>\n\n\n\n<p>\u2013 Proiectul educa\u0163ional \u201eMeseriile p\u0103rin\u0163ilor no\u015ftri\u201d, derulat \u00een anul \u015fcolar anterior, a avut drept grup-\u0163int\u0103 elevii de nivel primar \u015fi gimnazial ai \u015fcolii noastre \u015fi a fost ini\u0163iat de doamna profesor pentru \u00eenv\u0103\u0163\u0103m\u00e2nt primar Oana Denisa B\u0103l\u0103u.<\/p>\n\n\n\n<p>\u00cen acest an, pe data de 12 noiembrie, proiectul a fost prezentat la Simpozionul \u201eEduca\u0163ia axat\u0103 pe valori\u201d \u00een cadrul c\u0103ruia am avut calitatea de \u015fcoal\u0103 gazd\u0103, prilej cu care am populari\u00adzat cele mai reu\u015fite activit\u0103\u0163i prin intermediul beneficiarilor s\u0103i direc\u0163i, elevii \u015fcolii noastre.<\/p>\n\n\n\n<p>Despre activitatea <em>Smart City<\/em>, organizat\u0103 \u00een parteneriat cu Agen\u0163ia pentru Protec\u0163ia Mediului Neam\u0163 \u015fi cu Asocia\u0163ia P\u0103rin\u0163ilor, merit\u0103 men\u0163ionat faptul c\u0103 a participat la competi\u0163ia care a desemnat cea mai reu\u015fit\u0103 activitate din <em>S\u0103pt\u0103m\u00e2na Verde<\/em> \u00een anul \u015fcolar anterior, ob\u0163in\u00e2nd un meritat loc 3.<\/p>\n\n\n\n<p><em>\u2013 Ce sfat\/\u00eendemn ai da elevilor t\u0103i care ar dori s\u0103 \u00eembr\u0103\u0163i\u015feze misiunea de profesor de &#8230;geografie?<\/em><\/p>\n\n\n\n<p>\u2013 Sfaturi? Nu dau niciodat\u0103 dac\u0103 nu-mi sunt cerute. \u00cendemnul e simplu: f\u0103 ceea ce sim\u0163i c\u0103 trebuie, f\u0103 ceea ce \u00ee\u0163i place, iar orice ai face, f\u0103 foarte bine! Iar \u00eentr-o societate cu reperele dizolvate, \u00een care toat\u0103 lumea se pricepe la toate, la ce ar mai fi de folos sfaturile cuiva?<\/p>\n\n\n\n<p><strong><em>A consemnat prof. Ramona-Mihaela RO\u015eU<\/em><\/strong><\/p>\n","protected":false},"excerpt":{"rendered":"<p>\u25cf Interviu cu prof. Ana-Maria Filimon-Vintea Dup\u0103 ce a absolvit Colegiul Na\u0163ional \u201e\u015etefan cel Mare\u201d din T\u00e2rgu-Neam\u0163, Ana-Maria Filimon-Vintea a urmat cursurile Facult\u0103\u0163ii de Istorie \u015fi Geografie, Suceava (2001), dup\u0103 care finalizeaz\u0103 cu succes un master \u00een domeniul Protec\u0163iei Familiei&hellip;<\/p>\n<p class=\"more-link-p\"><a class=\"more-link\" href=\"http:\/\/www.slineamt.ro\/apostolul\/pasi-spre-europa\/campionii-helios-povestea-din-spatele-succesului\/\">Read more &rarr;<\/a><\/p>\n","protected":false},"author":1,"featured_media":0,"comment_status":"open","ping_status":"closed","sticky":false,"template":"","format":"standard","meta":{"footnotes":""},"categories":[9,488],"tags":[],"class_list":["post-26554","post","type-post","status-publish","format-standard","hentry","category-pasi-spre-europa","category-numarul-278"],"_links":{"self":[{"href":"http:\/\/www.slineamt.ro\/apostolul\/wp-json\/wp\/v2\/posts\/26554","targetHints":{"allow":["GET"]}}],"collection":[{"href":"http:\/\/www.slineamt.ro\/apostolul\/wp-json\/wp\/v2\/posts"}],"about":[{"href":"http:\/\/www.slineamt.ro\/apostolul\/wp-json\/wp\/v2\/types\/post"}],"author":[{"embeddable":true,"href":"http:\/\/www.slineamt.ro\/apostolul\/wp-json\/wp\/v2\/users\/1"}],"replies":[{"embeddable":true,"href":"http:\/\/www.slineamt.ro\/apostolul\/wp-json\/wp\/v2\/comments?post=26554"}],"version-history":[{"count":2,"href":"http:\/\/www.slineamt.ro\/apostolul\/wp-json\/wp\/v2\/posts\/26554\/revisions"}],"predecessor-version":[{"id":26558,"href":"http:\/\/www.slineamt.ro\/apostolul\/wp-json\/wp\/v2\/posts\/26554\/revisions\/26558"}],"wp:attachment":[{"href":"http:\/\/www.slineamt.ro\/apostolul\/wp-json\/wp\/v2\/media?parent=26554"}],"wp:term":[{"taxonomy":"category","embeddable":true,"href":"http:\/\/www.slineamt.ro\/apostolul\/wp-json\/wp\/v2\/categories?post=26554"},{"taxonomy":"post_tag","embeddable":true,"href":"http:\/\/www.slineamt.ro\/apostolul\/wp-json\/wp\/v2\/tags?post=26554"}],"curies":[{"name":"wp","href":"https:\/\/api.w.org\/{rel}","templated":true}]}}