{"id":26559,"date":"2024-12-17T14:45:27","date_gmt":"2024-12-17T14:45:27","guid":{"rendered":"https:\/\/www.slineamt.ro\/apostolul\/?p=26559"},"modified":"2024-12-17T14:45:27","modified_gmt":"2024-12-17T14:45:27","slug":"80-de-ani-de-la-masacrul-de-la-balti","status":"publish","type":"post","link":"http:\/\/www.slineamt.ro\/apostolul\/lectia-de-istorie\/80-de-ani-de-la-masacrul-de-la-balti\/","title":{"rendered":"80 de ani de la masacrul de la B\u0103l\u0163i"},"content":{"rendered":"<div class=\"wp-block-image\">\n<figure class=\"alignleft size-full is-resized\"><a href=\"http:\/\/www.slineamt.ro\/apostolul\/wp-content\/uploads\/2024\/12\/11-ap278-foto1.jpg\"><img loading=\"lazy\" decoding=\"async\" width=\"311\" height=\"416\" src=\"http:\/\/www.slineamt.ro\/apostolul\/wp-content\/uploads\/2024\/12\/11-ap278-foto1.jpg\" alt=\"\" class=\"wp-image-26560\" style=\"width:334px;height:auto\" srcset=\"http:\/\/www.slineamt.ro\/apostolul\/wp-content\/uploads\/2024\/12\/11-ap278-foto1.jpg 311w, http:\/\/www.slineamt.ro\/apostolul\/wp-content\/uploads\/2024\/12\/11-ap278-foto1-224x300.jpg 224w, http:\/\/www.slineamt.ro\/apostolul\/wp-content\/uploads\/2024\/12\/11-ap278-foto1-260x348.jpg 260w, http:\/\/www.slineamt.ro\/apostolul\/wp-content\/uploads\/2024\/12\/11-ap278-foto1-160x214.jpg 160w\" sizes=\"auto, (max-width: 311px) 100vw, 311px\" \/><\/a><\/figure>\n<\/div>\n\n\n<p>La periferia ora\u015fului B\u0103l\u0163i, \u00een 1944, a avut loc masacrarea prizonierilor lag\u0103relor de concentrare din cel de-Al Doilea R\u0103zboi Mondial. \u00cen masacrul de la B\u0103l\u0163i, comparabil cu cel de la Katyni, sovieticii au&nbsp; executat prizonierii din dou\u0103 lag\u0103re de concentrare, majoritatea rom\u00e2ni, dar \u0219i germani, unguri, italieni, ucraineni, ru\u015fi, polonezi, cehi, slovaci, croa\u0163i.<\/p>\n\n\n\n<p>Mai bine de o jum\u0103tate de secol nu s-a vorbit despre masacrul de la B\u0103l\u0163i, iar cei care \u015fi-au amintit despre acest groaznic eveniment au ajuns \u00een Gulag.<\/p>\n\n\n\n<p>Dup\u0103 23 august 1944, drept urmare a ordinului Regelui Mihai al Rom\u00e2niei, militarilor rom\u00e2ni li se interzice s\u0103 opun\u0103 rezisten\u021b\u0103 armatei sovietice, \u00een felul acesta sunt lua\u0163i \u00een prizonierat 50 de mii de militari, care fuseser\u0103 \u00eenrola\u021bi \u00een trupele SS sau \u00een \u201eE\u015falonul de protec\u0163ie\u201d \u2013 o organiza\u0163ie paramilitar\u0103 care reprezenta baza partidului nazist. Mul\u0163i dintre ei au fost lichida\u0163i cu un glon\u0163 \u00een ceaf\u0103, al\u0163ii au murit din cauza foametei, a frigului, a condi\u0163iilor precare de igien\u0103 \u015fi a lipsei de medicamente,&nbsp; iar mul\u021bi au fost deporta\u0163i \u015fi au pierit \u00een lag\u0103rele din Siberia ori din Kazahstan. O parte au \u00eencercat s\u0103 evadeze, dar au fost mitralia\u0163i. Au fost \u015fi fugari sc\u0103pa\u0163i, pe care nu i-a g\u0103sit nimeni, dec\u00e2t doar atunci c\u00e2nd s-au f\u0103cut singuri cunoscu\u0163i, dup\u0103 destr\u0103marea Uniunii Sovietice.<\/p>\n\n\n\n<p>Conform arhivelor sovietice, \u00een anul 1944, la B\u0103l\u0163i existau dou\u0103 asemenea lag\u0103re \u015fi un spital militar. Lag\u0103rul nr.103 era amplasat \u00een sectorul P\u0103m\u00e2nteni, zona cimitirului evreiesc. Al doilea lag\u0103r (nr. 33) era situat \u00een zona ml\u0103\u015ftinoas\u0103 de l\u00e2ng\u0103 r\u00e2ul R\u0103ut \u015fi de l\u00e2ng\u0103 fabrica de bl\u0103nuri. Era unul dintre cele mai mari ale armatei sovietice \u015fi a existat \u00eentre 16 iunie \u015fi 10 octombrie 1944, fiind \u00eenconjurat de garduri \u00eenalte cu s\u00e2rm\u0103 ghimpat\u0103. Prizonierii acestuia erau du\u015fi \u00een mla\u015ftin\u0103, sili\u021bi s\u0103 sape \u015fan\u0163uri lungi, apoi \u00eempu\u015fca\u0163i \u015fi \u00eengropa\u0163i de solda\u0163ii NKVD (Comisariatului Poporului pentru Afaceri Interne) al URSS. Astfel, \u00een anul 1944, \u00een lag\u0103rul din ora\u015ful B\u0103l\u0163i, au fost extermina\u0163i 12.567 prizonieri, numele lor r\u0103m\u00e2n\u00e2nd necunoscute.<\/p>\n\n\n\n<p>\u00cen cimitirul celuilalt lag\u0103r, nr. 103, conform unui document strict secret descoperit \u00een arhiva Ministerului Afacerilor Interne, au fost \u00eenmorm\u00e2nta\u021bi 2.361 de prizonieri, \u00een 71 de gropi.<\/p>\n\n\n\n<p>\u00cen cimitirul spitalului militar nr. 3.376 (care a func\u021bionat din 1944 p\u00e2n\u0103 la finele anului 1948) au fost g\u0103site 218 morminte.<\/p>\n\n\n\n<p>Pentru fiecare din aceste dou\u0103 unit\u0103\u0163i militare au fost instituite cimitire separate, la circa 400 de metri de ora\u015ful B\u0103l\u0163i, \u00een zona cimitirului evreiesc. Registrele de deces \u0163inute \u00een lag\u0103r \u015fi la spital, p\u0103strate p\u00e2n\u0103-n prezent, con\u0163in informa\u0163ii despre numele decedatului, gradul militar, na\u0163ionalitatea, data mor\u0163ii \u015fi data \u00eenhum\u0103rii, precum \u015fi num\u0103rul morm\u00e2ntului \u00een care a fost \u00eengropat prizonierul.<\/p>\n\n\n\n<p>Masacrul de la B\u0103l\u0163i este comparat cu cel de la Katyn, Polonia, unde \u00een 1940 sovieticii au ucis circa 14-15 mii de prizonieri, fapt recunoscut abia dup\u0103 50 de ani.<\/p>\n\n\n\n<p>\u00cen anii 1991-1992, rudele prizonierilor din lag\u0103rele de la B\u0103l\u0163i au s\u0103pat \u00een mla\u015ftina de l\u00e2ng\u0103 r\u00e2ul R\u0103ut, descoperind o mul\u021bime de cranii \u015fi oase, pe care le-au adunat \u00eentr-o piramid\u0103 imens\u0103, acoperit\u0103 cu un strat de p\u0103m\u00e2nt. \u00cen v\u00e2rful piramidei, a fost construit\u0103 o troi\u0163\u0103 sculptat\u0103 din lemn \u2013 un dar al credincio\u015filor din raionul R\u00e2\u015fcani (din apropierea B\u0103l\u0163ilor). Pe data de 7 mai 1992, aceasta troi\u0163\u0103 a fost sfin\u0163it\u0103 de Petru de B\u0103l\u0163i (actualul mitropolit ortodox al Basarabiei), cu un sobor de preo\u0163i \u015fi monahi, eveniment la care au participat mii de credincio\u015fi, dar \u015fi autorit\u0103\u0163ile ora\u015fului. Pe acel loc urma s\u0103 fie ridicat\u0103 o biseric\u0103 ori o m\u0103n\u0103stire a \u201eOaselor\u201d, r\u0103mas\u0103 doar \u00een proiect.<\/p>\n\n\n\n<p>(<strong>N. R.<\/strong> Preluare \u0219i prelucrare&nbsp; dup\u0103 \u2013 <em>Calendar Na\u0163ional 2024<\/em>, Biblioteca Republicii Moldova \u2013 Chi\u015fin\u0103u, 2023)<\/p>\n\n\n\n<p><strong><em>Elena HARCONI\u0162A<\/em><\/strong><\/p>\n","protected":false},"excerpt":{"rendered":"<p>La periferia ora\u015fului B\u0103l\u0163i, \u00een 1944, a avut loc masacrarea prizonierilor lag\u0103relor de concentrare din cel de-Al Doilea R\u0103zboi Mondial. \u00cen masacrul de la B\u0103l\u0163i, comparabil cu cel de la Katyni, sovieticii au&nbsp; executat prizonierii din dou\u0103 lag\u0103re de concentrare,&hellip;<\/p>\n<p class=\"more-link-p\"><a class=\"more-link\" href=\"http:\/\/www.slineamt.ro\/apostolul\/lectia-de-istorie\/80-de-ani-de-la-masacrul-de-la-balti\/\">Read more &rarr;<\/a><\/p>\n","protected":false},"author":1,"featured_media":0,"comment_status":"open","ping_status":"closed","sticky":false,"template":"","format":"standard","meta":{"footnotes":""},"categories":[6,488],"tags":[],"class_list":["post-26559","post","type-post","status-publish","format-standard","hentry","category-lectia-de-istorie","category-numarul-278"],"_links":{"self":[{"href":"http:\/\/www.slineamt.ro\/apostolul\/wp-json\/wp\/v2\/posts\/26559","targetHints":{"allow":["GET"]}}],"collection":[{"href":"http:\/\/www.slineamt.ro\/apostolul\/wp-json\/wp\/v2\/posts"}],"about":[{"href":"http:\/\/www.slineamt.ro\/apostolul\/wp-json\/wp\/v2\/types\/post"}],"author":[{"embeddable":true,"href":"http:\/\/www.slineamt.ro\/apostolul\/wp-json\/wp\/v2\/users\/1"}],"replies":[{"embeddable":true,"href":"http:\/\/www.slineamt.ro\/apostolul\/wp-json\/wp\/v2\/comments?post=26559"}],"version-history":[{"count":1,"href":"http:\/\/www.slineamt.ro\/apostolul\/wp-json\/wp\/v2\/posts\/26559\/revisions"}],"predecessor-version":[{"id":26561,"href":"http:\/\/www.slineamt.ro\/apostolul\/wp-json\/wp\/v2\/posts\/26559\/revisions\/26561"}],"wp:attachment":[{"href":"http:\/\/www.slineamt.ro\/apostolul\/wp-json\/wp\/v2\/media?parent=26559"}],"wp:term":[{"taxonomy":"category","embeddable":true,"href":"http:\/\/www.slineamt.ro\/apostolul\/wp-json\/wp\/v2\/categories?post=26559"},{"taxonomy":"post_tag","embeddable":true,"href":"http:\/\/www.slineamt.ro\/apostolul\/wp-json\/wp\/v2\/tags?post=26559"}],"curies":[{"name":"wp","href":"https:\/\/api.w.org\/{rel}","templated":true}]}}