{"id":26568,"date":"2024-12-17T14:53:39","date_gmt":"2024-12-17T14:53:39","guid":{"rendered":"https:\/\/www.slineamt.ro\/apostolul\/?p=26568"},"modified":"2024-12-17T15:07:28","modified_gmt":"2024-12-17T15:07:28","slug":"ioan-alexandru-cu-crucea-in-fata-tancurilor","status":"publish","type":"post","link":"http:\/\/www.slineamt.ro\/apostolul\/cronica-literara\/ioan-alexandru-cu-crucea-in-fata-tancurilor\/","title":{"rendered":"Ioan Alexandru, cu crucea, \u00een fa\u0163a tancurilor"},"content":{"rendered":"<div class=\"wp-block-image\">\n<figure class=\"alignleft size-full\"><a href=\"http:\/\/www.slineamt.ro\/apostolul\/wp-content\/uploads\/2024\/12\/08-ap278-foto1.jpg\"><img loading=\"lazy\" decoding=\"async\" width=\"236\" height=\"312\" src=\"http:\/\/www.slineamt.ro\/apostolul\/wp-content\/uploads\/2024\/12\/08-ap278-foto1.jpg\" alt=\"\" class=\"wp-image-26585\" srcset=\"http:\/\/www.slineamt.ro\/apostolul\/wp-content\/uploads\/2024\/12\/08-ap278-foto1.jpg 236w, http:\/\/www.slineamt.ro\/apostolul\/wp-content\/uploads\/2024\/12\/08-ap278-foto1-227x300.jpg 227w, http:\/\/www.slineamt.ro\/apostolul\/wp-content\/uploads\/2024\/12\/08-ap278-foto1-160x212.jpg 160w\" sizes=\"auto, (max-width: 236px) 100vw, 236px\" \/><\/a><\/figure>\n<\/div>\n\n\n<p>\u201eSocot c\u0103 lupta pe care am dus-o ca poet s\u0103-mi scot c\u0103r\u0163ile cre\u015ftine \u00eentr-o perioad\u0103 atee, a fost tot o lupt\u0103!<\/p>\n\n\n\n<p>\u00cens\u0103 nu a fost a\u015fa de deschis\u0103 \u015fi nu s-a putut manifesta \u00een sfera politicului, dar, dup\u0103, Revolu\u0163ie, dreptul de-a fi at\u00e2t de deschis \u00een Parlament mi l-am ob\u0163inut \u00een noaptea de 21 Decembrie \u201989, c\u00e2nd mi-am luat r\u0103mas bun de la so\u0163ie \u015fi copii \u2013 a venit \u015fi so\u0163ia mea cu mine la manifesta\u0163ie, a stat o vreme, a pl\u00e2ns c\u0103 o las singur\u0103 cu cinci copii, \u00eentruc\u00e2t se tr\u0103gea!<\/p>\n\n\n\n<p>Deci m-am desp\u0103r\u0163it de so\u0163ie, care mi-a spus: \u201edac\u0103 a\u015fa \u00ee\u0163i este soarta, Dumnezeu s\u0103 fie cu tine, eu merg acas\u0103 la copii!\u201d.<\/p>\n\n\n\n<p>Eu am r\u0103mas acolo \u00een strad\u0103. F\u0103r\u0103 s\u0103 \u00eemi dau seama a fost o noapte hot\u0103r\u00e2toare, care a schimbat soarta Rom\u00e2niei!<\/p>\n\n\n\n<p>Sunt fericit \u00een vecii-vecilor c\u0103 \u00een noaptea de 21 Decembrie \u201989, c\u00e2nd s-a hot\u0103r\u00e2t soarta \u2013 \u015fi \u00eenc\u0103 erau la putere dictatorii, pentru c\u0103 abia pe data de 22 Decembrie (dup\u0103 vreo 30 \u015fi ceva de ore) au plecat \u2013 am luat parte la manifesta\u0163ia din Pia\u0163a Universit\u0103\u0163ii \u015fi am fost martor la evenimentele de acolo, cu o cruce \u00een m\u00e2n\u0103, cu Sf\u00e2nta Scriptur\u0103 \u015fi cu Icoana M\u00e2ntuitorului. Le \u0163ineam predici solda\u0163ilor s\u0103 nu omoare! Nu era nici un preot din p\u0103cate acolo! Sau cel pu\u0163in eu nu am v\u0103zut.<\/p>\n\n\n\n<p>\u015ei m-au \u00eentrebat \u2013 l\u00e2ng\u0103 trupurile cu s\u00e2nge v\u0103rsat pe caldar\u00e2m, l\u00e2ng\u0103 Universitate \u2013 \u201eE\u015fti pop\u0103?\u201d, pentru c\u0103 f\u0103ceam rug\u0103ciune! Zic, \u201eDa, sunt pop\u0103!\u201d, \u201eHai, domnule p\u0103rinte!\u201d.<\/p>\n\n\n\n<p>Atunci se l\u0103sau jos, iar eu f\u0103ceam slujbe noaptea, acolo pe s\u00e2ngele v\u0103rsat. A doua zi s-a schimbat soarta Rom\u00e2niei! Dup\u0103 ce a fugit Ceau\u015fescu, am ajuns la Televiziune, apoi m-am \u00eentors acas\u0103. \u00cen seara aceea s-a \u00eenfiin\u0163at, \u00een casa mea, Partidul Na\u0163ional Cre\u015ftin \u0162\u0103r\u0103nesc\u201d. (N.R. \u2013 Selec\u0163ii din cartea \u201eDialoguri cu Ioan Alexandru\u201d de Emil \u015eim\u0103ndan. Men\u0163ion\u0103m c\u0103 \u00eentre anii 1990-1992, va fi deputat PN\u0162CD, iar \u00eentre anii 1992-1996, va fi senator de Arad. De asemenea, poetul cre\u015ftin Ioan Alexandru este co-fondator al Grupului de Rug\u0103ciune din Parlamentul Rom\u00e2niei \u015fi fondator al Mi\u015fc\u0103rii Pro-Vita.)<\/p>\n\n\n\n<p><strong><em>Red.<\/em><\/strong><\/p>\n","protected":false},"excerpt":{"rendered":"<p>\u201eSocot c\u0103 lupta pe care am dus-o ca poet s\u0103-mi scot c\u0103r\u0163ile cre\u015ftine \u00eentr-o perioad\u0103 atee, a fost tot o lupt\u0103! \u00cens\u0103 nu a fost a\u015fa de deschis\u0103 \u015fi nu s-a putut manifesta \u00een sfera politicului, dar, dup\u0103, Revolu\u0163ie, dreptul&hellip;<\/p>\n<p class=\"more-link-p\"><a class=\"more-link\" href=\"http:\/\/www.slineamt.ro\/apostolul\/cronica-literara\/ioan-alexandru-cu-crucea-in-fata-tancurilor\/\">Read more &rarr;<\/a><\/p>\n","protected":false},"author":1,"featured_media":0,"comment_status":"open","ping_status":"closed","sticky":false,"template":"","format":"standard","meta":{"footnotes":""},"categories":[16,488],"tags":[],"class_list":["post-26568","post","type-post","status-publish","format-standard","hentry","category-cronica-literara","category-numarul-278"],"_links":{"self":[{"href":"http:\/\/www.slineamt.ro\/apostolul\/wp-json\/wp\/v2\/posts\/26568","targetHints":{"allow":["GET"]}}],"collection":[{"href":"http:\/\/www.slineamt.ro\/apostolul\/wp-json\/wp\/v2\/posts"}],"about":[{"href":"http:\/\/www.slineamt.ro\/apostolul\/wp-json\/wp\/v2\/types\/post"}],"author":[{"embeddable":true,"href":"http:\/\/www.slineamt.ro\/apostolul\/wp-json\/wp\/v2\/users\/1"}],"replies":[{"embeddable":true,"href":"http:\/\/www.slineamt.ro\/apostolul\/wp-json\/wp\/v2\/comments?post=26568"}],"version-history":[{"count":3,"href":"http:\/\/www.slineamt.ro\/apostolul\/wp-json\/wp\/v2\/posts\/26568\/revisions"}],"predecessor-version":[{"id":26586,"href":"http:\/\/www.slineamt.ro\/apostolul\/wp-json\/wp\/v2\/posts\/26568\/revisions\/26586"}],"wp:attachment":[{"href":"http:\/\/www.slineamt.ro\/apostolul\/wp-json\/wp\/v2\/media?parent=26568"}],"wp:term":[{"taxonomy":"category","embeddable":true,"href":"http:\/\/www.slineamt.ro\/apostolul\/wp-json\/wp\/v2\/categories?post=26568"},{"taxonomy":"post_tag","embeddable":true,"href":"http:\/\/www.slineamt.ro\/apostolul\/wp-json\/wp\/v2\/tags?post=26568"}],"curies":[{"name":"wp","href":"https:\/\/api.w.org\/{rel}","templated":true}]}}