{"id":26579,"date":"2024-12-17T15:04:47","date_gmt":"2024-12-17T15:04:47","guid":{"rendered":"https:\/\/www.slineamt.ro\/apostolul\/?p=26579"},"modified":"2024-12-17T15:04:47","modified_gmt":"2024-12-17T15:04:47","slug":"festivalul-de-teatru-redivivus","status":"publish","type":"post","link":"http:\/\/www.slineamt.ro\/apostolul\/eveniment\/festivalul-de-teatru-redivivus\/","title":{"rendered":"FESTIVALUL\u2008DE\u2008TEATRU\u2008REDIVIVUS"},"content":{"rendered":"<div class=\"wp-block-image\">\n<figure class=\"alignleft size-full is-resized\"><a href=\"http:\/\/www.slineamt.ro\/apostolul\/wp-content\/uploads\/2024\/12\/05-ap278-foto1.jpg\"><img loading=\"lazy\" decoding=\"async\" width=\"247\" height=\"302\" src=\"http:\/\/www.slineamt.ro\/apostolul\/wp-content\/uploads\/2024\/12\/05-ap278-foto1.jpg\" alt=\"\" class=\"wp-image-26580\" style=\"width:317px;height:auto\" srcset=\"http:\/\/www.slineamt.ro\/apostolul\/wp-content\/uploads\/2024\/12\/05-ap278-foto1.jpg 247w, http:\/\/www.slineamt.ro\/apostolul\/wp-content\/uploads\/2024\/12\/05-ap278-foto1-245x300.jpg 245w, http:\/\/www.slineamt.ro\/apostolul\/wp-content\/uploads\/2024\/12\/05-ap278-foto1-160x196.jpg 160w\" sizes=\"auto, (max-width: 247px) 100vw, 247px\" \/><\/a><\/figure>\n<\/div>\n\n\n<p>Redivivus \u00eenseamn\u0103 \u00een latin\u0103 re\u00eenviat. Asta \u015ftiam, pentru c\u0103 am f\u0103cut ceva latin\u0103 \u00een tinere\u0163e dar, cercet\u00e2nd, am aflat c\u0103 sensul metaforic al cuv\u00e2ntului l-a dat Cicero, expresia <em>lapis redivivus<\/em> (piatr\u0103 re\u00eenviat\u0103) apar\u0163in\u00e2ndu-i. Extrapola\u0163i.<\/p>\n\n\n\n<p>C\u00e2nd scriu asta, m\u0103 g\u00e2ndesc c\u0103 primul lucru care mi-a trecut prin cap dup\u0103 cortina final\u0103 a Festivalului de Teatru de la Piatra-Neam\u0163 a fost o fraz\u0103 din Evanghelia lui Luca: <em>c\u0103ci fratele t\u0103u acesta, mort era \u015fi a \u00eenviat, pierdut era \u015fi s-a aflat<\/em>. Prilej de bucurie pentru cei prezen\u0163i la ceremonie. \u015ei la Festival.<\/p>\n\n\n\n<p><em>Al treilea desc\u0103lecat<\/em> a fost, de fapt, primul titlu pe care ar fi trebuit s\u0103-l poarte aceste r\u00e2nduri, dar le-am v\u0103zut pe condic\u0103resele zilei afurisindu-m\u0103 doct, cu agheasm\u0103 Chanel \u015fi am renun\u0163at.<\/p>\n\n\n\n<p>&nbsp;Ideea era, totu\u015fi, urm\u0103toarea: prima desc\u0103lecare, sub Ion Coman, fixa \u00een 1969 reperele unui \u201e<strong>Festival<\/strong> al spectacolelor de teatru pentru tineret \u015fi copii\u201d, a doua, sub Nicolae Scarlat, \u00eencerca \u00een 1991 s\u0103 se deschid\u0103 c\u0103tre Europa (cu str\u0103lucire \u00een directoratul lui C.D. Borcia, dar poticnindu-se \u00een cel al Gianinei C\u0103rbunariu), iar cea de a treia desc\u0103lecare, de anul acesta, nu \u00eencepe sub un cap \u00eencoronat, ci sub coordonarea secretarului literar Gen\u0163iana Ionescu. Spun asta pentru c\u0103, din motive obiective, cei doi manageri interimari ai teatrului \u00eensc\u0103una\u0163i dup\u0103 iulie 2024 &#8211; artistul plastic Radu Cristian Macavei \u015fi actri\u0163a Gianina C\u0103t\u0103lina Ene -, nu s-au putut implica prea mult \u00een preg\u0103tirea festivalului, iar sarcinile organizatorului presupuneau &#8211; ca \u00eentr-un timp mai scurt de dou\u0103 luni, pe un buget \u00eenc\u0103 nedefinit, s\u0103 propun\u0103 un repertoriu \u015fi un calendar al festivalului (lucruri care, de regul\u0103, se <strong>stabilesc<\/strong> de pe un an pe altul!). \u015ei, ceea ce era cel mai important, trebuia s\u0103 demonstreze c\u0103 aceast\u0103 edi\u0163ie a Festivalului ia distan\u0163\u0103 \u015fi se dezice, de ciom\u0103geala ideologic\u0103, umbrela teatrului comunitar \u015fi viziunea <em>politically correct<\/em> abordate \u00een ultimele <strong>cinci<\/strong> edi\u0163ii. S-a renun\u0163at deci la trupele de str\u00e2nsur\u0103 \u015fi dramaturgii de cartier, la repertoriul heirupist, la amatorismul zgomotos, pled\u00e2ndu-se pentru profesionalism \u015fi valoare peren\u0103.<\/p>\n\n\n<div class=\"wp-block-image\">\n<figure class=\"alignright size-full\"><a href=\"http:\/\/www.slineamt.ro\/apostolul\/wp-content\/uploads\/2024\/12\/05-ap278-foto2.jpg\"><img loading=\"lazy\" decoding=\"async\" width=\"491\" height=\"328\" src=\"http:\/\/www.slineamt.ro\/apostolul\/wp-content\/uploads\/2024\/12\/05-ap278-foto2.jpg\" alt=\"\" class=\"wp-image-26581\" srcset=\"http:\/\/www.slineamt.ro\/apostolul\/wp-content\/uploads\/2024\/12\/05-ap278-foto2.jpg 491w, http:\/\/www.slineamt.ro\/apostolul\/wp-content\/uploads\/2024\/12\/05-ap278-foto2-300x200.jpg 300w, http:\/\/www.slineamt.ro\/apostolul\/wp-content\/uploads\/2024\/12\/05-ap278-foto2-260x174.jpg 260w, http:\/\/www.slineamt.ro\/apostolul\/wp-content\/uploads\/2024\/12\/05-ap278-foto2-160x107.jpg 160w\" sizes=\"auto, (max-width: 491px) 100vw, 491px\" \/><\/a><\/figure>\n<\/div>\n\n\n<p>A rezultat un program al Festivalului \u00een care erau invitate teatre prestigioase din \u0163ar\u0103 \u015fi, din Capital\u0103, teatrele: Na\u0163ional <em>Ion Luca Caragiale<\/em>, <em>Comedie<\/em>, <em>Odeon<\/em>, <em>Nottara<\/em>, <em>Metropolis<\/em>, <em>Lucia Sturdza Bulandra<\/em>, precum \u015fi Teatrul Na\u0163ional <em>Mihai Eminescu<\/em> din Chi\u015fin\u0103u, cu spectacole de top sau foarte proaspete. \u00cen acela\u015fi timp, nu au fost uitate teatrele cu produc\u0163ii destinate \u00een special copiilor: Teatrul de Anima\u0163ie <em>\u0162\u0103nd\u0103ric\u0103<\/em> Bucure\u015fti, Teatrul <em>Magic Puppet<\/em> Cluj-Napoca, Teatrul <em>Luceaf\u0103rul<\/em> Ia\u015fi \u015fi Teatrul pentru Copii \u015fi Tineret <em>Gong<\/em> Sibiu.<\/p>\n\n\n\n<p>Au semnat spectacole cei mai importan\u0163i regizori ai momentului, to\u0163i fo\u015fti (\u015fi viitori?) colaboratori ai Teatrului Tineretului: Andrei \u015eerban, Silviu Purc\u0103rete, Alexandru Dabija, Radu Afrim, Theodor-Cristian Popescu, Vlad Cristache, Bobi Pricop, Alexandru M\u00e2zg\u0103reanu, \u015fi am reg\u0103sit pe scen\u0103 fo\u015fti actori ai scenei noastre: Oana Pellea, Paul Chiribu\u0163\u0103, Lucia \u015etef\u0103nescu. \u015ei, pentru c\u0103 veni vorba de vedete, nu putem s\u0103 uit\u0103m prezen\u0163ele de marc\u0103 ale acestei edi\u0163ii: Dorina Laz\u0103r, Marius Manole, Marius Bodochi, Vlad Zamfirescu, Adrian Titieni. Adaug, la sf\u00e2r\u015fit, pentru certificarea valorii competi\u0163iei (!?!) numele dramaturgilor \u015fi scriitorilor prezen\u0163i pe afi\u015f: Shakespeare, Moli\u00e8re, Cehov, Gogol, Goldoni, Teodor Mazilu, Mihail Bulgakov, Antoine de Saint-Exup\u00e9ry \u015f. a.<\/p>\n\n\n\n<p>Despre propunerile repertoriale, nimeni nu poate face o sintez\u0103 mai bun\u0103 dec\u00e2t Gen\u0163iana Ionescu: \u201evom vedea <em>pove\u015fti despre oameni care caut\u0103 oameni, ne\u00eencetat, iubire \u00een toate formele ei, via\u0163\u0103 pur \u015fi simplu, luciditate \u015fi umor, confuzii identitare, happy-end-uri provizorii, personaje care se \u00eendr\u0103gostesc printre ruine \u015fi refugia\u0163i, o lume \u00een care expedi\u0163iile nu mai au sens fiindc\u0103 totul a fost deja descoperit, oameni care retr\u0103iesc, la infinit, aceea\u015fi zi, mituri personale \u015fi adev\u0103ruri alternative, locuri ale copil\u0103riei de alt\u0103dat\u0103, societ\u0103\u0163i care par s\u0103 stagneze, apeluri decente la cunoa\u015fterea adev\u0103rului istoric, distan\u0163e dintre noi care cresc \u015fi descresc odat\u0103 cu fiecare alegere, cu fiecare vis, cu fiecare \u00eent\u00e2lnire, pove\u015fti minunate despre prietenie, moralitate, putere \u015fi iertare, dezintegrarea lumii, care are loc la vedere, treptat, aproape inobservabil<\/em> &#8211; spectacole care \u00ee\u0163i vor pune inima la locul ei.\u201d<\/p>\n\n\n\n<p>Suficient? Cred c\u0103 DA.<\/p>\n\n\n\n<p>Nu-i aici locul unei analize exhaustive a calit\u0103\u0163ii spectacolelor &#8211; lumea s-a s\u0103turat de dinozauri &#8211; dar o s\u0103 spun c\u0103 spectacolele lui Andrei \u015eerban (<em>A dou\u0103sprezecea noapte<\/em> &#8211; Teatrul Dramatic Constan\u0163a) \u015fi spectacolul concert semnat de Ada Milea (<em>Jungla<\/em> &#8211; Teatrul pentru Copii \u015fi Tineret GONG Sibiu) m-au uns drept la inim\u0103. (\u201eCe criteriu e \u0103sta?\u201d, str\u00e2mb\u0103 din nas condic\u0103resele cu agheasma&#8230;) \u015ei o s\u0103 mai spun c\u0103 au fost spectacole care m-au \u0163inut \u00een priz\u0103 (Afrim, Dabija, Vlad Zamfirescu), dup\u0103 cum au fost \u015fi altele cu derap\u0103ri de regie \u015fi actori care (\u00eenc\u0103!) mai fac cu ochiul publicului (Had\u00e2rc\u0103, Leta Popescu).<\/p>\n\n\n\n<p>Tr\u0103g\u00e2nd o line constat c\u0103: Publicul nem\u0163ean e interesat de teatru (vreo cinci spectacole au avut c\u00e2te dou\u0103 reprezenta\u0163ii!), e avizat \u015fi, \u00een general instruit. Dramaturgii clasici rezist\u0103 superb, dac\u0103 intr\u0103 pe m\u00e2ini bune (\u015eerban, Dabija) \u015fi se vor descurca bini\u015for \u00een continuare. M-am bucurat, urm\u0103rind reac\u0163iile publicului, de interesul cu care a fost receptat Teodor Mazilu (mai pu\u0163in finalul de la <em>Mobil\u0103 \u015fi durere<\/em> stricat de lipsa de m\u0103sur\u0103 a regizorului). E un semn bun, chiar \u015fi pentru repertoriul Teatrului Tineretului. Dar cel mai tare mi-a pl\u0103cut <em>Jungla<\/em>, Ada Milea fiind un artist complex, care trebuie \u0163inut mereu aproape. \u015ei, \u00een general, spectacolul pentru copii nu trebuie s\u0103 lipseasc\u0103 din nicio stagiune.<\/p>\n\n\n\n<p>O ultim\u0103 remarc\u0103: Mi s-a p\u0103rut tonic\u0103 \u015fi de bun augur prezen\u0163a dlui Daniel-Vasilic\u0103 Harpa, pre\u015fedintele C. J. Neam\u0163 la conferin\u0163a de pres\u0103 provocat\u0103 dup\u0103 festival. Nu cred c\u0103 a fost o vizit\u0103 protocolar\u0103, ci una de suflet, una de luat \u00een posesie problemele grave ale jude\u0163ului. Imaginea \u015fi cultura nu sunt gratuite, iar luciditatea interven\u0163iei domniei sale m\u0103 face s\u0103 cred c\u0103 a \u00een\u0163eles acest lucru.<\/p>\n\n\n\n<p><strong><em>Mircea ZAHARIA<\/em><\/strong><\/p>\n","protected":false},"excerpt":{"rendered":"<p>Redivivus \u00eenseamn\u0103 \u00een latin\u0103 re\u00eenviat. Asta \u015ftiam, pentru c\u0103 am f\u0103cut ceva latin\u0103 \u00een tinere\u0163e dar, cercet\u00e2nd, am aflat c\u0103 sensul metaforic al cuv\u00e2ntului l-a dat Cicero, expresia lapis redivivus (piatr\u0103 re\u00eenviat\u0103) apar\u0163in\u00e2ndu-i. Extrapola\u0163i. C\u00e2nd scriu asta, m\u0103 g\u00e2ndesc c\u0103&hellip;<\/p>\n<p class=\"more-link-p\"><a class=\"more-link\" href=\"http:\/\/www.slineamt.ro\/apostolul\/eveniment\/festivalul-de-teatru-redivivus\/\">Read more &rarr;<\/a><\/p>\n","protected":false},"author":1,"featured_media":0,"comment_status":"open","ping_status":"closed","sticky":false,"template":"","format":"standard","meta":{"footnotes":""},"categories":[18,488],"tags":[],"class_list":["post-26579","post","type-post","status-publish","format-standard","hentry","category-eveniment","category-numarul-278"],"_links":{"self":[{"href":"http:\/\/www.slineamt.ro\/apostolul\/wp-json\/wp\/v2\/posts\/26579","targetHints":{"allow":["GET"]}}],"collection":[{"href":"http:\/\/www.slineamt.ro\/apostolul\/wp-json\/wp\/v2\/posts"}],"about":[{"href":"http:\/\/www.slineamt.ro\/apostolul\/wp-json\/wp\/v2\/types\/post"}],"author":[{"embeddable":true,"href":"http:\/\/www.slineamt.ro\/apostolul\/wp-json\/wp\/v2\/users\/1"}],"replies":[{"embeddable":true,"href":"http:\/\/www.slineamt.ro\/apostolul\/wp-json\/wp\/v2\/comments?post=26579"}],"version-history":[{"count":1,"href":"http:\/\/www.slineamt.ro\/apostolul\/wp-json\/wp\/v2\/posts\/26579\/revisions"}],"predecessor-version":[{"id":26582,"href":"http:\/\/www.slineamt.ro\/apostolul\/wp-json\/wp\/v2\/posts\/26579\/revisions\/26582"}],"wp:attachment":[{"href":"http:\/\/www.slineamt.ro\/apostolul\/wp-json\/wp\/v2\/media?parent=26579"}],"wp:term":[{"taxonomy":"category","embeddable":true,"href":"http:\/\/www.slineamt.ro\/apostolul\/wp-json\/wp\/v2\/categories?post=26579"},{"taxonomy":"post_tag","embeddable":true,"href":"http:\/\/www.slineamt.ro\/apostolul\/wp-json\/wp\/v2\/tags?post=26579"}],"curies":[{"name":"wp","href":"https:\/\/api.w.org\/{rel}","templated":true}]}}