{"id":26587,"date":"2024-12-17T15:10:49","date_gmt":"2024-12-17T15:10:49","guid":{"rendered":"https:\/\/www.slineamt.ro\/apostolul\/?p=26587"},"modified":"2024-12-17T15:10:49","modified_gmt":"2024-12-17T15:10:49","slug":"ioan-alexandru-despre-satul-romanesc-ca-spatiu-ideal-al-copilariei","status":"publish","type":"post","link":"http:\/\/www.slineamt.ro\/apostolul\/cronica-literara\/ioan-alexandru-despre-satul-romanesc-ca-spatiu-ideal-al-copilariei\/","title":{"rendered":"Ioan Alexandru despre satul rom\u00e2nesc ca spa\u0163iu ideal al copil\u0103riei"},"content":{"rendered":"<div class=\"wp-block-image\">\n<figure class=\"alignleft size-full is-resized\"><a href=\"http:\/\/www.slineamt.ro\/apostolul\/wp-content\/uploads\/2024\/12\/07-ap278-foto1.jpg\"><img loading=\"lazy\" decoding=\"async\" width=\"296\" height=\"502\" src=\"http:\/\/www.slineamt.ro\/apostolul\/wp-content\/uploads\/2024\/12\/07-ap278-foto1.jpg\" alt=\"\" class=\"wp-image-26569\" style=\"width:313px;height:auto\" srcset=\"http:\/\/www.slineamt.ro\/apostolul\/wp-content\/uploads\/2024\/12\/07-ap278-foto1.jpg 296w, http:\/\/www.slineamt.ro\/apostolul\/wp-content\/uploads\/2024\/12\/07-ap278-foto1-177x300.jpg 177w, http:\/\/www.slineamt.ro\/apostolul\/wp-content\/uploads\/2024\/12\/07-ap278-foto1-260x441.jpg 260w, http:\/\/www.slineamt.ro\/apostolul\/wp-content\/uploads\/2024\/12\/07-ap278-foto1-160x271.jpg 160w\" sizes=\"auto, (max-width: 296px) 100vw, 296px\" \/><\/a><\/figure>\n<\/div>\n\n\n<p><strong>Ioan Alexandru s-a n\u0103scut de Cr\u0103ciun, \u00een 1941 (dup\u0103 propria lui m\u0103rturisire) \u00eentr-un sat din Transilvania. Debuteaz\u0103 \u00een revista <em>Tribuna<\/em> cu poezii (1960) \u015fi, editorial, \u00een 1964 cu volumul \u201eCum s\u0103 v\u0103 spun\u201d; urmeaz\u0103 \u201eVia\u0163a deocamdat\u0103\u201d (1965), \u201eInfernul discutabil\u201d (1966), \u201eV\u0103mile pustiei\u201d (1969), \u201ePoeme\u201d (1970), \u201eImnele Bucuriei\u201d (1973), \u201eImnele Transilvaniei\u201d (1978), \u201eImnele \u0162\u0103rii Rom\u00e2ne\u015fti\u201d (1981), \u201ePoezii\u201d (1982), \u201eImnele Iubirii\u201d (1983), \u201eIubirea de Patrie\u201d (1985), \u201eImnele Maramure\u015fului\u201d (1988), \u201eAmintirea poetului\u201d (postum, 2003), pentru a aminti doar c\u00e2teva titluri din bogata zestre liric\u0103 mo\u015ftenit\u0103 de la Ioan Alexandru.<\/strong><\/p>\n\n\n\n<p><strong>Pe l\u00e2ng\u0103 volumele originale, a realizat \u015fi traduceri din R.M. Rilke (Scrisori c\u0103tre un t\u00e2n\u0103r poet), Pindar (Ode) \u015fi o traducere a \u201eC\u00e2nt\u0103rii c\u00e2nt\u0103rilor\u201d, din limba ebraic\u0103 (1977). \u015ei-a luat doctoratul \u00een litere cu teza \u201ePatria la Pindar \u015fi Eminescu\u201d (1973).<\/strong><\/p>\n\n\n\n<p><strong>A primit Premiul Uniunii Scriitorilor (1965); Premiul Asocia\u0163iei Scriitorilor din Bucure\u015fti (1981).<\/strong><\/p>\n\n\n<div class=\"wp-block-image\">\n<figure class=\"alignright size-full\"><a href=\"http:\/\/www.slineamt.ro\/apostolul\/wp-content\/uploads\/2024\/12\/07-ap278-foto2.jpg\"><img loading=\"lazy\" decoding=\"async\" width=\"416\" height=\"293\" src=\"http:\/\/www.slineamt.ro\/apostolul\/wp-content\/uploads\/2024\/12\/07-ap278-foto2.jpg\" alt=\"\" class=\"wp-image-26570\" srcset=\"http:\/\/www.slineamt.ro\/apostolul\/wp-content\/uploads\/2024\/12\/07-ap278-foto2.jpg 416w, http:\/\/www.slineamt.ro\/apostolul\/wp-content\/uploads\/2024\/12\/07-ap278-foto2-300x211.jpg 300w, http:\/\/www.slineamt.ro\/apostolul\/wp-content\/uploads\/2024\/12\/07-ap278-foto2-260x183.jpg 260w, http:\/\/www.slineamt.ro\/apostolul\/wp-content\/uploads\/2024\/12\/07-ap278-foto2-160x113.jpg 160w\" sizes=\"auto, (max-width: 416px) 100vw, 416px\" \/><\/a><\/figure>\n<\/div>\n\n\n<p>Copil\u0103ria \u015fi-o petrece \u00een lumea satului transilvan. Iat\u0103 cum \u00ee\u015fi va aminti mai t\u00e2rziu, \u00een anii maturit\u0103\u0163ii, de locurile natale: \u201ePot s\u0103 spun c\u0103 \u00eentreaga mea copil\u0103rie este leg\u0103nat\u0103 de tradi\u0163ia teribil\u0103 a Transilvaniei, a unui sat, a\u015f putea spune ancestral, de dealuri ce premerg Mun\u0163ii Apuseni, cu oameni viguro\u015fi, p\u0103str\u0103tori de tradi\u0163ie \u015fi r\u00e2nduieli&#8230; Satul transilvan, cu toat\u0103 austeritatea \u015fi sacralitatea lui, este o permanen\u0163\u0103 \u00een scrisul meu. C\u00e2nd am plecat de acolo am avut sentimentul c\u0103 am plecat din rai \u015fi a\u015fa a fost. P\u00e2n\u0103 c\u00e2nd am \u00eenjghebat familia \u00een care am reg\u0103sit acel rai, \u00eentr-o alt\u0103 form\u0103, satul a r\u0103mas nucleul existen\u0163ei mele.\u201d (\u201eDialoguri cu Ioan Alexandru\u201d)<\/p>\n\n\n\n<p>Afirma\u0163ia scoate \u00een eviden\u0163\u0103 leg\u0103tura profund\u0103 a lui Ioan Alexandru cu lumea satului transilv\u0103nean \u015fi modul \u00een care aceast\u0103 experien\u0163\u0103 a copil\u0103riei i-a marcat opera literar\u0103. Poetul descrie satul transilvan ca fiind un spa\u0163iu sacru, plin de tradi\u0163ii \u015fi r\u00e2nduieli care au format un nucleu al identit\u0103\u0163ii sale. Satul este v\u0103zut nu doar ca un spa\u0163iu fizic, ci \u015fi ca un simbol al purit\u0103\u0163ii, al valorilor autentice \u015fi al vie\u0163ii ordonate, aproape mitice.<\/p>\n\n\n\n<p>Austeritatea \u015fi sacralitatea satului sunt elemente care reflect\u0103 profunzimea unei lumi rurale ce p\u0103streaz\u0103 un echilibru str\u00e2ns \u00eentre via\u0163a spiritual\u0103 \u015fi existen\u0163a de zi cu zi. Ioan Alexandru percepe aceast\u0103 lume ca fiind un adev\u0103rat \u201erai\u201d \u2013 o metafor\u0103 ce subliniaz\u0103 frumuse\u0163ea, simplitatea \u015fi autenticitatea vie\u0163ii de la \u0163ar\u0103. De asemenea, folose\u015fte termenul \u201epermanen\u0163\u0103\u201d pentru a ar\u0103ta c\u00e2t de constant \u015fi profund impregnat este acest spa\u0163iu \u00een scrisul s\u0103u.<\/p>\n\n\n\n<p>Cuvintele sale reflect\u0103 nostalgia \u015fi dorul pentru o lume a ordinii, a tradi\u0163iei \u015fi a apartenen\u0163ei, o lume pe care a trebuit s\u0103 o p\u0103r\u0103seasc\u0103, dar care a r\u0103mas vie \u00een amintirile \u015fi \u00een crea\u0163ia sa literar\u0103. Redescoperirea acelui \u201erai\u201d \u00een familie arat\u0103 nevoia sa de a reg\u0103si leg\u0103tura pierdut\u0103 cu spa\u0163iul sacru al satului, c\u0103ut\u00e2nd echilibrul \u015fi tradi\u0163iile \u00een cadrul c\u0103minului s\u0103u. Acest aspect accentueaz\u0103 importan\u0163a r\u0103d\u0103cinilor \u00een via\u0163a sa, satul devenind un fel de centru spiritual \u015fi existen\u0163ial.<\/p>\n\n\n\n<p>A\u015fadar, universul rural transilv\u0103nean a avut un impact de ne\u015fters asupra form\u0103rii sale ca scriitor \u015fi om. Ioan Alexandru \u00ee\u015fi contureaz\u0103 identitatea literar\u0103 \u015fi uman\u0103 prin prisma unei leg\u0103turi intense \u015fi profunde cu locurile natale, construind o viziune \u00een care tradi\u0163iile, austeritatea, sacralitatea \u015fi amintirea satului devin surs\u0103 inepuizabil\u0103 de inspira\u0163ie.<\/p>\n\n\n\n<p>\u201eAm copil\u0103rit \u00eentr-o perioad\u0103 mai zbuciumat\u0103 din istoria noastr\u0103, dar tr\u0103iam \u00een natur\u0103. C\u0103l\u0103ream caii de mic \u015fi codrul era la doi pa\u015fi de sat, turmele \u015fi izvoarele \u015fi cerul uria\u015f rev\u0103rsat peste noi. Dormeam \u00een f\u00e2n vara \u015fi \u00eenainte de ivirea zorilor eram pe c\u00e2mp cu caii \u015fi bivolii la p\u0103scut. Iarna cu oile. \u015etiu de mic toat\u0103 r\u00e2nduiala naturii&#8230;\u201d A\u015fa va p\u0103stra \u00een memorie imaginea copil\u0103riei! Amintirile lui Ioan Alexandru evoc\u0103 o copil\u0103rie profund conectat\u0103 cu natura, care devine fundalul unei vie\u0163i marcate de r\u00e2nduieli \u015fi tradi\u0163ii ancestrale. Poetul reconstituie un univers al satului transilv\u0103nean \u00een care experien\u0163ele de zi cu zi sunt str\u00e2ns legate de peisajul natural, simboliz\u00e2nd o existen\u0163\u0103 armonioas\u0103, autentic\u0103, dar \u015fi plin\u0103 de responsabilit\u0103\u0163i. \u00cen mijlocul unei perioade zbuciumate, poetul g\u0103se\u015fte stabilitate \u015fi echilibru \u00een leg\u0103tura sa cu natura. El subliniaz\u0103 cum c\u0103l\u0103ritul, p\u0103\u015funatul animalelor \u015fi dormitul \u00een f\u00e2n sunt experien\u0163e care i-au format sim\u0163ul disciplinei \u015fi respectul fa\u0163\u0103 de r\u00e2nduiala natural\u0103. Prezen\u0163a constant\u0103 a elementelor naturale \u2013 codrul, turmele, izvoarele \u015fi cerul vast \u2013 nu doar c\u0103 ofer\u0103 un cadru vizual impresionant, dar devine simbol al unei for\u0163e vitale, al continuit\u0103\u0163ii \u015fi al leg\u0103turii omului cu p\u0103m\u00e2ntul s\u0103u natal. Ritualurile zilnice, precum trezitul \u00eenainte de zori pentru a merge pe c\u00e2mp, pun accent pe disciplina \u00eenv\u0103\u0163at\u0103 \u00een copil\u0103rie. Aceast\u0103 \u201er\u00e2nduial\u0103 a naturii\u201d despre care vorbe\u015fte poetul reflect\u0103 o ordine fireasc\u0103, o succesiune de activit\u0103\u0163i care aduce stabilitate \u015fi sens vie\u0163ii de zi cu zi. Contactul direct cu animalele \u015fi munca c\u00e2mpului confer\u0103 o valoare spiritual\u0103 muncii \u015fi naturii, elemente ce au fost ulterior transfigurate \u00een scrisul s\u0103u.<\/p>\n\n\n\n<p>Mai mult dec\u00e2t at\u00e2t, aceast\u0103 imagine idilic\u0103 a satului devine un refugiu, un spa\u0163iu de puritate \u015fi simplitate care contrasteaz\u0103 cu zbuciumul vremurilor. Pentru poet, natura \u015fi leg\u0103tura sa profund\u0103 cu aceasta reprezint\u0103 o surs\u0103 de inspira\u0163ie \u015fi o valoare de baz\u0103 care \u00ee\u015fi g\u0103se\u015fte locul \u00een poeziile sale. Rela\u0163ia sa cu natura \u00eei define\u015fte identitatea \u015fi \u00eei marcheaz\u0103 viziunea poetic\u0103, oferindu-i un sim\u0163 puternic al apartenen\u0163ei \u015fi o temelie spiritual\u0103.<\/p>\n\n\n<div class=\"wp-block-image\">\n<figure class=\"alignleft size-full\"><a href=\"http:\/\/www.slineamt.ro\/apostolul\/wp-content\/uploads\/2024\/12\/07-ap278-foto3.jpg\"><img loading=\"lazy\" decoding=\"async\" width=\"454\" height=\"303\" src=\"http:\/\/www.slineamt.ro\/apostolul\/wp-content\/uploads\/2024\/12\/07-ap278-foto3.jpg\" alt=\"\" class=\"wp-image-26571\" srcset=\"http:\/\/www.slineamt.ro\/apostolul\/wp-content\/uploads\/2024\/12\/07-ap278-foto3.jpg 454w, http:\/\/www.slineamt.ro\/apostolul\/wp-content\/uploads\/2024\/12\/07-ap278-foto3-300x200.jpg 300w, http:\/\/www.slineamt.ro\/apostolul\/wp-content\/uploads\/2024\/12\/07-ap278-foto3-260x174.jpg 260w, http:\/\/www.slineamt.ro\/apostolul\/wp-content\/uploads\/2024\/12\/07-ap278-foto3-160x107.jpg 160w\" sizes=\"auto, (max-width: 454px) 100vw, 454px\" \/><\/a><\/figure>\n<\/div>\n\n\n<p>Astfel, prin aceste amintiri, Ioan Alexandru creeaz\u0103 un portret viu al unei copil\u0103rii tr\u0103ite \u00een mijlocul naturii, \u00een care ritmurile simple ale vie\u0163ii rurale \u015fi ale p\u0103m\u00e2ntului au fost integrate \u00een mod profund \u00een existen\u0163a sa \u015fi \u00een crea\u0163ia sa literar\u0103. Acest fragment reflect\u0103 nostalgia \u015fi reveren\u0163a fa\u0163\u0103 de o lume pierdut\u0103, dar p\u0103strat\u0103 vie \u00een memoria \u015fi poezia sa.<\/p>\n\n\n\n<p>Lui Aurel Sasu, \u00eentr-un dialog publicat \u00een \u201eTribuna\u201d, \u00een 1975, \u00eei declara: \u201eA fi poet \u00eenseamn\u0103 a lua \u00een grija ta totul, tot ce fiin\u0163eaz\u0103 \u00eentr-o patrie\u201d; afirma\u0163ia ofer\u0103 o viziune complex\u0103 \u015fi profund\u0103 asupra rolului poetului \u00een societate. Aceast\u0103 viziune implic\u0103 o responsabilitate total\u0103 \u015fi un angajament fa\u0163\u0103 de comunitatea \u00een care poetul tr\u0103ie\u015fte \u015fi fa\u0163\u0103 de tot ceea ce define\u015fte existen\u0163a unei patrii \u2013 tradi\u0163ii, valori culturale, istorie, natur\u0103, spiritualitate, dar \u015fi suferin\u0163ele \u015fi provoc\u0103rile contemporane.<\/p>\n\n\n\n<p>Ioan Alexandru vede poetul ca pe un p\u0103str\u0103tor al identit\u0103\u0163ii colective \u015fi un veghetor al valorilor \u015fi r\u00e2nduielilor care definesc existen\u0163a unui popor. A \u201elua \u00een grija ta totul\u201d nu \u00eenseamn\u0103 doar a crea versuri frumoase, ci a absorbi \u015fi a reflecta realitatea \u00een poezie, a proteja patrimoniul spiritual \u015fi cultural al unei na\u0163iuni \u015fi a da glas at\u00e2t bucuriilor, c\u00e2t \u015fi durerilor poporului. Poetul devine astfel un mediator \u00eentre trecut \u015fi prezent, \u00eentre valorile ancestrale \u015fi nevoile prezentului, p\u0103str\u00e2nd echilibrul \u00eentre sacru \u015fi profan, \u00eentre individual \u015fi colectiv.<\/p>\n\n\n\n<p>Aceast\u0103 concep\u0163ie presupune o sensibilitate acut\u0103, o empatie cu tot ce \u00eenseamn\u0103 via\u0163a colectiv\u0103 a unui popor \u015fi o responsabilitate moral\u0103 de a spune adev\u0103rul \u015fi de a conserva identitatea. El atribuie poeziei o misiune nobil\u0103, prin care poetul \u00ee\u015fi asum\u0103 rolul de a da form\u0103 memoriei colective, de a rezista trecerii timpului \u015fi de a proteja cultura \u015fi valorile esen\u0163iale ale unui popor. Astfel, poe\u0163ii nu sunt doar creatori de literatur\u0103, ci \u015fi lideri spirituali, care \u00eenfrunt\u0103 realitatea \u015fi o transfigureaz\u0103 pentru a p\u0103stra integritatea \u015fi sufletul unui neam.<\/p>\n\n\n\n<p>Prin aceast\u0103 \u201eviziune\u201d, Ioan Alexandru reaminte\u015fte despre sacrificiul \u015fi dedica\u0163ia cerute de aceast\u0103 misiune poetic\u0103, \u00een care poetul \u00ee\u015fi asum\u0103 sarcina de a da glas valorilor, durerilor \u015fi speran\u0163elor unei na\u0163iuni. A\u015fadar, poezia devine un act de slujire, o chemare \u00eenalt\u0103 prin care poetul \u00ee\u015fi transcende propriile limite pentru a deveni o voce a colectivit\u0103\u0163ii, angajat\u0103 s\u0103 p\u0103streze vie identitatea unui popor, s\u0103-i transmit\u0103 mo\u015ftenirea \u015fi s\u0103-i ofere o viziune care transcende prezentul.<\/p>\n\n\n\n<p>\u00centr-o perioad\u0103 istoric\u0103 zbuciumat\u0103, natura ofer\u0103 stabilitate \u015fi sens. Poetul crede c\u0103, de\u015fi timpurile erau grele, leg\u0103tura sa cu natura i-a oferit un spa\u0163iu de refugiu \u015fi cre\u015ftere, \u00een care \u015fi-a format identitatea \u015fi unde a \u00eenv\u0103\u0163at lec\u0163ii esen\u0163iale despre lume \u015fi via\u0163\u0103. Aceast\u0103 experien\u0163\u0103 direct\u0103 cu elementele naturii, cu ciclurile anotimpurilor \u015fi cu responsabilit\u0103\u0163ile vie\u0163ii rurale i-a modelat \u00een profunzime viziunea poetic\u0103, aduc\u00e2nd \u00een poezia sa un aer de autenticitate, puritate \u015fi profunzime spiritual\u0103.<\/p>\n\n\n\n<p><strong><em>Prof. dr. Gheorghe BR\u00c2NZEI<\/em><\/strong><\/p>\n","protected":false},"excerpt":{"rendered":"<p>Ioan Alexandru s-a n\u0103scut de Cr\u0103ciun, \u00een 1941 (dup\u0103 propria lui m\u0103rturisire) \u00eentr-un sat din Transilvania. Debuteaz\u0103 \u00een revista Tribuna cu poezii (1960) \u015fi, editorial, \u00een 1964 cu volumul \u201eCum s\u0103 v\u0103 spun\u201d; urmeaz\u0103 \u201eVia\u0163a deocamdat\u0103\u201d (1965), \u201eInfernul discutabil\u201d (1966),&hellip;<\/p>\n<p class=\"more-link-p\"><a class=\"more-link\" href=\"http:\/\/www.slineamt.ro\/apostolul\/cronica-literara\/ioan-alexandru-despre-satul-romanesc-ca-spatiu-ideal-al-copilariei\/\">Read more &rarr;<\/a><\/p>\n","protected":false},"author":1,"featured_media":0,"comment_status":"open","ping_status":"closed","sticky":false,"template":"","format":"standard","meta":{"footnotes":""},"categories":[16,488],"tags":[],"class_list":["post-26587","post","type-post","status-publish","format-standard","hentry","category-cronica-literara","category-numarul-278"],"_links":{"self":[{"href":"http:\/\/www.slineamt.ro\/apostolul\/wp-json\/wp\/v2\/posts\/26587","targetHints":{"allow":["GET"]}}],"collection":[{"href":"http:\/\/www.slineamt.ro\/apostolul\/wp-json\/wp\/v2\/posts"}],"about":[{"href":"http:\/\/www.slineamt.ro\/apostolul\/wp-json\/wp\/v2\/types\/post"}],"author":[{"embeddable":true,"href":"http:\/\/www.slineamt.ro\/apostolul\/wp-json\/wp\/v2\/users\/1"}],"replies":[{"embeddable":true,"href":"http:\/\/www.slineamt.ro\/apostolul\/wp-json\/wp\/v2\/comments?post=26587"}],"version-history":[{"count":1,"href":"http:\/\/www.slineamt.ro\/apostolul\/wp-json\/wp\/v2\/posts\/26587\/revisions"}],"predecessor-version":[{"id":26588,"href":"http:\/\/www.slineamt.ro\/apostolul\/wp-json\/wp\/v2\/posts\/26587\/revisions\/26588"}],"wp:attachment":[{"href":"http:\/\/www.slineamt.ro\/apostolul\/wp-json\/wp\/v2\/media?parent=26587"}],"wp:term":[{"taxonomy":"category","embeddable":true,"href":"http:\/\/www.slineamt.ro\/apostolul\/wp-json\/wp\/v2\/categories?post=26587"},{"taxonomy":"post_tag","embeddable":true,"href":"http:\/\/www.slineamt.ro\/apostolul\/wp-json\/wp\/v2\/tags?post=26587"}],"curies":[{"name":"wp","href":"https:\/\/api.w.org\/{rel}","templated":true}]}}