{"id":2661,"date":"2013-10-05T10:31:58","date_gmt":"2013-10-05T10:31:58","guid":{"rendered":"http:\/\/www.cnrv.ro\/apostolul\/?p=2661"},"modified":"2013-10-05T10:31:58","modified_gmt":"2013-10-05T10:31:58","slug":"calendar-septembrie","status":"publish","type":"post","link":"http:\/\/www.slineamt.ro\/apostolul\/lectia-de-istorie\/calendar-septembrie\/","title":{"rendered":"Calendar &#8211; Septembrie"},"content":{"rendered":"<p>05. VLAHU\u0162\u0102, Alexandru<br \/>\nscriitor (5 sept. 1858 \u2013 19 nov. 1919) \u2013 155 de ani de la na\u015ftere<br \/>\n05. CAMPANELLA, Tommaso<br \/>\nfilosof \u015fi scriitor italian (5 septembrie 1568 \u2013 21 mai 1639) \u2013 445 de ani de la na\u015ftere<br \/>\n07.  BARBU, Eugen<br \/>\n scriitor \u015fi publicist (20 feb. 1924 \u2013 7 sept. 1993) \u2013 20 ani de la moarte<br \/>\n08. JARRY, Alfred<br \/>\nscriitor francez (8 septembrie 1873 \u2013 1 noiembrie 1907) \u2013 140 de ani de la na\u015ftere<br \/>\n08. Ziua Interna\u0163ional\u0103 pentru Alfabetizare<br \/>\nInstituit\u0103 de UNESCO \u00een 1966 pentru activizarea eforturilor societ\u0103\u0163ii pentru lichidarea analfabetismului<br \/>\n09. MALLARM\u00c9, Stephane<br \/>\nscriitor francez (18 martie 1842 \u2013 9 septembrie 1898) \u2013 115ani de la moartea poetului francez<br \/>\n14. BOGZA, Geo<br \/>\nscriitor (6 feb. 1908 \u2013 14 sept. 1993) \u2013 20 de ani de la moarte<br \/>\n15. EULER, Leonard<br \/>\nmatematician, fizician \u015fi astronom elve\u0163ian (14 aprilie 1707 \u2013 15 septembrie 1783) \u2013 230 de ani de la moarte<br \/>\n15. WOLFE, Thomas<br \/>\n romancier american (3 octombrie 1900 \u2013 15 septembrie 1938) \u2013 75 de ani de la moarte<br \/>\n15. Ziua Interna\u0163ional\u0103 a Democra\u0163iei<br \/>\nInstituit\u0103 de ONU \u00een 2007 (Rezolu\u0163ia 62\/7) pentru a atrage aten\u0163ia asupra st\u0103rii democra\u0163iei \u00een lume<br \/>\n17. LAZ\u0102R, Gheorghe<br \/>\n c\u0103rturar (5 iun. 1779 \u2013 17 sept. 1823) \u2013 190 de ani de la moarte<br \/>\n17. HA\u015eDEU, Iulia<br \/>\nscriitor (14 nov. 1869 \u2013 17 sept. 1888) \u2013 125 de ani de la moarte<br \/>\n20. GRIMM, Jakob filolog \u015fi scriitorul german<br \/>\n (4 ianuarie 1785 \u2013 20 septembrie 1863) \u2013 150 de ani de la moarte<br \/>\n21. Ziua Interna\u0163ional\u0103 a P\u0103cii<br \/>\nInstituit\u0103 de ONU \u00een 2001 (Rezolu\u0163ia 55\/282) ca zi a non-violen\u0163ei, f\u0103r\u0103 focuri de arm\u0103, toate na\u0163iunile \u015fi popoarele fiind chemate s\u0103 \u00eenceteze orice ostilit\u0103\u0163i pe parcursul acestei zile<br \/>\n26. ELIOT, T.S.<br \/>\n poet \u015fi dramaturg britanic de origine american\u0103, laureat al Premiului \u201eNobel\u201d pentru Literatur\u0103 pe anul 1948 (26 septembrie 1888 \u2013 4 ianuarie 1965) \u2013 125 de ani de la na\u015ftere<br \/>\n26. Ziua Limbilor Europene<br \/>\nSe marcheaz\u0103 din 2001, la decizia Consiliului Europei, pentru a serba diversitatea lingvistic\u0103 \u00een Europa \u015fi a \u00eencuraja popula\u0163ia s\u0103 cunoasc\u0103 un num\u0103r mai mare de limbi str\u0103ine<br \/>\n27. Ziua Mondial\u0103 a Turismului<br \/>\nZiua Organiza\u0163iei Mondiale a Turismului, pentru a determina comunitatea interna\u0163ional\u0103 s\u0103 con\u015ftientizeze importan\u0163a turismului \u015fi valorile sale culturale, sociale, politice \u015fi economice<br \/>\n28 Ziua Interna\u0163ional\u0103 a Dreptului de a \u015eti<br \/>\nInstituit\u0103 \u00een 2002, la ini\u0163iativa re\u0163elei interna\u0163ionale a activi\u015ftilor \u00een domeniul accesului la informa\u0163iile publice, pentru a atrage aten\u0163ia asupra importan\u0163ei pe care dreptul la informare o are \u00een orice sistem democratic. <\/p>\n","protected":false},"excerpt":{"rendered":"<p>05. VLAHU\u0162\u0102, Alexandru scriitor (5 sept. 1858 \u2013 19 nov. 1919) \u2013 155 de ani de la na\u015ftere 05. CAMPANELLA, Tommaso filosof \u015fi scriitor italian (5 septembrie 1568 \u2013 21 mai 1639) \u2013 445 de ani de la na\u015ftere 07.&hellip;<\/p>\n<p class=\"more-link-p\"><a class=\"more-link\" href=\"http:\/\/www.slineamt.ro\/apostolul\/lectia-de-istorie\/calendar-septembrie\/\">Read more &rarr;<\/a><\/p>\n","protected":false},"author":1,"featured_media":0,"comment_status":"closed","ping_status":"closed","sticky":false,"template":"","format":"standard","meta":{"footnotes":""},"categories":[6,41],"tags":[],"class_list":["post-2661","post","type-post","status-publish","format-standard","hentry","category-lectia-de-istorie","category-nr-158-septembrie-2013"],"_links":{"self":[{"href":"http:\/\/www.slineamt.ro\/apostolul\/wp-json\/wp\/v2\/posts\/2661","targetHints":{"allow":["GET"]}}],"collection":[{"href":"http:\/\/www.slineamt.ro\/apostolul\/wp-json\/wp\/v2\/posts"}],"about":[{"href":"http:\/\/www.slineamt.ro\/apostolul\/wp-json\/wp\/v2\/types\/post"}],"author":[{"embeddable":true,"href":"http:\/\/www.slineamt.ro\/apostolul\/wp-json\/wp\/v2\/users\/1"}],"replies":[{"embeddable":true,"href":"http:\/\/www.slineamt.ro\/apostolul\/wp-json\/wp\/v2\/comments?post=2661"}],"version-history":[{"count":0,"href":"http:\/\/www.slineamt.ro\/apostolul\/wp-json\/wp\/v2\/posts\/2661\/revisions"}],"wp:attachment":[{"href":"http:\/\/www.slineamt.ro\/apostolul\/wp-json\/wp\/v2\/media?parent=2661"}],"wp:term":[{"taxonomy":"category","embeddable":true,"href":"http:\/\/www.slineamt.ro\/apostolul\/wp-json\/wp\/v2\/categories?post=2661"},{"taxonomy":"post_tag","embeddable":true,"href":"http:\/\/www.slineamt.ro\/apostolul\/wp-json\/wp\/v2\/tags?post=2661"}],"curies":[{"name":"wp","href":"https:\/\/api.w.org\/{rel}","templated":true}]}}