{"id":26836,"date":"2025-02-24T08:33:22","date_gmt":"2025-02-24T08:33:22","guid":{"rendered":"https:\/\/www.slineamt.ro\/apostolul\/?p=26836"},"modified":"2025-02-24T08:33:22","modified_gmt":"2025-02-24T08:33:22","slug":"relatiile-dintre-ortodocsi-si-romano-catolici-in-secolul-xx","status":"publish","type":"post","link":"http:\/\/www.slineamt.ro\/apostolul\/nihil-sine-deo\/relatiile-dintre-ortodocsi-si-romano-catolici-in-secolul-xx\/","title":{"rendered":"Rela\u0163iile dintre ortodoc\u015fi \u015fi romano-catolici \u00een secolul XX"},"content":{"rendered":"<div class=\"wp-block-image\">\n<figure class=\"alignleft size-full\"><a href=\"http:\/\/www.slineamt.ro\/apostolul\/wp-content\/uploads\/2025\/02\/14-ap280-foto1.jpg\"><img loading=\"lazy\" decoding=\"async\" width=\"294\" height=\"416\" src=\"http:\/\/www.slineamt.ro\/apostolul\/wp-content\/uploads\/2025\/02\/14-ap280-foto1.jpg\" alt=\"\" class=\"wp-image-26837\" srcset=\"http:\/\/www.slineamt.ro\/apostolul\/wp-content\/uploads\/2025\/02\/14-ap280-foto1.jpg 294w, http:\/\/www.slineamt.ro\/apostolul\/wp-content\/uploads\/2025\/02\/14-ap280-foto1-212x300.jpg 212w, http:\/\/www.slineamt.ro\/apostolul\/wp-content\/uploads\/2025\/02\/14-ap280-foto1-260x368.jpg 260w, http:\/\/www.slineamt.ro\/apostolul\/wp-content\/uploads\/2025\/02\/14-ap280-foto1-160x226.jpg 160w\" sizes=\"auto, (max-width: 294px) 100vw, 294px\" \/><\/a><\/figure>\n<\/div>\n\n\n<p>F\u0103c\u00e2nd un apel la memorie, ne reamintim c\u0103 \u00een perioada 18-26 iunie 2016, \u00een Creta, s-a desf\u0103\u015furat Marele Sinod al Bisericii Ortodoxe. Pe l\u00e2ng\u0103 aspectele legate de comuniunea liturgic\u0103 \u015fi euharistic\u0103, politica ecleziastic\u0103 \u015fi geopolitic\u0103, un element major l-a constituit deschiderea spre dialogul teologic ecumenic. Dac\u0103 \u00een mediul teologiei academice, acest sinod nu a fost preg\u0103tit suficient, reac\u0163iile din mediile teologice neacademice, au fost extrem de critice sco\u0163\u00e2nd la ramp\u0103 o serie de voci insuficient de cultivate din punct de vedere teologic, incapabile s\u0103 aprofundeze documentele teologice \u015fi total lipsite de motiva\u0163ia de a recepta semnifica\u0163ia major\u0103 a evenimentului.<\/p>\n\n\n\n<p>Dezvoltarea dimensiunii ecumenice a educa\u0163iei teologice se caracterizeaz\u0103 prin urm\u0103toarele aspecte: transcenderea barierelor dintre persoane \u015fi comunit\u0103\u0163i; orientarea spre ac\u0163iune presupune \u00eenv\u0103\u0163area \u00eempreun\u0103; interculturalitatea; complexitatea procesului social \u015fi religios.<\/p>\n\n\n\n<p>Av\u00e2nd \u00een vedere aceste aspecte, consider\u0103m mai mult dec\u00e2t inspirate cuvintele unui teolog contemporan: \u201eteologia are o \u00eentreit\u0103 orientare: spre trecut, prezent \u015fi viitor \u015fi manifest\u0103 o \u00eentreit\u0103 fidelitate \u015fi responsabilitate: fa\u0163\u0103 de Tradi\u0163ia Apostolic\u0103, fa\u0163\u0103 de genera\u0163ia actual\u0103 de credincio\u015fi \u015fi fa\u0163\u0103 de viitorul eshatologic al lumii, \u00eendrum\u00e2nd pe cre\u015ftini spre des\u0103v\u00e2r\u015fire.<\/p>\n\n\n\n<p>\u00cen general, rela\u0163iile dintre confesiunile cre\u015ftine au \u00eenregistrat, \u00een veacul al XX-lea, o dinamic\u0103 f\u0103r\u0103 precedent. Dialogul teologic \u00eenfiripat \u00een a doua jum\u0103tate a secolului a creat premisele unor noi \u00eent\u00e2lniri fecunde \u015fi d\u0103t\u0103toare de speran\u0163\u0103 pentru unitatea cre\u015ftinilor. Acest lucru este evident \u015fi \u00een cazul rela\u0163iilor dintre ortodoc\u015fi \u015fi romano-catolici.<\/p>\n\n\n\n<p>Drept exemplu de asumare a acestor deziderate, \u00een acest context, pr. Cosmin-Florin Biri\u015f ne ofer\u0103 lucrarea <em>Rela\u0163iile dintre ortodoc\u015fi \u015fi romano-catolici la \u00eenceputul mileniului al III-lea<\/em>, ap\u0103rut\u0103 la Editura Presa Universitar\u0103 Clujean\u0103, Cluj-Napoca, 2025.<\/p>\n\n\n\n<p>Structurat\u0103 \u00een trei p\u0103r\u0163i (<em>\u00cent\u00e2lnirile comisiei mixte de dialog \u00eentre ortodoc\u015fi \u015fi romano-catolici, \u00cent\u00e2lnirile dintre papi \u015fi patriarhii ortodoc\u015fi \u00een mileniul al III-lea, Perspective comune asupra realit\u0103\u0163ilor cotidiene<\/em>), cartea ofer\u0103 un studiu de caz privind tipologia rela\u0163iilor ecumenice actuale.<\/p>\n\n\n\n<p>Trebuie subliniat faptul c\u0103 rezultatele acestui studiu reprezint\u0103 teza de doctorat \u00een teologie la Facultatea de Teologie Ortodox\u0103 din cadrul Universit\u0103\u0163ii \u201eBabe\u015f-Bolyai\u201d Cluj Napoca, oferind informa\u0163ii at\u00e2t asupra modului \u00een care evolueaz\u0103 dialogul teologic interconfesional contemporan, c\u00e2t \u015fi asupra modului \u00een care el poate fi reflectat \u00een teologia academic\u0103.<\/p>\n\n\n\n<p>Aspecte precum: Dialogul dintre ortodoc\u015fi \u015fi romano-catolici \u00een secolul al XX-lea, \u00cent\u00e2lnirile Comisiei mixte dup\u0103 anul 2000, \u00cent\u00e2lnirile dintre Papi \u015fi Patriarhii Bisericii Ortodoxe Rom\u00e2ne (<em>Vizita Papei Ioan Paul al II-lea \u00een Rom\u00e2nia \u00een pragul mileniului al III-lea \u2013 1999; Vizita Patriarhului Teoctist la Vatican \u2013 2002; Vizita Papei Francisc \u00een Rom\u00e2nia \u2013 2019<\/em>), \u00cent\u00e2lnirile dintre Papi \u015fi Patriarhii Ecumenici (<em>Patriarhul ecumenic Bartolomeu I \u015fi Papa Ioan Paul al II-lea \u2013 2004; Patriarhul ecumenic Bartolomeu I \u015fi Papa Benedict al XVI-lea \u2013 2006; Patriarhul ecumenic Bartolomeu I \u015fi Papa Francisc \u2013 2014<\/em>), Papa Francisc \u015fi Patriarhul Chiril \u2013 2016; Papa Francisc \u015fi Patriarhul Neofit al Bulgariei \u2013 2019) sunt prezentate \u00een am\u0103nunt oferind cititorilor extrase din documentele oficiale \u015fi modul \u00een care acestea au fost receptate \u00een spa\u0163iul ortodox \u015fi cel catolic, din punct de vedere teologic \u015fi laic. Referitor la rela\u0163iile cotidiene, autorul are \u00een vedere subiecte ca: <em>Apeluri la pace \u00een diferite situa\u0163ii conflictuale armate, Terorismul, Respectarea libert\u0103\u0163ii religioase, Fenomenul migra\u0163ionist, Tinerii cre\u015ftini, Secularismul, Bioetic\u0103: fertilizarea in vitro, avortul \u015fi eutanasia, Consumerismul, Protejarea crea\u0163iei<\/em>.<\/p>\n\n\n\n<p>Consemnarea \u00eentr-o manier\u0103 diacronic\u0103 a evenimentelor, a personalit\u0103\u0163ilor care au determinat evolu\u0163ia rela\u0163iilor dintre Biserica Ortodox\u0103 \u015fi cea Romano-Catolic\u0103 \u00eentr-o perioad\u0103 de timp bine delimitat\u0103, a contextului \u00een care s-au derulat aceste interac\u0163iuni \u015fi a factorilor obiectivi \u015fi subiectivi care au determinat aceste conexiuni, pune la dispozi\u0163ia celor interesa\u0163i suportul documentar necesar recept\u0103rii pe termen mediu \u015fi lung a importan\u0163ei lor pentru istoria universal\u0103.<\/p>\n\n\n\n<p>Pentru prima dat\u0103 \u00een literatura teologic\u0103 interac\u0163iunile institu\u0163ionale dintre cele dou\u0103 Biserici (Ortodox\u0103 \u015fi Romano-Catolic\u0103) sunt abordate \u00eentr-o manier\u0103 unitar\u0103, dintr-o tripl\u0103 perspectiv\u0103: dialogul teologic bilateral oficial, \u00eent\u00e2lnirile \u00eentre diver\u015fi patriarhi ortodoc\u015fi \u015fi papi, \u015fi, nu \u00een ultimul r\u00e2nd, lu\u0103rile de pozi\u0163ii comune cu privire la aspecte ale vie\u0163ii cotidiene marcate, a\u015fa cum am men\u0163ionat mai sus, de secularizare, tensiuni politice cu implica\u0163ii religioase \u00een cre\u015ftere \u015fi de un profund zbucium identitar. Acestea sunt doar c\u00e2teva motive care s\u0103 ne \u00eendemne la o lectur\u0103 de analiz\u0103 a c\u0103r\u0163ii.<\/p>\n\n\n\n<p><strong><em>Prof. dr. Mihai FLOROAIA<\/em><\/strong><\/p>\n","protected":false},"excerpt":{"rendered":"<p>F\u0103c\u00e2nd un apel la memorie, ne reamintim c\u0103 \u00een perioada 18-26 iunie 2016, \u00een Creta, s-a desf\u0103\u015furat Marele Sinod al Bisericii Ortodoxe. Pe l\u00e2ng\u0103 aspectele legate de comuniunea liturgic\u0103 \u015fi euharistic\u0103, politica ecleziastic\u0103 \u015fi geopolitic\u0103, un element major l-a constituit&hellip;<\/p>\n<p class=\"more-link-p\"><a class=\"more-link\" href=\"http:\/\/www.slineamt.ro\/apostolul\/nihil-sine-deo\/relatiile-dintre-ortodocsi-si-romano-catolici-in-secolul-xx\/\">Read more &rarr;<\/a><\/p>\n","protected":false},"author":1,"featured_media":0,"comment_status":"open","ping_status":"closed","sticky":false,"template":"","format":"standard","meta":{"footnotes":""},"categories":[22,490],"tags":[],"class_list":["post-26836","post","type-post","status-publish","format-standard","hentry","category-nihil-sine-deo","category-numarul-280"],"_links":{"self":[{"href":"http:\/\/www.slineamt.ro\/apostolul\/wp-json\/wp\/v2\/posts\/26836","targetHints":{"allow":["GET"]}}],"collection":[{"href":"http:\/\/www.slineamt.ro\/apostolul\/wp-json\/wp\/v2\/posts"}],"about":[{"href":"http:\/\/www.slineamt.ro\/apostolul\/wp-json\/wp\/v2\/types\/post"}],"author":[{"embeddable":true,"href":"http:\/\/www.slineamt.ro\/apostolul\/wp-json\/wp\/v2\/users\/1"}],"replies":[{"embeddable":true,"href":"http:\/\/www.slineamt.ro\/apostolul\/wp-json\/wp\/v2\/comments?post=26836"}],"version-history":[{"count":1,"href":"http:\/\/www.slineamt.ro\/apostolul\/wp-json\/wp\/v2\/posts\/26836\/revisions"}],"predecessor-version":[{"id":26838,"href":"http:\/\/www.slineamt.ro\/apostolul\/wp-json\/wp\/v2\/posts\/26836\/revisions\/26838"}],"wp:attachment":[{"href":"http:\/\/www.slineamt.ro\/apostolul\/wp-json\/wp\/v2\/media?parent=26836"}],"wp:term":[{"taxonomy":"category","embeddable":true,"href":"http:\/\/www.slineamt.ro\/apostolul\/wp-json\/wp\/v2\/categories?post=26836"},{"taxonomy":"post_tag","embeddable":true,"href":"http:\/\/www.slineamt.ro\/apostolul\/wp-json\/wp\/v2\/tags?post=26836"}],"curies":[{"name":"wp","href":"https:\/\/api.w.org\/{rel}","templated":true}]}}