{"id":27085,"date":"2025-04-19T11:14:10","date_gmt":"2025-04-19T11:14:10","guid":{"rendered":"https:\/\/www.slineamt.ro\/apostolul\/?p=27085"},"modified":"2025-04-19T11:14:10","modified_gmt":"2025-04-19T11:14:10","slug":"speranta-omului-pentru-sanatate-in-anul-centenarului-patriarhiei-romane","status":"publish","type":"post","link":"http:\/\/www.slineamt.ro\/apostolul\/nihil-sine-deo\/speranta-omului-pentru-sanatate-in-anul-centenarului-patriarhiei-romane\/","title":{"rendered":"Speran\u0163a omului pentru s\u0103n\u0103tate \u00een anul Centenarului Patriarhiei Rom\u00e2ne"},"content":{"rendered":"<div class=\"wp-block-image\">\n<figure class=\"alignleft size-full is-resized\"><a href=\"http:\/\/www.slineamt.ro\/apostolul\/wp-content\/uploads\/2025\/04\/13-ap282-foto1.jpg\"><img loading=\"lazy\" decoding=\"async\" width=\"451\" height=\"338\" src=\"http:\/\/www.slineamt.ro\/apostolul\/wp-content\/uploads\/2025\/04\/13-ap282-foto1.jpg\" alt=\"\" class=\"wp-image-27086\" style=\"width:476px;height:auto\" srcset=\"http:\/\/www.slineamt.ro\/apostolul\/wp-content\/uploads\/2025\/04\/13-ap282-foto1.jpg 451w, http:\/\/www.slineamt.ro\/apostolul\/wp-content\/uploads\/2025\/04\/13-ap282-foto1-300x225.jpg 300w, http:\/\/www.slineamt.ro\/apostolul\/wp-content\/uploads\/2025\/04\/13-ap282-foto1-260x195.jpg 260w, http:\/\/www.slineamt.ro\/apostolul\/wp-content\/uploads\/2025\/04\/13-ap282-foto1-160x120.jpg 160w\" sizes=\"auto, (max-width: 451px) 100vw, 451px\" \/><\/a><\/figure>\n<\/div>\n\n\n<p>Miercuri, 2 aprilie 2025, s-a desf\u0103\u015furat Seminarul Interna\u0163ional de Medicin\u0103 \u015fi Teologie cu tema <em>Incertitudine, riscul medical \u015fi moral, speran\u0163a omului pentru s\u0103n\u0103tate<\/em>, fundamentat\u0103 pe mesajul scripturistic: \u201e\u015ei iat\u0103, Eu trimit peste voi f\u0103g\u0103duin\u0163a Tat\u0103lui Meu; voi \u00eens\u0103 r\u0103m\u00e2ne\u0163i \u00een cetate p\u00e2n\u0103 ce v\u0103 ve\u0163i \u00eembr\u0103ca cu putere de sus.\u201d (Luca XXIV, 49).<\/p>\n\n\n\n<p>Manifestarea \u015ftiin\u0163ific\u0103 a fost organizat\u0103 de Facultatea de Teologie Ortodox\u0103 a Universit\u0103\u0163ii \u201eBabe\u015f-Bolyai\u201d din Cluj-Napoca, \u00een colaborare cu Arhiepiscopia Vadului, Feleacului \u015fi Clujului, Asocia\u0163ia Medicilor Bistri\u0163a-N\u0103s\u0103ud, Centrul de Bioetic\u0103 a Universit\u0103\u0163ii \u201eBabe\u015f-Bolyai\u201d din Cluj-Napoca, Societatea Rom\u00e2n\u0103 de Bioetic\u0103, Societatea Rom\u00e2n\u0103 de Istorie a Medicinei \u015fi Societatea Na\u0163ional\u0103 de Inginerie Medical\u0103 \u015fi Tehnologie Biologic\u0103.<\/p>\n\n\n\n<p>Ajunse la edi\u0163ia a 24-a, lucr\u0103rile seminarului s-au desf\u0103\u015furat online, pe site-ul Facult\u0103\u0163ii de Teologie Ortodox\u0103 din Cluj-Napoca, prin intermediul platformei Zoom meetings, cu participarea \u00cenaltpreasfin\u0163itului P\u0103rinte Andrei, Arhiepiscopul Vadului, Feleacului \u015fi Clujului \u015fi Mitropolitul Clujului, Maramure\u015fului \u015fi S\u0103lajului, a Preasfin\u0163itului P\u0103rinte Benedict Bistri\u0163eanul, Episcop-vicar al Arhiepiscopiei Vadului, Feleacului \u015fi Clujului \u015fi Episcop ales al Episcopiei S\u0103lajului, a pre\u015fedintelui Academiei Rom\u00e2ne, academicianul Ioan Aurel Pop \u015fi a zeci de cadre universitare, clerici, medici, psihologi, doctoranzi, cercet\u0103tori, studen\u0163i \u015fi public divers.<\/p>\n\n\n\n<p>Dup\u0103 rug\u0103ciunea de binecuv\u00e2ntare a IPS P\u0103rinte Mitropolit Andrei, acesta a \u0163inut un cuv\u00e2nt de \u00eenv\u0103\u0163\u0103tur\u0103 \u015fi i-a felicitat pe cei implica\u0163i \u00een organizarea evenimentului \u00een frunte cu distinsul prof. univ. dr. Mircea Gelu Buta care a ini\u0163iat \u015fi coordonat lucr\u0103rile seminarului.<\/p>\n\n\n\n<p>Academician Ioan Aurel Pop, pre\u015fedintele Academiei Rom\u00e2ne, a subliniat relevan\u0163a \u015fi actualitatea seminarului, consider\u00e2ndu-l un eveniment semnificativ pentru dezbaterile contemporane din societatea noastr\u0103. \u00cen cadrul interven\u0163iei sale, pornind de la faptul c\u0103 anul acesta Patriarhia Rom\u00e2n\u0103 \u00eempline\u015fte 100 de ani de la \u00eenfiin\u0163are, a vorbit despre contextul istoric care a dus la \u00eenf\u0103ptuirea acestui deziderat \u00een anul 1925, eviden\u0163iind importan\u0163a actului \u00een consolidarea identit\u0103\u0163ii na\u0163ionale.<\/p>\n\n\n\n<p>\u00cen prima parte, participan\u0163ii au dezb\u0103tut probleme centrate pe tema <em>Speran\u0163a omului pentru s\u0103n\u0103tatea sufletului \u015fi trupului<\/em>. Dintre ace\u015ftia, Preasfin\u0163itul P\u0103rinte Benedict Bistri\u0163eanul a sus\u0163inut un referat pe tema \u201e\u00abRa\u0163ionalitatea\u00bb speran\u0163ei \u00een lucrarea de t\u0103m\u0103duire spiritual\u0103\u201d, iar prof. univ. dr. Vasile Ast\u0103r\u0103stoae a prezentat o lucrare despre \u201eRiscul medical \u015fi moral al conflictelor armate.\u201d Alte subiecte precum: <em>C\u00e2nd trupul \u00eemboln\u0103ve\u015fte sufletul; Orizont \u015fi limite ale cunoa\u015fterii \u00een \u015ftiin\u0163\u0103 \u015fi \u00een credin\u0163\u0103; Incertitudinea sf\u00e2r\u015fitului \u015fi sf\u00e2r\u015fitul certitudinii. Cazul decesului transplantologic<\/em> etc., au generat dezbateri \u015fi analize \u00een r\u00e2ndul participan\u0163ilor.<\/p>\n\n\n<div class=\"wp-block-image\">\n<figure class=\"alignright size-full is-resized\"><a href=\"http:\/\/www.slineamt.ro\/apostolul\/wp-content\/uploads\/2025\/04\/13-ap282-foto2.jpg\"><img loading=\"lazy\" decoding=\"async\" width=\"453\" height=\"336\" src=\"http:\/\/www.slineamt.ro\/apostolul\/wp-content\/uploads\/2025\/04\/13-ap282-foto2.jpg\" alt=\"\" class=\"wp-image-27087\" style=\"width:535px;height:auto\" srcset=\"http:\/\/www.slineamt.ro\/apostolul\/wp-content\/uploads\/2025\/04\/13-ap282-foto2.jpg 453w, http:\/\/www.slineamt.ro\/apostolul\/wp-content\/uploads\/2025\/04\/13-ap282-foto2-300x223.jpg 300w, http:\/\/www.slineamt.ro\/apostolul\/wp-content\/uploads\/2025\/04\/13-ap282-foto2-260x193.jpg 260w, http:\/\/www.slineamt.ro\/apostolul\/wp-content\/uploads\/2025\/04\/13-ap282-foto2-160x119.jpg 160w\" sizes=\"auto, (max-width: 453px) 100vw, 453px\" \/><\/a><\/figure>\n<\/div>\n\n\n<p>Lucr\u0103rile seminarului au continuat pe \u015fase sec\u0163iuni, cu teme de actualitate, extrem de interesante \u015fi provocatoare la medita\u0163ie: <strong>Implica\u0163iile bioetice \u00een deciziile medicale<\/strong> (<em>Simulacre \u015fi realit\u0103\u0163i \u00een era IA; Orfanele medicinei? Aspecte etice \u00een tratarea \u015fi cercetarea bolilor rare; Actualit\u0103\u0163i \u00een expertizarea medico-legal\u0103 a bolilor terminale: prezentare de cazuri \u015fi discu\u0163ie bibliografic\u0103;<\/em> etc.), <strong>Psihologie \u015fi Sociologie<\/strong> (<em>Valoarea sanogen\u0103 a copiingului religios; Sclavia likurilor; Cateheza \u015fi predica, ancore \u00een vremuri incerte;<\/em> etc.), <strong>Terapia medico-spiritual\u0103<\/strong> (<em>Inteligen\u0163a artificial\u0103 \u00een cercetarea academic\u0103. Aspecte etice; Durerea sufleteasc\u0103 \u015fi t\u0103m\u0103duirea ei \u00een autobiografiile spirituale din spa\u0163iul Ortodox; Bolile sufletului \u015fi trupului \u00een lumina teologiei cre\u015ftine;<\/em> etc.), <strong>Decizii bioetice \u00een practica medical\u0103<\/strong> (<em>Binefacerea ca principiu etic \u00een medicin\u0103: \u00centre grij\u0103 \u015fi non-v\u0103t\u0103mare; Poate fi utilizarea inteligen\u0163ei artificiale \u00een practica medical\u0103 generatoare de malpraxis?; Principii etice profesionale \u00een activitatea de cercetare medico-legal\u0103;<\/em> etc.), <strong>Anul omagial \u015fi comemorativ al Patriarhiei Ortodoxe Rom\u00e2ne<\/strong> (<em>Biserica Ortodox\u0103 Rom\u00e2n\u0103 din Transilvania \u015fi \u00eenfiin\u0163area Patriarhiei Rom\u00e2ne: la 100 de ani; Contextul bisericesc interortodox \u00een anul ridic\u0103rii Bisericii Ortodoxe Rom\u00e2ne la rang de Patriarhie; Episcopul Nicolae Ivan \u015fi \u00eenv\u0103\u0163\u0103m\u00e2ntul teologic clujean \u2013 \u00eenceputurile Academiei teologice; P\u0103rintele Iustin P\u00e2rvu \u2013 cunosc\u0103tor l\u0103untric al sufletelor \u015fi ap\u0103r\u0103tor al valorilor cre\u015ftine;<\/em> etc.) \u015fi <strong>Art\u0103 sacr\u0103<\/strong> (<em>Chipurile ve\u015fniciei cre\u015ftine transpuse \u00een artele vizuale; Figura uman\u0103 \u00eentre portret \u015fi portretizare; Sf\u00e2ntul Ierarh Luca al Crimeii \u2013 noul Doctor F\u0103r\u0103 de Argin\u0163i \u00een reprezent\u0103ri iconografice;<\/em> etc.).<\/p>\n\n\n\n<p>Av\u00e2nd \u00een vedere faptul c\u0103, luna aceasta, Biserica Ortodox\u0103 Rom\u00e2n\u0103 va aniversa 140 de ani de la recunoa\u015fterea autocefaliei (25 aprilie 1885) \u015fi 100 de ani de la ridicarea la rangul de Patriarhie (4 februarie 1925), sec\u0163iunea a cincea a seminarului a r\u0103spuns declar\u0103rii anului 2025, <em>Anul omagial al Centenarului Patriarhiei Rom\u00e2ne<\/em> \u015fi <em>Anul comemorativ al duhovnicilor \u015fi m\u0103rturisitorilor ortodoc\u015fi rom\u00e2ni din secolul al XX-lea<\/em>. \u00cen vederea unei c\u00e2t mai bune organiz\u0103ri a acestei sesiuni, domnul prof. univ. dr. Mircea Gelu Buta a colaborat cu p\u0103rintele prof. univ. dr. Ioan-Vasile Leb.<\/p>\n\n\n\n<p>Medicalizarea riscului induce \u00een eroare societatea contemporan\u0103 cu privire la adev\u0103ratul scop al vie\u0163ii \u015fi la capacit\u0103\u0163ile medicinei de a oferi s\u0103n\u0103tate \u015fi via\u0163\u0103 ve\u015fnic\u0103. Medicina preventiv\u0103 pune la dispozi\u0163ie nenum\u0103rate strategii de medicalizare a riscului, de a trata riscul unei posibile boli \u015fi a mor\u0163ii ca pe o problem\u0103 medical\u0103 care necesit\u0103 solu\u0163ii medicale. Produsele farmaceutice au devenit o for\u0163\u0103 puternic\u0103 \u00een cultura modern\u0103 fiind consumate pentru a u\u015fura suferin\u0163a uman\u0103, pentru a modifica vulnerabilit\u0103\u0163i \u015fi pentru a reduce riscul de evenimente morbide \u00een viitor. Biserica nu a argumentat dac\u0103 medicamentele sunt intrinsec rele, ci a considerat c\u0103 reprezint\u0103 o problem\u0103 atunci c\u00e2nd un bun adev\u0103rat este transformat \u00eentr-un idol. Idolatria nu numai c\u0103 pune \u00een pericol rela\u0163ia omului cu Dumnezeu, ci deregleaz\u0103 \u015fi rela\u0163iile interumane. Se ajunge, astfel, la obsesia pentru ob\u0163inerea unei bune st\u0103ri de s\u0103n\u0103tate \u015fi \u00een acela\u015fi timp frica de o eventual\u0103 \u00eemboln\u0103vire, f\u0103r\u0103 a exista vreun temei obiectiv \u00een acest sens. \u201e<em>Numai Dumnezeu este binele nostru suprem \u015fi singura speran\u0163\u0103 sigur\u0103 \u00een fa\u0163a mor\u0163ii. Grija lui Dumnezeu vizeaz\u0103 via\u0163a ve\u015fnic\u0103 mai degrab\u0103 dec\u00e2t extinderea vie\u0163ii temporale. (\u2026) Grija lui Dumnezeu \u00abnu se concentreaz\u0103 at\u00e2t pe a ne p\u0103stra \u00eempotriva mor\u0163ii \u015fi a tuturor \u00eenf\u0103\u0163i\u015f\u0103rilor ei, ci pe a ne muta de la moarte la via\u0163\u0103<\/em>\u00bb\u201d, a concluzionat domnul profesor universitar doctor Mircea Gelu Buta.<\/p>\n\n\n\n<p>Lucr\u0103rile prezentate vor fi publicate \u00een volumul de specialitate <em>Medicii \u015fi Biserica<\/em>, edi\u0163ia a 24-a, pe parcursul acestui an.<\/p>\n\n\n\n<p><strong><em>Prof. dr. Mihai FLOROAIA<\/em><\/strong><\/p>\n","protected":false},"excerpt":{"rendered":"<p>Miercuri, 2 aprilie 2025, s-a desf\u0103\u015furat Seminarul Interna\u0163ional de Medicin\u0103 \u015fi Teologie cu tema Incertitudine, riscul medical \u015fi moral, speran\u0163a omului pentru s\u0103n\u0103tate, fundamentat\u0103 pe mesajul scripturistic: \u201e\u015ei iat\u0103, Eu trimit peste voi f\u0103g\u0103duin\u0163a Tat\u0103lui Meu; voi \u00eens\u0103 r\u0103m\u00e2ne\u0163i \u00een&hellip;<\/p>\n<p class=\"more-link-p\"><a class=\"more-link\" href=\"http:\/\/www.slineamt.ro\/apostolul\/nihil-sine-deo\/speranta-omului-pentru-sanatate-in-anul-centenarului-patriarhiei-romane\/\">Read more &rarr;<\/a><\/p>\n","protected":false},"author":1,"featured_media":0,"comment_status":"open","ping_status":"closed","sticky":false,"template":"","format":"standard","meta":{"footnotes":""},"categories":[22,492],"tags":[],"class_list":["post-27085","post","type-post","status-publish","format-standard","hentry","category-nihil-sine-deo","category-numarul-282"],"_links":{"self":[{"href":"http:\/\/www.slineamt.ro\/apostolul\/wp-json\/wp\/v2\/posts\/27085","targetHints":{"allow":["GET"]}}],"collection":[{"href":"http:\/\/www.slineamt.ro\/apostolul\/wp-json\/wp\/v2\/posts"}],"about":[{"href":"http:\/\/www.slineamt.ro\/apostolul\/wp-json\/wp\/v2\/types\/post"}],"author":[{"embeddable":true,"href":"http:\/\/www.slineamt.ro\/apostolul\/wp-json\/wp\/v2\/users\/1"}],"replies":[{"embeddable":true,"href":"http:\/\/www.slineamt.ro\/apostolul\/wp-json\/wp\/v2\/comments?post=27085"}],"version-history":[{"count":1,"href":"http:\/\/www.slineamt.ro\/apostolul\/wp-json\/wp\/v2\/posts\/27085\/revisions"}],"predecessor-version":[{"id":27088,"href":"http:\/\/www.slineamt.ro\/apostolul\/wp-json\/wp\/v2\/posts\/27085\/revisions\/27088"}],"wp:attachment":[{"href":"http:\/\/www.slineamt.ro\/apostolul\/wp-json\/wp\/v2\/media?parent=27085"}],"wp:term":[{"taxonomy":"category","embeddable":true,"href":"http:\/\/www.slineamt.ro\/apostolul\/wp-json\/wp\/v2\/categories?post=27085"},{"taxonomy":"post_tag","embeddable":true,"href":"http:\/\/www.slineamt.ro\/apostolul\/wp-json\/wp\/v2\/tags?post=27085"}],"curies":[{"name":"wp","href":"https:\/\/api.w.org\/{rel}","templated":true}]}}