{"id":27254,"date":"2025-05-21T15:49:27","date_gmt":"2025-05-21T15:49:27","guid":{"rendered":"https:\/\/www.slineamt.ro\/apostolul\/?p=27254"},"modified":"2025-05-21T15:49:27","modified_gmt":"2025-05-21T15:49:27","slug":"lansare-de-carte-adrian-alui-gheorghe-si-povestea-elefantului-care-traia-intr-o-nuca","status":"publish","type":"post","link":"http:\/\/www.slineamt.ro\/apostolul\/cronica-literara\/lansare-de-carte-adrian-alui-gheorghe-si-povestea-elefantului-care-traia-intr-o-nuca\/","title":{"rendered":"Lansare de carte: Adrian Alui Gheorghe \u015fi \u201ePovestea elefantului care tr\u0103ia \u00eentr-o nuc\u0103\u201d"},"content":{"rendered":"<div class=\"wp-block-image\">\n<figure class=\"alignleft size-full is-resized\"><a href=\"http:\/\/www.slineamt.ro\/apostolul\/wp-content\/uploads\/2025\/05\/09-ap283-foto1.jpg\"><img loading=\"lazy\" decoding=\"async\" width=\"135\" height=\"227\" src=\"http:\/\/www.slineamt.ro\/apostolul\/wp-content\/uploads\/2025\/05\/09-ap283-foto1.jpg\" alt=\"\" class=\"wp-image-27255\" style=\"width:214px;height:auto\"\/><\/a><\/figure>\n<\/div>\n\n\n<p>Luni, 28 aprilie 2025, publicul pietrean iubitor de literatur\u0103 a fost invitat \u00een Sala Rotonda a Teatrului Tineretului, pentru a participa la lansarea \u00een premier\u0103 a romanului \u201ePovestea elefantului care tr\u0103ia \u00eentr-o nuc\u0103\u201d, al scriitorului <strong>Adrian Alui Gheorghe<\/strong>.<\/p>\n\n\n\n<p><em>Suntem onora\u0163i, noi cei din echipa Teatrului Tineretului, s\u0103 g\u0103zduim un eveniment care celebreaz\u0103 literatura contemporan\u0103, domnul Adrian Alui Gheorghe fiind o voce foarte puternic\u0103 \u00een spa\u0163iul literar rom\u00e2nesc \u015fi nu numai. De aceea ne bucur\u0103m foarte mult s\u0103 ne \u00eent\u00e2lnim ast\u0103zi cu domnia sa \u015fi cu cel mai nou volum. V\u0103 mul\u0163umim foarte mult, domnule Alui Gheorghe, c\u0103 a\u0163i ales acest loc s\u0103 v\u0103 scoate\u0163i \u00een lume cel mai recent copil<\/em> \u2013 sunt cuvintele cu care a deschis evenimentul <strong>Raluca Naclad<\/strong>, consultant artistic \u00een cadrul institu\u0163iei.<\/p>\n\n\n\n<p>Actorul <strong>Andrei Merchea<\/strong>, proasp\u0103t director al Teatrului Tineretului, e o gazd\u0103 bun\u0103 \u015fi imperativ\u0103: <em>Domnule Adrian Alui Gheorghe, bine a\u0163i revenit! \u015ei sper s\u0103 facem din aceast\u0103 reg\u0103sire un obicei, o tradi\u0163ie, o cutum\u0103. De aceea \u00eemi doresc acum s\u0103 v\u0103 pute\u0163i bucura de acest nod de leg\u0103tur\u0103 pe care \u00eencearc\u0103 s\u0103-l fac\u0103 Teatrul Tineretului prin \u00eent\u00e2lnirea sa cu membrii reprezentativi ai culturii din jude\u0163ul Neam\u0163. \u00cen acela\u015fi timp invit publicul s\u0103 ia contact cu aceast\u0103 alegorie \u00een care vom vedea cum spiritul uman liber este \u00een permanen\u0163\u0103 constr\u00e2ns de limitele unei lumi care-l face s\u0103 se simt\u0103 singur, chiar \u00een mul\u0163ime<\/em>.<\/p>\n\n\n\n<p><strong>C\u0103t\u0103lina-Mihaela T\u0103rc\u0103oanu<\/strong>, profesor de limba \u015fi literatura rom\u00e2n\u0103 la Colegiul Na\u0163ional \u201eCalistrat Hoga\u015f\u201d, \u015fi-a \u00eenceput discursul prin a omagia activitatea artistic\u0103 polivalent\u0103 a autorului, care nu este numai un prieten al pietrenilor, ci este cunoscut p\u00e2n\u0103 \u00een China, fiind tradus \u015fi \u00een mai multe limbi europene. Au urmat c\u00e2teva considera\u0163ii foarte pertinente rezultate dintr-o observare fin\u0103 \u015fi o lectur\u0103 profund\u0103: <em>A\u015f \u00eencepe cu analiza copertei unde ne atrage \u00een primul r\u00e2nd cromatica ce poate s\u0103 sugereze mister, creativitate, nonconformism, confuzie, curiozitate, interes, nostalgie, lini\u015fte, amuzament, speran\u0163\u0103, voie bun\u0103, sinceritate c\u0103tre lume dar \u015fi deschidere c\u0103tre necunoscut. Titlul dezv\u0103luie prin termenul \u201epoveste\u201d un univers unde ar putea ap\u0103rea fabulosul sau fantasticul; poate c\u0103 elefantul este personajul care face leg\u0103tura \u00eentre dou\u0103 orizonturi ontologice, e un posibil personaj zoomorf, evident e masiv, amintindu-ne de cli\u015feul \u201ememorie de elefant\u201d. Observ\u0103m totodat\u0103 c\u0103 este un titlu predica\u0163ional format dintr-un enun\u0163 care con\u0163ine imperfectul, un timp prin excelen\u0163\u0103 narativ \u015fi care fixeaz\u0103 ac\u0163iunea \u00een nedeterminat. Nuca probabil este simbolul limit\u0103rii. Exist\u0103 un uria\u015f poten\u0163ial \u00een fiecare din noi care poate r\u0103m\u00e2ne nevalorificat din cauza secolului singur\u0103t\u0103\u0163ii. Iar \u00een coperta a patra g\u0103sim o trimitere din Radu Paraschivescu care sus\u0163ine c\u0103 aceast\u0103 carte se adreseaz\u0103 unui cititor cu o anumit\u0103 cultur\u0103, fiind tragi-comedia unei trestii g\u00e2nditoare care \u00ee\u015fi pune \u00een permanen\u0163\u0103 \u00eentreb\u0103ri<\/em>.<\/p>\n\n\n<div class=\"wp-block-image\">\n<figure class=\"alignright size-full\"><a href=\"http:\/\/www.slineamt.ro\/apostolul\/wp-content\/uploads\/2025\/05\/09-ap283-foto2.jpg\"><img loading=\"lazy\" decoding=\"async\" width=\"491\" height=\"276\" src=\"http:\/\/www.slineamt.ro\/apostolul\/wp-content\/uploads\/2025\/05\/09-ap283-foto2.jpg\" alt=\"\" class=\"wp-image-27256\" srcset=\"http:\/\/www.slineamt.ro\/apostolul\/wp-content\/uploads\/2025\/05\/09-ap283-foto2.jpg 491w, http:\/\/www.slineamt.ro\/apostolul\/wp-content\/uploads\/2025\/05\/09-ap283-foto2-300x169.jpg 300w, http:\/\/www.slineamt.ro\/apostolul\/wp-content\/uploads\/2025\/05\/09-ap283-foto2-260x146.jpg 260w, http:\/\/www.slineamt.ro\/apostolul\/wp-content\/uploads\/2025\/05\/09-ap283-foto2-160x90.jpg 160w\" sizes=\"auto, (max-width: 491px) 100vw, 491px\" \/><\/a><\/figure>\n<\/div>\n\n\n<p>A continuat cu aprecieri interesante despre arta scrierii romanului \u201ePovestea elefantului care tr\u0103ia \u00eentr-o nuc\u0103\u201d, scriitorul \u015fi criticul <strong>Emil Nicolae<\/strong>: <em>Ceea ce se vede din prima pagin\u0103 \u015fi de la prima lectur\u0103 este c\u0103 avem de-a face cu o carte scris\u0103 cu mare pl\u0103cere. \u015ei asta pentru c\u0103 Adrian Alui Gheorghe scrie pe placul lui, nu al cititorului. Dar are un sim\u0163 al limbii deosebit, care \u00eel ajut\u0103 s\u0103 foloseasc\u0103 cuvintele \u00een a\u015fa fel \u00eenc\u00e2t cititorul s\u0103-l ating\u0103 sau el s\u0103 ating\u0103 cititorul. Capitolele pot fi citite autonom, ca povestiri \u00een sine, de\u015fi ele sunt legate \u015fi contureaz\u0103 romanul prin trecerea naratorului dintr-un capitol \u00een altul ca subiect sau ca povestitor. Caracteristic este faptul c\u0103 peste tot \u00eel sim\u0163i pe autor, care nu face concesii, scrie foarte atent, foarte bine, controleaz\u0103 limbajul \u015fi \u015ftie s\u0103 capteze cititorul. Spre deosebire de alte romane de succes ale sale care fie c\u0103 bat spre o \u0163int\u0103 moral\u0103 sau reprezint\u0103 o parabol\u0103, cartea de fa\u0163\u0103 este ca o floare cu multe petale, divers\u0103 f\u0103r\u0103 s\u0103 fie confuz\u0103, interesant\u0103 de la cap la coad\u0103<\/em>.<\/p>\n\n\n\n<p>\u00cen cele din urm\u0103, scriitorul <strong>Adrian G. Romila<\/strong>, a vorbit admirativ despre carte, f\u0103c\u00e2nd \u015fi o analiz\u0103 exhaustiv\u0103 a operelor lui Adrian Alui Gheorghe: <em>Avem de-a face cu cel mai \u201efantasy\u201d roman al lui Adrian Alui Gheorghe, \u015fi lucrul acesta nu este \u00eent\u00e2mpl\u0103tor. Cred c\u0103 dac\u0103 citi\u0163i \u015fi poeziile din volumele \u015fi antologiile din ultimii ani ve\u0163i observa o preponderen\u0163\u0103 a parabolei, a poeziei poveste, a prozo-poemului. Exist\u0103 mereu la el o \u00eenc\u0103p\u0103\u0163\u00e2nare stilistic\u0103 de a transmite mereu sens, de a produce mereu pove\u015fti. Apoi a\u015f remarca \u015fi preferin\u0163a pentru ni\u015fte spa\u0163ii cu mare poten\u0163ial mitologic \u015fi care \u0163ine tot de op\u0163iunea pentru parabol\u0103 \u015fi poveste. De pild\u0103 preferin\u0163a pentru spa\u0163ii utopice, fie c\u0103 e vorba despre o bibliotec\u0103 labirint, o \u00eenchisoare politic\u0103, un sanatoriu. \u015ei \u00een povestea elefantului avem de-a face tot cu un astfel de spa\u0163iu, al unui tren, pe care personajul principal \u00eel ia pentru a ajunge la iubita lui Celina, cu care trebuia s\u0103 petreac\u0103 o vacan\u0163\u0103, dar constat\u0103 c\u0103 se afl\u0103 \u00eentr-o zon\u0103 experimental\u0103 impregnat\u0103 de obsesia timpului<\/em> \u2013 a apreciat, printre altele,<\/p>\n\n\n\n<p>Un moment demonstarativ al celor spuse de cei trei invita\u0163i a sus\u0163inut apoi actorul <strong>Daniel Be\u015fleag\u0103<\/strong>, oferindu-ne o lectur\u0103 captivant\u0103 a unui fragmant din roman.<\/p>\n\n\n\n<p>Ultimul cuv\u00e2nt a apar\u0163inut, bine\u00een\u0163eles, autorului: <em>Trebuie s\u0103 recunosc c\u0103 sunt cople\u015fit, r\u0103v\u0103\u015fit \u015fi u\u015for emo\u0163ionat, pentru c\u0103 eu nu am mai lansat o carte la Piatra-Neam\u0163 din anul 2014, odat\u0103 cu Laika, un roman despre Revolu\u0163ia din Rom\u00e2nia. Dac\u0103 ora\u015ful acesta are ceva \u015ftaif, acesta este dat de cultur\u0103, un privilegiu pe care trebuie s\u0103-l promov\u0103m \u015fi s\u0103-l apreciem, pentru c\u0103 ne d\u0103 identitate. Salut prezen\u0163a domnului primar Adrian Ni\u0163\u0103 \u015fi mul\u0163umesc tuturor celor care sunt ast\u0103zi aici, prieteni, cititori, oameni frumo\u015fi<\/em>.<\/p>\n\n\n\n<p>Au urmat, cum era de a\u015fteptat, felicit\u0103rile \u015fi sesiunea de autografe pe care Adrian Alui Gheorghe le-a oferit cu bun\u0103voin\u0163\u0103 \u015fi generozitate. S-a b\u0103ut o cup\u0103 de \u015fampanie, care a conferit \u015fi mai mult rafinament evenimentului, odat\u0103 cu \u00eencredin\u0163area c\u0103 asist\u0103m la debutul unei perioade \u00een care literatura nem\u0163ean\u0103 va deveni mai vizibil\u0103 \u015fi mai aproape de public.<\/p>\n\n\n\n<p><strong><em>Gianina BURUIAN\u0102<\/em><\/strong><\/p>\n","protected":false},"excerpt":{"rendered":"<p>Luni, 28 aprilie 2025, publicul pietrean iubitor de literatur\u0103 a fost invitat \u00een Sala Rotonda a Teatrului Tineretului, pentru a participa la lansarea \u00een premier\u0103 a romanului \u201ePovestea elefantului care tr\u0103ia \u00eentr-o nuc\u0103\u201d, al scriitorului Adrian Alui Gheorghe. Suntem onora\u0163i,&hellip;<\/p>\n<p class=\"more-link-p\"><a class=\"more-link\" href=\"http:\/\/www.slineamt.ro\/apostolul\/cronica-literara\/lansare-de-carte-adrian-alui-gheorghe-si-povestea-elefantului-care-traia-intr-o-nuca\/\">Read more &rarr;<\/a><\/p>\n","protected":false},"author":1,"featured_media":0,"comment_status":"open","ping_status":"closed","sticky":false,"template":"","format":"standard","meta":{"footnotes":""},"categories":[16,493],"tags":[],"class_list":["post-27254","post","type-post","status-publish","format-standard","hentry","category-cronica-literara","category-283-mai-2025"],"_links":{"self":[{"href":"http:\/\/www.slineamt.ro\/apostolul\/wp-json\/wp\/v2\/posts\/27254","targetHints":{"allow":["GET"]}}],"collection":[{"href":"http:\/\/www.slineamt.ro\/apostolul\/wp-json\/wp\/v2\/posts"}],"about":[{"href":"http:\/\/www.slineamt.ro\/apostolul\/wp-json\/wp\/v2\/types\/post"}],"author":[{"embeddable":true,"href":"http:\/\/www.slineamt.ro\/apostolul\/wp-json\/wp\/v2\/users\/1"}],"replies":[{"embeddable":true,"href":"http:\/\/www.slineamt.ro\/apostolul\/wp-json\/wp\/v2\/comments?post=27254"}],"version-history":[{"count":1,"href":"http:\/\/www.slineamt.ro\/apostolul\/wp-json\/wp\/v2\/posts\/27254\/revisions"}],"predecessor-version":[{"id":27257,"href":"http:\/\/www.slineamt.ro\/apostolul\/wp-json\/wp\/v2\/posts\/27254\/revisions\/27257"}],"wp:attachment":[{"href":"http:\/\/www.slineamt.ro\/apostolul\/wp-json\/wp\/v2\/media?parent=27254"}],"wp:term":[{"taxonomy":"category","embeddable":true,"href":"http:\/\/www.slineamt.ro\/apostolul\/wp-json\/wp\/v2\/categories?post=27254"},{"taxonomy":"post_tag","embeddable":true,"href":"http:\/\/www.slineamt.ro\/apostolul\/wp-json\/wp\/v2\/tags?post=27254"}],"curies":[{"name":"wp","href":"https:\/\/api.w.org\/{rel}","templated":true}]}}