{"id":27263,"date":"2025-05-21T15:55:36","date_gmt":"2025-05-21T15:55:36","guid":{"rendered":"https:\/\/www.slineamt.ro\/apostolul\/?p=27263"},"modified":"2025-05-21T15:55:36","modified_gmt":"2025-05-21T15:55:36","slug":"destin-in-lumina-iii-lucrurile-care-se-construiesc-in-timp-necesita-foarte-multe-eforturi","status":"publish","type":"post","link":"http:\/\/www.slineamt.ro\/apostolul\/arte-si-meseriii\/destin-in-lumina-iii-lucrurile-care-se-construiesc-in-timp-necesita-foarte-multe-eforturi\/","title":{"rendered":"Destin \u00een Lumin\u0103 (III): Lucrurile care se construiesc \u00een timp, necesit\u0103 foarte multe eforturi"},"content":{"rendered":"<div class=\"wp-block-image\">\n<figure class=\"alignleft size-full\"><a href=\"http:\/\/www.slineamt.ro\/apostolul\/wp-content\/uploads\/2025\/05\/07-ap283-foto1.jpg\"><img loading=\"lazy\" decoding=\"async\" width=\"355\" height=\"349\" src=\"http:\/\/www.slineamt.ro\/apostolul\/wp-content\/uploads\/2025\/05\/07-ap283-foto1.jpg\" alt=\"\" class=\"wp-image-27264\" srcset=\"http:\/\/www.slineamt.ro\/apostolul\/wp-content\/uploads\/2025\/05\/07-ap283-foto1.jpg 355w, http:\/\/www.slineamt.ro\/apostolul\/wp-content\/uploads\/2025\/05\/07-ap283-foto1-300x295.jpg 300w, http:\/\/www.slineamt.ro\/apostolul\/wp-content\/uploads\/2025\/05\/07-ap283-foto1-260x256.jpg 260w, http:\/\/www.slineamt.ro\/apostolul\/wp-content\/uploads\/2025\/05\/07-ap283-foto1-160x157.jpg 160w\" sizes=\"auto, (max-width: 355px) 100vw, 355px\" \/><\/a><\/figure>\n<\/div>\n\n\n<p><strong>\u2022 Interviu cu Prof. univ. dr. Vasile Vasile, bizantinolog, muzicolog,etnomuzicolog<\/strong><\/p>\n\n\n\n<p><em>\u2013 A fost greu s\u0103 r\u0103zbate\u0163i, s\u0103 ajunge\u0163i un specialist de renume \u00een muzicologia bizantin\u0103?<\/em><\/p>\n\n\n\n<p>\u2013 Foarte greu, dar am fost \u00eenv\u0103\u0163at cu greut\u0103\u0163ile de mic. Eu nu am abandonat teologia, chiar dac\u0103 nu am f\u0103cut o carier\u0103 clerical\u0103. La vremea asta, la 83 de ani, am r\u0103mas \u00een zona teologiei. Am c\u00e2teva grupe de copii \u015fi studen\u0163i cu care \u00eenv\u0103\u0163\u0103m muzica bizantin\u0103 la st\u0103re\u0163ia M\u0103n\u0103stirii <em>Antim<\/em> din Bucure\u015fti. Am fost titular al disciplinei de <em>Muzic\u0103 psaltic\u0103<\/em> la Conservatorul din Bucure\u015fti, devenit\u0103 Universitatea Na\u0163ional\u0103 de Muzic\u0103, inaugur\u00e2nd disciplina de Istoria muzicii bizantine \u2013 o premier\u0103 \u00een muzica noastr\u0103 \u015fi care m-a obligat s\u0103 elaborez primul curs al disciplinei, tip\u0103rit ulterior \u00een dou\u0103 volume \u2013 <em>Istoria muzicii bizantine \u015fi evolu\u0163ia ei \u00een spiritualitate rom\u00e2neasc\u0103<\/em>.<\/p>\n\n\n\n<p>Nu repro\u015fez nim\u0103nui nimic, pentru c\u0103 nimeni nu \u015ftia ce-i \u00een sufletul meu. Foarte mult am purtat aceast\u0103 durere \u00een suflet cu acest securist care mi-a ie\u015fit \u00een cale \u015fi care mi-a perturbat traseul. Cu siguran\u0163\u0103, dac\u0103 nu era el, drumul meu era altul. Nimic nu prime\u015fti \u00een via\u0163\u0103 \u00een mod gratuit. \u00centr-un fel, pl\u0103te\u015fti pentru tot ce \u0163i se ofer\u0103. Lucrurile care se construiesc \u00een timp, necesit\u0103 foarte multe eforturi. Stabilirea terenului pe care m\u0103 mi\u015fc \u00een prezent, muzicologie, bizantinologie, etnomuzicologie, a venit cu timpul, prin investigarea unor arii aparent disparate, dar nu se poate face bizantinologie f\u0103r\u0103 etnomuzicologie, f\u0103r\u0103 muzicologie. Dintre cele mai recente c\u0103r\u0163i publicate pot aminti cea consacrat\u0103 lui Anton Pann \u015fi Mar\u0163ian Negrea \u015fi lucrez la definitivarea unei monografii a cuviosului Macarie Protopsaltul. Ei sunt reprezentan\u0163i marcan\u0163i ai muzicii de stran\u0103, dar \u015fi ai muzicii populare \u015fi activitatea lor creatoare dep\u0103\u015fe\u015fte sfera acestor domenii. Ca s\u0103 fiu mai explicit: Anton Pann este un str\u0103lucit reprezentant al folcloristicii, dar \u015fi al muzicii de stran\u0103, din m\u00e2na lui ie\u015find capodopera <em>Tat\u0103l nostru<\/em> \u2013 imn al ortodoxiei rom\u00e2ne\u015fti, dar tot prin ingeniozitatea lui a trecut melodia actualului imn na\u0163ional \u2013 <em>De\u015fteapt\u0103-te, rom\u00e2ne<\/em>, o adev\u0103rat\u0103 emblem\u0103 a spiritualit\u0103\u0163ii rom\u00e2ne\u015fti care a \u00eenso\u0163it cele mai importante evenimente politice ale ultimelor dou\u0103 secole: 1848, 1859, 1877, 1918, 1989. Bizantinologia muzical\u0103 are un imens teren de cercetare deoarece pleac\u0103 de la c\u00e2ntarea de stran\u0103 \u00een limba latin\u0103, greac\u0103, slavon\u0103, porne\u015fte din epoca patristic\u0103 \u015fi a sinoadelor ecumenice \u015fi necesit\u0103 studii temeinice de teologie, patrologie, imnologie, dogmatic\u0103, liturgic\u0103, istoria Bisericii universale \u015fi rom\u00e2ne\u015fti, cultur\u0103 greac\u0103 \u015fi slavon\u0103, etnomuzicologie \u015fi muzicologie.<\/p>\n\n\n\n<p><strong>\u2022 <em>M\u0103 consider, cumva, izgonit din Piatra-Neam\u0163<\/em><\/strong><\/p>\n\n\n\n<p><em>\u2013 Bucure\u015ftiul a fost o cas\u0103 bun\u0103, este o cas\u0103 bun\u0103?<\/em><\/p>\n\n\n\n<p>\u2013 Nu, nu. L-am acceptat, pentru c\u0103 activitatea mea avea \u015fi are \u00een continuare nevoie de Bucure\u015fti. Am fost obligat, \u00eentr-un fel, s\u0103 m\u0103 mut la Bucure\u015fti. Am avut naivitatea s\u0103 cred c\u0103 pot s\u0103 fac doctoratul c\u00e2nd eram la Piatra-Neam\u0163. Ca s\u0103 m\u0103 \u00eenscriu la doctorat la Cluj-Napoca, \u00eemi trebuia aprobarea Comitetului Jude\u0163ean de Partid, la acea vreme eu nefiind membru p.c.r. Prima pies\u0103 care era necesar\u0103 la dosarul ce urma s\u0103 fie \u00eenaintat Comitetului Jude\u0163ean al Partidului era un referat de cadre pe care trebuia s\u0103-l semneze inspectorul \u015fcolar general, Ioan (Jean) Cr\u0103ciun. El m-a am\u00e2nat cu aprobarea p\u00e2n\u0103 a trecut data de \u00eenscriere. Ce era la mijloc? Probabil, teama de a-i lua func\u0163ia, \u00eens\u0103 eu nu aveam asta \u00een cap, fereasc\u0103 Dumnezeu! A lungit odiseea \u00eenscrierii p\u00e2n\u0103 luni diminea\u0163a c\u00e2nd era \u015fedin\u0163a Comitetului Jude\u0163ean de Partid, \u00eenscrierile \u00eencheindu-se s\u00e2mb\u0103ta anterioar\u0103. \u015ei n-am mai putut face doctoratul la timpul respectiv. M\u0103 consider, cumva, izgonit din Piatra-Neam\u0163. Ca s\u0103 m\u0103 r\u0103zbun! \u2013 am f\u0103cut \u015fi al doilea doctorat \u00een Pedagogie. Dac\u0103 este o cas\u0103 bun\u0103? Da, deoarece am la \u00eendem\u00e2n\u0103 bibliotecile din care-\u015fi trag seva lucr\u0103rile mele \u015ftiin\u0163ifice, care mi-au adus aprecierea Academiei Rom\u00e2ne, a Uniunii Compozitorilor \u015fi Muzicologilor, a Patriarhiei Rom\u00e2ne.<\/p>\n\n\n<div class=\"wp-block-image\">\n<figure class=\"alignright size-full is-resized\"><a href=\"http:\/\/www.slineamt.ro\/apostolul\/wp-content\/uploads\/2025\/05\/07-ap283-foto2.jpg\"><img loading=\"lazy\" decoding=\"async\" width=\"529\" height=\"295\" src=\"http:\/\/www.slineamt.ro\/apostolul\/wp-content\/uploads\/2025\/05\/07-ap283-foto2.jpg\" alt=\"\" class=\"wp-image-27265\" style=\"width:500px;height:auto\" srcset=\"http:\/\/www.slineamt.ro\/apostolul\/wp-content\/uploads\/2025\/05\/07-ap283-foto2.jpg 529w, http:\/\/www.slineamt.ro\/apostolul\/wp-content\/uploads\/2025\/05\/07-ap283-foto2-300x167.jpg 300w, http:\/\/www.slineamt.ro\/apostolul\/wp-content\/uploads\/2025\/05\/07-ap283-foto2-260x145.jpg 260w, http:\/\/www.slineamt.ro\/apostolul\/wp-content\/uploads\/2025\/05\/07-ap283-foto2-160x89.jpg 160w\" sizes=\"auto, (max-width: 529px) 100vw, 529px\" \/><\/a><\/figure>\n<\/div>\n\n\n<p><strong>\u2022 P\u0103strez cu adev\u0103rat\u0103 venera\u0163ie fi\u015fele primare ale unor lucr\u0103ri copiate de so\u0163ia \u015fi de fiica mea&#8230;<\/strong><\/p>\n\n\n\n<p><em>\u2013 C\u00e2t de mult a\u0163i fost sus\u0163inut de familie?<\/em><\/p>\n\n\n\n<p>\u2013 Foarte mult, foarte mult. Cu so\u0163ia mea, Margareta Vasile \u2013 fie-i \u0163\u0103rna u\u015foar\u0103!, am fost coleg de grup\u0103 la facultate. Ea a fost \u00eenso\u0163it\u0103 la slujba de \u00eenmorm\u00e2ntare, la Borle\u015fti, de c\u00e2nt\u0103rile biserice\u015fti ale surorilor mele. O perioad\u0103 a lucrat \u015fi ea la \u015ecoala Popular\u0103 de Art\u0103 din Piatra-Neam\u0163, dup\u0103 care s-a mutat la \u015ecoala General\u0103 nr. 5. Tot atunci, am cerut \u015fi eu transferul la \u015ecoala General\u0103 nr. 4. Am o fiic\u0103, Adriana, absolvent\u0103 a liceului \u201ePetru Rare\u015f\u201d, biolog de profesie, \u015fi doi nepo\u0163i, Miruna \u015fi Radu. P\u0103strez cu adev\u0103rat\u0103 venera\u0163ie fi\u015fele primare ale unor lucr\u0103ri copiate de so\u0163ia \u015fi de fiica mea \u015fi pe care le prelucram la Piatra-Neam\u0163 \u015fi acum, la Bucure\u015fti.<\/p>\n\n\n\n<p><em>\u2013 La ce lucra\u0163i \u00een prezent?<\/em><\/p>\n\n\n\n<p>\u2013 \u00cenainte s\u0103 fie proclamat\u0103 canonizarea Sf\u00e2ntului Cuvios Macarie, p\u0103rintele c\u00e2nt\u0103rii psaltice \u00een limba rom\u00e2n\u0103, Preafericitul P\u0103rinte Daniel m-a \u00eentrebat: \u201eCum \u00eei spunem: Sf. Cuvios Macarie protopsaltul sau Sf. Cuvios Macarie ieromonahul?\u201d<\/p>\n\n\n\n<p>\u2013 <em>Sunt sigur<\/em> \u2013 am r\u0103spuns \u2013 <em>c\u0103 r\u0103spunsul meu concord\u0103 cu cel al Preafericirii voastre. Nu are rost s\u0103-i spune\u0163i Macarie ieromonahul, c\u0103 nu-l face\u0163i sf\u00e2nt pentru c\u0103 a fost ieromonah. Sunt c\u00e2teva zeci de mii de Macarie de-a lungul istoriei. \u00cel face\u0163i pentru c\u0103 a fost un eminent protopsalt \u015fi cel care a f\u0103cut pasul mare de a t\u0103lm\u0103ci c\u00e2nt\u0103rile liturgice \u00een limba rom\u00e2n\u0103 \u2013 limba credincio\u015filor din \u0163ara noastr\u0103\u201d<\/em>.<\/p>\n\n\n\n<p>\u2013 <em>Da, dar cineva trebuie s\u0103 ne dea o carte despre protopsaltul Macarie<\/em>, mi-a replicat \u00eenaltul ierarh.<\/p>\n\n\n\n<p>&nbsp;\u00cemi m\u0103n\u00e2nc\u0103 sufletul cartea asta, dar nu-mi pare r\u0103u. \u015ei mai trudesc \u015fi la o antologie de c\u00e2nt\u0103ri necunoscute ale protopsaltului Macarie din urm\u0103 cu peste dou\u0103 secole, risipite \u00een miile de manuscrise muzicale. Sunt aproape gata cu am\u00e2ndou\u0103 lucr\u0103rile.<\/p>\n\n\n\n<p>Spre tipografia din Piatra-Neam\u0163, a\u015ftept plecarea volumului al II-lea al <em>Profilurilor de muzicieni rom\u00e2ni<\/em>, cuprinz\u00e2nd personalit\u0103\u0163i nem\u0163ene: Alexandru Podoleanu, Bazil Anastasescu, Dimitrie Vulpian \u015fi figuri ilustre de protopsal\u0163i nem\u0163eni: Visarion, Dorothei. Un loc aparte am rezervat activit\u0103\u0163ii cuviosului protopsalt Macarie la M\u0103n\u0103stirea Neam\u0163. Am optat pentru acest titlu pentru a nu se crede c\u0103 este vorba despre ni\u015fte personalit\u0103\u0163i locale, nem\u0163ene, ci de figuri ilustre de anvergur\u0103 na\u0163ional\u0103.<\/p>\n\n\n\n<p>Ar urma edi\u0163ia a II-a a monografiei lui Anton Pann, lucrarea <em>Colinda \u2013 emblem\u0103 a spiritualit\u0103\u0163ii rom\u00e2ne\u015fti<\/em> \u015fi <em>De la polihroniile \u00eemp\u0103ra\u0163ilor bizantini<\/em> <em>la<\/em> <em>De\u015fteapt\u0103-te, rom\u00e2ne<\/em>, aflate \u00een curs de definitivare.<\/p>\n\n\n\n<p><strong><em>A consemnat Violeta MO\u015eU;<\/em><\/strong><\/p>\n\n\n\n<p><strong><em>&nbsp;Foto: Ziarul Lumina<\/em><\/strong><\/p>\n","protected":false},"excerpt":{"rendered":"<p>\u2022 Interviu cu Prof. univ. dr. Vasile Vasile, bizantinolog, muzicolog,etnomuzicolog \u2013 A fost greu s\u0103 r\u0103zbate\u0163i, s\u0103 ajunge\u0163i un specialist de renume \u00een muzicologia bizantin\u0103? \u2013 Foarte greu, dar am fost \u00eenv\u0103\u0163at cu greut\u0103\u0163ile de mic. Eu nu am abandonat&hellip;<\/p>\n<p class=\"more-link-p\"><a class=\"more-link\" href=\"http:\/\/www.slineamt.ro\/apostolul\/arte-si-meseriii\/destin-in-lumina-iii-lucrurile-care-se-construiesc-in-timp-necesita-foarte-multe-eforturi\/\">Read more &rarr;<\/a><\/p>\n","protected":false},"author":1,"featured_media":0,"comment_status":"open","ping_status":"closed","sticky":false,"template":"","format":"standard","meta":{"footnotes":""},"categories":[7,493],"tags":[],"class_list":["post-27263","post","type-post","status-publish","format-standard","hentry","category-arte-si-meseriii","category-283-mai-2025"],"_links":{"self":[{"href":"http:\/\/www.slineamt.ro\/apostolul\/wp-json\/wp\/v2\/posts\/27263","targetHints":{"allow":["GET"]}}],"collection":[{"href":"http:\/\/www.slineamt.ro\/apostolul\/wp-json\/wp\/v2\/posts"}],"about":[{"href":"http:\/\/www.slineamt.ro\/apostolul\/wp-json\/wp\/v2\/types\/post"}],"author":[{"embeddable":true,"href":"http:\/\/www.slineamt.ro\/apostolul\/wp-json\/wp\/v2\/users\/1"}],"replies":[{"embeddable":true,"href":"http:\/\/www.slineamt.ro\/apostolul\/wp-json\/wp\/v2\/comments?post=27263"}],"version-history":[{"count":1,"href":"http:\/\/www.slineamt.ro\/apostolul\/wp-json\/wp\/v2\/posts\/27263\/revisions"}],"predecessor-version":[{"id":27266,"href":"http:\/\/www.slineamt.ro\/apostolul\/wp-json\/wp\/v2\/posts\/27263\/revisions\/27266"}],"wp:attachment":[{"href":"http:\/\/www.slineamt.ro\/apostolul\/wp-json\/wp\/v2\/media?parent=27263"}],"wp:term":[{"taxonomy":"category","embeddable":true,"href":"http:\/\/www.slineamt.ro\/apostolul\/wp-json\/wp\/v2\/categories?post=27263"},{"taxonomy":"post_tag","embeddable":true,"href":"http:\/\/www.slineamt.ro\/apostolul\/wp-json\/wp\/v2\/tags?post=27263"}],"curies":[{"name":"wp","href":"https:\/\/api.w.org\/{rel}","templated":true}]}}