{"id":27274,"date":"2025-05-21T16:05:43","date_gmt":"2025-05-21T16:05:43","guid":{"rendered":"https:\/\/www.slineamt.ro\/apostolul\/?p=27274"},"modified":"2025-05-21T16:05:43","modified_gmt":"2025-05-21T16:05:43","slug":"redeschiderea-casei-memoriale-calistrat-hogas","status":"publish","type":"post","link":"http:\/\/www.slineamt.ro\/apostolul\/arte-si-meseriii\/redeschiderea-casei-memoriale-calistrat-hogas\/","title":{"rendered":"Redeschiderea Casei Memoriale Calistrat Hoga\u015f"},"content":{"rendered":"<div class=\"wp-block-image\">\n<figure class=\"alignleft size-full is-resized\"><a href=\"http:\/\/www.slineamt.ro\/apostolul\/wp-content\/uploads\/2025\/05\/04-ap283-foto1.jpg\"><img loading=\"lazy\" decoding=\"async\" width=\"269\" height=\"378\" src=\"http:\/\/www.slineamt.ro\/apostolul\/wp-content\/uploads\/2025\/05\/04-ap283-foto1.jpg\" alt=\"\" class=\"wp-image-27275\" style=\"width:310px;height:auto\" srcset=\"http:\/\/www.slineamt.ro\/apostolul\/wp-content\/uploads\/2025\/05\/04-ap283-foto1.jpg 269w, http:\/\/www.slineamt.ro\/apostolul\/wp-content\/uploads\/2025\/05\/04-ap283-foto1-213x300.jpg 213w, http:\/\/www.slineamt.ro\/apostolul\/wp-content\/uploads\/2025\/05\/04-ap283-foto1-260x365.jpg 260w, http:\/\/www.slineamt.ro\/apostolul\/wp-content\/uploads\/2025\/05\/04-ap283-foto1-160x225.jpg 160w\" sizes=\"auto, (max-width: 269px) 100vw, 269px\" \/><\/a><\/figure>\n<\/div>\n\n\n<p>\u00cen 17 aprilie 2025, cu dou\u0103 zile \u00eenainte de a aniversa 178 de ani de la na\u015fterea ilustrului s\u0103u proprietar, a fost redeschis\u0103 Casa Memorial\u0103 Calistrat Hoga\u015f, \u00eenchis\u0103 publicului din 2022, c\u00e2nd a \u00eenceput reabilitarea ei cu fonduri europene. Finalizarea lucr\u0103rilor a fost prev\u0103zut\u0103 ini\u0163ial pentru 2023, apoi 2024, dar, \u00een pofida \u00eent\u00e2rzierii de doi ani, a\u015fteptarea a meritat, deoarece renovarea a adus casa la standardele muzeale ale anului 2025.<\/p>\n\n\n\n<p>Printr-o fericit\u0103 coinciden\u0163\u0103, \u00een s\u0103pt\u0103m\u00e2na \u00een care s-a redeschis Casa Hoga\u015f, la Piatra-Neam\u0163 se desf\u0103\u015fura Olimpiada Na\u0163ional\u0103 de Istorie.<\/p>\n\n\n\n<p>Ceremonia de redeschidere a \u00eenceput prin oficierea unei slujbe de c\u0103tre preotul paroh, Dan Ovidiu Cojan, \u00eempreun\u0103 cu p\u0103rintele protopop de Piatra-Neam\u0163, Valentin Timofte, alegere inspirat\u0103 din partea gazdelor, av\u00e2nd \u00een vedere c\u0103 at\u00e2t Calistrat Hoga\u015f, c\u00e2t \u015fi so\u0163ia sa, Elena, erau fii de preo\u0163i protopopi.<\/p>\n\n\n<div class=\"wp-block-image\">\n<figure class=\"alignright size-full is-resized\"><a href=\"http:\/\/www.slineamt.ro\/apostolul\/wp-content\/uploads\/2025\/05\/04-ap283-foto2.jpg\"><img loading=\"lazy\" decoding=\"async\" width=\"454\" height=\"295\" src=\"http:\/\/www.slineamt.ro\/apostolul\/wp-content\/uploads\/2025\/05\/04-ap283-foto2.jpg\" alt=\"\" class=\"wp-image-27276\" style=\"width:362px;height:auto\" srcset=\"http:\/\/www.slineamt.ro\/apostolul\/wp-content\/uploads\/2025\/05\/04-ap283-foto2.jpg 454w, http:\/\/www.slineamt.ro\/apostolul\/wp-content\/uploads\/2025\/05\/04-ap283-foto2-300x195.jpg 300w, http:\/\/www.slineamt.ro\/apostolul\/wp-content\/uploads\/2025\/05\/04-ap283-foto2-260x169.jpg 260w, http:\/\/www.slineamt.ro\/apostolul\/wp-content\/uploads\/2025\/05\/04-ap283-foto2-160x104.jpg 160w\" sizes=\"auto, (max-width: 454px) 100vw, 454px\" \/><\/a><\/figure>\n<\/div>\n\n\n<p>Au participat autorit\u0103\u0163i jude\u0163ene \u015fi locale, dar \u015fi elevi ai celor dou\u0103 licee, \u201ePetru Rare\u015f\u201d \u015fi \u201eCalistrat Hoga\u015f\u201d, de care este legat numele lui Calistrat Hoga\u015f: la \u201eRare\u015f\u201d a fost primul director \u015fi profesor de discipline umaniste, la \u201eHoga\u015f\u201d a predat fiica sa, Sidonia, cea care a donat casa p\u0103rinteasc\u0103 \u015fi numeroase obiecte ce i-au apar\u0163inut tat\u0103lui s\u0103u, pentru a deveni muzeu memorial.<\/p>\n\n\n<div class=\"wp-block-image\">\n<figure class=\"alignleft size-full is-resized\"><a href=\"http:\/\/www.slineamt.ro\/apostolul\/wp-content\/uploads\/2025\/05\/04-ap283-foto3.jpg\"><img loading=\"lazy\" decoding=\"async\" width=\"457\" height=\"291\" src=\"http:\/\/www.slineamt.ro\/apostolul\/wp-content\/uploads\/2025\/05\/04-ap283-foto3.jpg\" alt=\"\" class=\"wp-image-27277\" style=\"width:363px;height:auto\" srcset=\"http:\/\/www.slineamt.ro\/apostolul\/wp-content\/uploads\/2025\/05\/04-ap283-foto3.jpg 457w, http:\/\/www.slineamt.ro\/apostolul\/wp-content\/uploads\/2025\/05\/04-ap283-foto3-300x191.jpg 300w, http:\/\/www.slineamt.ro\/apostolul\/wp-content\/uploads\/2025\/05\/04-ap283-foto3-260x166.jpg 260w, http:\/\/www.slineamt.ro\/apostolul\/wp-content\/uploads\/2025\/05\/04-ap283-foto3-160x102.jpg 160w\" sizes=\"auto, (max-width: 457px) 100vw, 457px\" \/><\/a><\/figure>\n<\/div>\n\n\n<p>Am avut pl\u0103cerea s\u0103-mi \u00eenso\u0163esc elevii la eveniment, ace\u015ftia d\u0103ruind gazdelor o copie dup\u0103 filmul \u201eTataia\u201d, realizat de elevii Colegiului. Scenariul filmului se bazeaz\u0103 pe cartea Sidoniei Hoga\u015f. Directorul Colegiului Na\u0163ional \u201ePetru Rare\u015f\u201d, prof. Grigoru\u0163\u0103 Oniciuc, a fost printre vorbitorii care au omagiat personalitatea lui Calistrat Hoga\u015f.<\/p>\n\n\n\n<p>Filmul \u201eTataia\u201d a fost realizat cu ocazia anivers\u0103rii a 155 de ani de la \u00eenfiin\u0163area Colegiului \u015fi face parte dintr-un proiect al Catedrei de Istorie din Colegiu de a realiza o mini-trilogie cinematografic\u0103 dedicat\u0103 celor trei directori ale c\u0103ror chipuri se g\u0103sesc pe monumentul de la intrarea \u00een Colegiu: Ioan Negre, Calistrat Hoga\u015f, Mihai Stamatin. Cu ajutorul generos \u015fi profesionist al actorului Andrei Merchea, Ioan Negre, poreclit de elevi \u201eTaica Negre\u201d \u015fi Calistrat Hoga\u015f au fost portretiza\u0163i deja, cinematografic, iar Mihai Stamatin urmeaz\u0103.<\/p>\n\n\n<div class=\"wp-block-image\">\n<figure class=\"alignright size-full\"><a href=\"http:\/\/www.slineamt.ro\/apostolul\/wp-content\/uploads\/2025\/05\/04-ap283-foto4.jpg\"><img loading=\"lazy\" decoding=\"async\" width=\"454\" height=\"295\" src=\"http:\/\/www.slineamt.ro\/apostolul\/wp-content\/uploads\/2025\/05\/04-ap283-foto4.jpg\" alt=\"\" class=\"wp-image-27278\" srcset=\"http:\/\/www.slineamt.ro\/apostolul\/wp-content\/uploads\/2025\/05\/04-ap283-foto4.jpg 454w, http:\/\/www.slineamt.ro\/apostolul\/wp-content\/uploads\/2025\/05\/04-ap283-foto4-300x195.jpg 300w, http:\/\/www.slineamt.ro\/apostolul\/wp-content\/uploads\/2025\/05\/04-ap283-foto4-260x169.jpg 260w, http:\/\/www.slineamt.ro\/apostolul\/wp-content\/uploads\/2025\/05\/04-ap283-foto4-160x104.jpg 160w\" sizes=\"auto, (max-width: 454px) 100vw, 454px\" \/><\/a><\/figure>\n<\/div>\n\n\n<p>Din partea celor \u015fapte elevi care au avut cea mai mare contribu\u0163ie la realizarea filmului, a fost invitat\u0103 s\u0103 se adreseze publicului Iustina Iord\u0103chescu, interpreta din film a Elenei\/ Elencu Hoga\u015f, care a primit ca dar din partea p\u0103rin\u0163ilor, casa devenit\u0103 celebr\u0103.<\/p>\n\n\n\n<p>Am admirat acribia cu care muzeografii au recondi\u0163ionat \u015fi pus \u00een valoare obiectele r\u0103mase de la familia Hoga\u015f: celebra p\u0103l\u0103rie \u015fi pelerina, pistolul, caricaturile realizate de elevii care nu se preg\u0103teau pentru ore \u015fi primeau o astfel de tem\u0103, biblioteca, numeroase fotografii.<\/p>\n\n\n\n<p>Au reu\u015fit astfel prin priceperea \u015fi munca lor s\u0103 salveze de la uitare \u015fi distrugere un monument cu valoare istoric\u0103 \u015fi sentimental\u0103 pentru ora\u015ful nostru, iar ziua superb\u0103 de prim\u0103var\u0103 a creat cadrul perfect pentru acest eveniment.<\/p>\n\n\n\n<p>\u00censo\u0163esc aceste r\u00e2nduri cu c\u00e2teva fotografii, o parte personale, o parte preluate de la Complexul Muzeal Na\u0163ional Neam\u0163.<\/p>\n\n\n\n<p><strong><em>Prof. dr. Dorina-Lumini\u0163a DREXLER<\/em><\/strong><\/p>\n","protected":false},"excerpt":{"rendered":"<p>\u00cen 17 aprilie 2025, cu dou\u0103 zile \u00eenainte de a aniversa 178 de ani de la na\u015fterea ilustrului s\u0103u proprietar, a fost redeschis\u0103 Casa Memorial\u0103 Calistrat Hoga\u015f, \u00eenchis\u0103 publicului din 2022, c\u00e2nd a \u00eenceput reabilitarea ei cu fonduri europene. Finalizarea&hellip;<\/p>\n<p class=\"more-link-p\"><a class=\"more-link\" href=\"http:\/\/www.slineamt.ro\/apostolul\/arte-si-meseriii\/redeschiderea-casei-memoriale-calistrat-hogas\/\">Read more &rarr;<\/a><\/p>\n","protected":false},"author":1,"featured_media":0,"comment_status":"open","ping_status":"closed","sticky":false,"template":"","format":"standard","meta":{"footnotes":""},"categories":[7,493],"tags":[],"class_list":["post-27274","post","type-post","status-publish","format-standard","hentry","category-arte-si-meseriii","category-283-mai-2025"],"_links":{"self":[{"href":"http:\/\/www.slineamt.ro\/apostolul\/wp-json\/wp\/v2\/posts\/27274","targetHints":{"allow":["GET"]}}],"collection":[{"href":"http:\/\/www.slineamt.ro\/apostolul\/wp-json\/wp\/v2\/posts"}],"about":[{"href":"http:\/\/www.slineamt.ro\/apostolul\/wp-json\/wp\/v2\/types\/post"}],"author":[{"embeddable":true,"href":"http:\/\/www.slineamt.ro\/apostolul\/wp-json\/wp\/v2\/users\/1"}],"replies":[{"embeddable":true,"href":"http:\/\/www.slineamt.ro\/apostolul\/wp-json\/wp\/v2\/comments?post=27274"}],"version-history":[{"count":1,"href":"http:\/\/www.slineamt.ro\/apostolul\/wp-json\/wp\/v2\/posts\/27274\/revisions"}],"predecessor-version":[{"id":27279,"href":"http:\/\/www.slineamt.ro\/apostolul\/wp-json\/wp\/v2\/posts\/27274\/revisions\/27279"}],"wp:attachment":[{"href":"http:\/\/www.slineamt.ro\/apostolul\/wp-json\/wp\/v2\/media?parent=27274"}],"wp:term":[{"taxonomy":"category","embeddable":true,"href":"http:\/\/www.slineamt.ro\/apostolul\/wp-json\/wp\/v2\/categories?post=27274"},{"taxonomy":"post_tag","embeddable":true,"href":"http:\/\/www.slineamt.ro\/apostolul\/wp-json\/wp\/v2\/tags?post=27274"}],"curies":[{"name":"wp","href":"https:\/\/api.w.org\/{rel}","templated":true}]}}