{"id":27298,"date":"2025-05-21T16:22:51","date_gmt":"2025-05-21T16:22:51","guid":{"rendered":"https:\/\/www.slineamt.ro\/apostolul\/?p=27298"},"modified":"2025-05-21T16:22:51","modified_gmt":"2025-05-21T16:22:51","slug":"vremuri-tulburi-vesti-amare","status":"publish","type":"post","link":"http:\/\/www.slineamt.ro\/apostolul\/viata-sindicala-imperative\/vremuri-tulburi-vesti-amare\/","title":{"rendered":"Vremuri tulburi, ve\u015fti amare"},"content":{"rendered":"\n<p>\u2022 Interviu cu dl Ionel Hociung \u2013 pre\u015fedinte al Sindicatului din \u00cenv\u0103\u0163\u0103m\u00e2nt Neam\u0163<\/p>\n\n\n<div class=\"wp-block-image\">\n<figure class=\"alignleft size-full\"><a href=\"http:\/\/www.slineamt.ro\/apostolul\/wp-content\/uploads\/2025\/05\/01-ap283-foto1.jpg\"><img loading=\"lazy\" decoding=\"async\" width=\"491\" height=\"487\" src=\"http:\/\/www.slineamt.ro\/apostolul\/wp-content\/uploads\/2025\/05\/01-ap283-foto1.jpg\" alt=\"\" class=\"wp-image-27299\" srcset=\"http:\/\/www.slineamt.ro\/apostolul\/wp-content\/uploads\/2025\/05\/01-ap283-foto1.jpg 491w, http:\/\/www.slineamt.ro\/apostolul\/wp-content\/uploads\/2025\/05\/01-ap283-foto1-300x298.jpg 300w, http:\/\/www.slineamt.ro\/apostolul\/wp-content\/uploads\/2025\/05\/01-ap283-foto1-150x150.jpg 150w, http:\/\/www.slineamt.ro\/apostolul\/wp-content\/uploads\/2025\/05\/01-ap283-foto1-260x258.jpg 260w, http:\/\/www.slineamt.ro\/apostolul\/wp-content\/uploads\/2025\/05\/01-ap283-foto1-160x159.jpg 160w\" sizes=\"auto, (max-width: 491px) 100vw, 491px\" \/><\/a><\/figure>\n<\/div>\n\n\n<p><em>\u2013 Domnule Ionel Hociung, deja discu\u0163iile noastre au c\u0103p\u0103tat o anumit\u0103 regularitate, a\u015fa c\u0103 ve\u0163i ghici desigur care este prima mea \u00eentrebare.<\/em><\/p>\n\n\n\n<p>\u2013 Dac\u0103 m\u0103 \u00eentreba\u0163i ce s-a mai \u00eent\u00e2mplat \u00een leg\u0103tur\u0103 cu activitatea sindical\u0103 de la ultimul interviu pe care vi l-am acordat, pot s\u0103 v\u0103 spun c\u0103 am continuat demersurile amiabile prin care solicit\u0103m reluarea pl\u0103\u0163ii indemniza\u0163iei de doctorat pentru colegii care sunt beneficiarii hot\u0103r\u00e2rilor judec\u0103tore\u015fti care consfin\u0163esc plata acestui drept, dar \u015fi echivalarea titlului \u015ftiin\u0163ific de doctor cu gradul didactic I. Reamintesc faptul c\u0103 \u00een jude\u0163ul Neam\u0163 avem 32 de colegi c\u0103rora, \u00een urma unei adrese emise de Ministerul Educa\u0163iei \u015fi Cercet\u0103rii, li s-a sistat, \u00een mod ilegal, plata indemniza\u0163iei de doctorat.<\/p>\n\n\n\n<p><em>\u2013 Spune\u0163i c\u0103 a\u0163i continuat demersurile amiabile \u00een leg\u0103tur\u0103 cu plata indemniza\u0163iei de doctorat. Ce s\u0103 \u00een\u0163elegem din aceast\u0103 sintagm\u0103?<\/em><\/p>\n\n\n\n<p>\u2013 C\u00e2nd spun c\u0103 am continuat demersurile, fac referire la faptul c\u0103 ne-am adresat \u00een scris ministerului \u015fi domnului ministru personal, avertiz\u00e2nd asupra consecin\u0163elor pe care le poate avea presiunea pus\u0103 pe angajatori pentru nerespectarea hot\u0103r\u00e2rilor judec\u0103tore\u015fti. Aici, r\u0103spunsul din partea ministerului a fost unul absolut sfid\u0103tor, iar la adresa trimis\u0103 personal domnului ministru, nu s-a sinchisit nimeni s\u0103 ne ofere un r\u0103spuns.<\/p>\n\n\n\n<p>Vreau s\u0103 v\u0103 spun c\u0103 am informat \u015fi Institu\u0163ia Prefectului \u2013 Jude\u0163ul Neam\u0163 asupra situa\u0163iei \u00een care ne afl\u0103m, iar la acea vreme, avertizam asupra \u00eenceperii procedurii de executare silit\u0103 a unit\u0103\u0163ilor de \u00eenv\u0103\u0163\u0103m\u00e2nt. Am g\u0103sit toat\u0103 \u00een\u0163elegerea din partea domnului prefect, dar, din p\u0103cate, nici demersurile f\u0103cute de dumnealui nu au avut nici un rezultat.<\/p>\n\n\n\n<p>Uit\u00e2ndu-ne la situa\u0163ia tulbure de pe scena politic\u0103 actual\u0103, ne-am spus c\u0103 nu are nici un sens ca p\u00e2n\u0103 lucrurile acestea nu se clarific\u0103, s\u0103 \u201ederanj\u0103m\u201d primul ministru sau pre\u015fedintele \u0163\u0103rii cu situa\u0163ii at\u00e2t de \u201ene\u00eensemnate\u201d, precum neexecutarea unor hot\u0103r\u00e2ri judec\u0103tore\u015fti de c\u0103tre autorit\u0103\u0163i ale statului.<\/p>\n\n\n\n<p>\u00cen aceast\u0103 situa\u0163ie, \u00een urma unei analize f\u0103cut\u0103 \u00eempreun\u0103 cu avocatul nostru, am hot\u0103r\u00e2t cu ce executor judec\u0103toresc s\u0103 lucr\u0103m, iar \u00een data de 30 aprilie 2025 au fost depuse un num\u0103r de 32 de cereri de executare silit\u0103, astfel fiind demarat\u0103 aceast\u0103 procedur\u0103.<\/p>\n\n\n\n<p>Pe m\u0103sur\u0103 ce evenimentele \u00eenainteaz\u0103, v\u0103 vom \u0163ine la curent cu derularea \u201eostilit\u0103\u0163ilor\u201d.<\/p>\n\n\n\n<p><em>\u2013 S\u0103 trecem acum la alt subiect de mare actualitate \u015fi interes, \u015fi anume cel legat de acordarea grada\u0163iilor de merit.<\/em><\/p>\n\n\n\n<p>\u2013 \u00cen perioada anterioar\u0103 am participat la \u015fedin\u0163a Comisiei Paritare de la nivelul I.S.J. Neam\u0163, \u00een care s-au detaliat punctajele aferente criteriilor, s-a stabilit num\u0103rul grada\u0163iilor de merit \u015fi punctajul minim pe categorii de personal \u015fi pe discipline, aferente concursului de acordare a grada\u0163iilor de merit pentru personalul didactic din \u00eenv\u0103\u0163\u0103m\u00e2ntul preuniversitar din jude\u0163ul Neam\u0163, \u00een sesiunea 2025.<\/p>\n\n\n\n<p>De asemenea, vom participa cu statut de observator \u015fi la evaluarea dosarelor depuse, \u00een cadrul consiliului consultativ al disciplinelor, iar \u00een perioada care va fi stabilit\u0103 pentru solu\u0163ionarea contesta\u0163iilor, vom superviza acest proces.<\/p>\n\n\n\n<p><em>\u2013 Ne-ar interesa foarte mult p\u0103rerea sindicatului \u00een leg\u0103tur\u0103 cu declara\u0163iile ministrului Daniel David despre evaluarea cadrelor didactice.<\/em><\/p>\n\n\n\n<p>\u2013 Desigur, acesta trebuie s\u0103 fie un alt punct al discu\u0163iei noastre. Cred c\u0103 este limpede c\u0103 noi, sindicatele, nu ne opunem evalu\u0103rii cadrelor didactice, evaluare care se \u00eent\u00e2mpl\u0103 \u015fi acum. Dac\u0103 avem o problem\u0103, aceasta ar fi legat\u0103 de subiectivismul evalu\u0103rii pe care o propune domnul ministru. Adic\u0103, nu putem fi de acord ca ter\u0163e persoane care, poate sunt f\u0103r\u0103 preg\u0103tire de specialitate s\u0103 poat\u0103 evalua procesul instructiv-educativ desf\u0103\u015furat de un cadru didactic.<\/p>\n\n\n\n<p>Din cauza unor astfel de decizii s-a ajuns la comportamente aberante din partea unor p\u0103rin\u0163i, care \u00ee\u015fi permit s\u0103 dea sfaturi \u015fi care \u00eencearc\u0103 s\u0103 impun\u0103 o anumit\u0103 modalitate de lucru cadrului didactic la clas\u0103.<\/p>\n\n\n\n<p>De asemenea, consider c\u0103 trebuie f\u0103cut\u0103 o evaluare a tuturor angaja\u0163ilor din sistemul bugetar, nu doar a celor din \u00eenv\u0103\u0163\u0103m\u00e2nt \u015fi cred c\u0103 ar trebui \u00eenceput cu func\u0163ionarii publici de la cel mai \u00eenalt nivel \u015fi cu politicienii.<\/p>\n\n\n\n<p><em>\u2013 Ne mai pute\u0163i semnala \u015fi alte idei ale Ministerului Educa\u0163iei \u201e\u00een interesul\u201d cadrelor didactice?<\/em><\/p>\n\n\n\n<p>\u00cen aceea\u015fi ordine de idei, tot ministrul Daniel David, vorbe\u015fte despre o nou\u0103 modalitate de ocupare a posturilor\/catedrelor, pe durat\u0103 nedeterminat\u0103 \u015fi c\u0103 este inadmisibil ca profesori tineri, cu note foarte bune la concursuri, s\u0103 nu se poat\u0103 fixa pe posturile din \u00eenv\u0103\u0163\u0103m\u00e2nt.<\/p>\n\n\n\n<p>Aici trebuie reamintit c\u0103 fiecare profesor titular, la r\u00e2ndul lui, a trecut prin furcile caudine ale concursului de titularizare \u015fi c\u0103, la vremea respectiv\u0103, fiecare dintre noi ne-am confruntat cu aceast\u0103 situa\u0163ie. Din acest punct de vedere \u00een\u0163eleg frustrarea colegilor mai tineri, dar deschiderea unor posibilit\u0103\u0163i alternative \u00een aceast\u0103 problematic\u0103 ar putea conduce la unele situa\u0163ii subiective, discriminatorii \u015fi greu de controlat. Aici mai observ \u015fi faptul c\u0103 tagma cadrelor didactice este singura care risc\u0103 s\u0103 nu mai beneficieze de stabilitatea locului de munc\u0103, chiar dac\u0103 membrii ei au semnat contracte individuale de munc\u0103 pe perioad\u0103 nedeterminat\u0103, a\u015fa cum se bucur\u0103 celelalte categorii de bugetari \u015fi a\u015fa cum prevede legisla\u0163ia muncii.<\/p>\n\n\n\n<p><em>\u2013 S-au rezolvat toate aspectele legate de cheltuielile de navet\u0103?<\/em><\/p>\n\n\n\n<p>Avem \u00een continuare, ceva probleme cu decontul cheltuielilor de navet\u0103 ale personalului didactic \u00een c\u00e2teva localit\u0103\u0163i. M\u0103 refer la municipiul Roman \u015fi la comunele Borle\u015fti \u015fi Boghicea, acolo unde bugetul nu a fost suficient, ori a fost prioritizat f\u0103r\u0103 a avea \u00een vedere necesitatea aloc\u0103rii acestor sume.<\/p>\n\n\n\n<p>Speran\u0163a mea este ca autoritatea local\u0103 s\u0103 regleze c\u00e2t mai repede aceste neajunsuri \u015fi s\u0103 nu fim \u00een situa\u0163ia de a solicita sprijinul altor institu\u0163ii pentru rezolvarea problemei.<\/p>\n\n\n\n<p>De asemenea, am constatat faptul c\u0103 MEC nu a aprobat la nivel na\u0163ional nici un leu \u00een buget pentru cheltuielile de navet\u0103 ale personalului didactic din toate unit\u0103\u0163ile de \u00eenv\u0103\u0163\u0103m\u00e2nt conexe. Astfel, \u00eempreun\u0103 cu ISJ Neam\u0163, am solicitat ministerului adoptarea de m\u0103suri pentru \u00eendreptarea situa\u0163iei.<\/p>\n\n\n\n<p><em>\u2013 La finalul acestei discu\u0163ii destul de amare, ave\u0163i cumva vreo veste c\u00e2t de c\u00e2t \u00eembucur\u0103toare?<\/em><\/p>\n\n\n\n<p>&nbsp;\u00cen \u00eencheiere a\u015f dori s\u0103 v\u0103 spun c\u0103 preg\u0103tim vizita unei delega\u0163ii de cadre didactice din Republica Moldova, mai precis din Raionul Ungheni, care va desf\u0103\u015fura \u00een perioada 16 \u2013 17 mai 2025 un schimb de experien\u0163\u0103 la Piatra-Neam\u0163, stabilind contacte \u015fi parteneriate cu unit\u0103\u0163i \u015fi institu\u0163ii de \u00eenv\u0103\u0163\u0103m\u00e2nt din jude\u0163ul nostru.<\/p>\n\n\n\n<p><strong><em>A consemnat Gianina BURUIAN\u0102<\/em><\/strong><\/p>\n","protected":false},"excerpt":{"rendered":"<p>\u2022 Interviu cu dl Ionel Hociung \u2013 pre\u015fedinte al Sindicatului din \u00cenv\u0103\u0163\u0103m\u00e2nt Neam\u0163 \u2013 Domnule Ionel Hociung, deja discu\u0163iile noastre au c\u0103p\u0103tat o anumit\u0103 regularitate, a\u015fa c\u0103 ve\u0163i ghici desigur care este prima mea \u00eentrebare. \u2013 Dac\u0103 m\u0103 \u00eentreba\u0163i ce&hellip;<\/p>\n<p class=\"more-link-p\"><a class=\"more-link\" href=\"http:\/\/www.slineamt.ro\/apostolul\/viata-sindicala-imperative\/vremuri-tulburi-vesti-amare\/\">Read more &rarr;<\/a><\/p>\n","protected":false},"author":1,"featured_media":0,"comment_status":"open","ping_status":"closed","sticky":false,"template":"","format":"standard","meta":{"footnotes":""},"categories":[11,493],"tags":[],"class_list":["post-27298","post","type-post","status-publish","format-standard","hentry","category-viata-sindicala-imperative","category-283-mai-2025"],"_links":{"self":[{"href":"http:\/\/www.slineamt.ro\/apostolul\/wp-json\/wp\/v2\/posts\/27298","targetHints":{"allow":["GET"]}}],"collection":[{"href":"http:\/\/www.slineamt.ro\/apostolul\/wp-json\/wp\/v2\/posts"}],"about":[{"href":"http:\/\/www.slineamt.ro\/apostolul\/wp-json\/wp\/v2\/types\/post"}],"author":[{"embeddable":true,"href":"http:\/\/www.slineamt.ro\/apostolul\/wp-json\/wp\/v2\/users\/1"}],"replies":[{"embeddable":true,"href":"http:\/\/www.slineamt.ro\/apostolul\/wp-json\/wp\/v2\/comments?post=27298"}],"version-history":[{"count":1,"href":"http:\/\/www.slineamt.ro\/apostolul\/wp-json\/wp\/v2\/posts\/27298\/revisions"}],"predecessor-version":[{"id":27300,"href":"http:\/\/www.slineamt.ro\/apostolul\/wp-json\/wp\/v2\/posts\/27298\/revisions\/27300"}],"wp:attachment":[{"href":"http:\/\/www.slineamt.ro\/apostolul\/wp-json\/wp\/v2\/media?parent=27298"}],"wp:term":[{"taxonomy":"category","embeddable":true,"href":"http:\/\/www.slineamt.ro\/apostolul\/wp-json\/wp\/v2\/categories?post=27298"},{"taxonomy":"post_tag","embeddable":true,"href":"http:\/\/www.slineamt.ro\/apostolul\/wp-json\/wp\/v2\/tags?post=27298"}],"curies":[{"name":"wp","href":"https:\/\/api.w.org\/{rel}","templated":true}]}}