{"id":27407,"date":"2025-06-24T03:03:52","date_gmt":"2025-06-24T03:03:52","guid":{"rendered":"https:\/\/www.slineamt.ro\/apostolul\/?p=27407"},"modified":"2025-06-24T03:09:48","modified_gmt":"2025-06-24T03:09:48","slug":"omagiu-profesoarei-daniela-cuciuc-la-biblioteca-judeteana","status":"publish","type":"post","link":"http:\/\/www.slineamt.ro\/apostolul\/comemorari\/omagiu-profesoarei-daniela-cuciuc-la-biblioteca-judeteana\/","title":{"rendered":"Omagiu profesoarei Daniela Cuciuc, la Biblioteca Jude\u0163ean\u0103"},"content":{"rendered":"<div class=\"wp-block-image\">\n<figure class=\"alignleft size-full is-resized\"><a href=\"https:\/\/www.slineamt.ro\/apostolul\/wp-content\/uploads\/2025\/06\/07-ap284-foto1.jpg\"><img loading=\"lazy\" decoding=\"async\" width=\"249\" height=\"302\" src=\"https:\/\/www.slineamt.ro\/apostolul\/wp-content\/uploads\/2025\/06\/07-ap284-foto1.jpg\" alt=\"\" class=\"wp-image-27410\" style=\"width:279px;height:auto\" srcset=\"http:\/\/www.slineamt.ro\/apostolul\/wp-content\/uploads\/2025\/06\/07-ap284-foto1.jpg 249w, http:\/\/www.slineamt.ro\/apostolul\/wp-content\/uploads\/2025\/06\/07-ap284-foto1-247x300.jpg 247w, http:\/\/www.slineamt.ro\/apostolul\/wp-content\/uploads\/2025\/06\/07-ap284-foto1-160x194.jpg 160w\" sizes=\"auto, (max-width: 249px) 100vw, 249px\" \/><\/a><\/figure>\n<\/div>\n\n\n<p>Biblioteca Jude\u0163ean\u0103 \u201eG.T. Kirileanu\u201d Neam\u0163, \u00een parteneriat cu \u015ecoala Gimnazial\u0103 \u201eDaniela Cuciuc\u201d Piatra-Neam\u0163, a organizat, joi, 29 mai, <strong>simpozionul \u201eProf. Daniela Cuciuc \u2013 o via\u0163\u0103 d\u0103ruit\u0103 \u015fcolii\u201d<\/strong>, \u00een cadrul proiectului <strong><em>S\u0103 cunoa\u015ftem istoria jude\u0163ului prin memoria comunit\u0103\u0163ii. Oameni, locuri, fapte<\/em><\/strong>.<\/p>\n\n\n\n<p>Invita\u0163ii speciali ai manifest\u0103rii au fost prof. Nicoletta Bud, prof. Ileana Ioni\u0163\u0103, prof. Maria Botez, prof. Ana Munteanu, informatician Dana Blaga, Laura Andra\u015f Juverdeanu, fost\u0103 elev\u0103 (\u00een prezent, profesor de limba francez\u0103\/ limba rom\u00e2n\u0103), prof. Mihai Soloan \u2013 directorul \u015ecolii Gimnaziale \u201eDaniela Cuciuc\u201d prof. drd. Roxana Ioana Avram \u2013 directorul adjunct al \u015ecolii Gimnaziale \u201eDaniela Cuciuc\u201d, \u015fi Corul \u015ecolii \u201eDaniela Cuciuc\u201d, coordonat \u015fi dirijat de profesorul Iustinian Pricop.<\/p>\n\n\n\n<p>* * *<\/p>\n\n\n<div class=\"wp-block-image\">\n<figure class=\"alignright size-full\"><a href=\"http:\/\/www.slineamt.ro\/apostolul\/wp-content\/uploads\/2025\/06\/07-ap284-foto2.jpg\"><img loading=\"lazy\" decoding=\"async\" width=\"491\" height=\"298\" src=\"http:\/\/www.slineamt.ro\/apostolul\/wp-content\/uploads\/2025\/06\/07-ap284-foto2.jpg\" alt=\"\" class=\"wp-image-27413\" srcset=\"http:\/\/www.slineamt.ro\/apostolul\/wp-content\/uploads\/2025\/06\/07-ap284-foto2.jpg 491w, http:\/\/www.slineamt.ro\/apostolul\/wp-content\/uploads\/2025\/06\/07-ap284-foto2-300x182.jpg 300w, http:\/\/www.slineamt.ro\/apostolul\/wp-content\/uploads\/2025\/06\/07-ap284-foto2-260x158.jpg 260w, http:\/\/www.slineamt.ro\/apostolul\/wp-content\/uploads\/2025\/06\/07-ap284-foto2-160x97.jpg 160w\" sizes=\"auto, (max-width: 491px) 100vw, 491px\" \/><\/a><\/figure>\n<\/div>\n\n\n<p>Cu o neobosit\u0103 energie, \u00eempletit\u0103 cu o bogat\u0103 cultur\u0103, Daniela Cuciuc \u015fi-a \u00eenchinat \u00eentreaga activitate \u015fcolii \u015fi elevilor, p\u00e2n\u0103 la cap\u0103tul mult prea scurt al unui drum de via\u0163\u0103, drept, frumos \u015fi luminos.<\/p>\n\n\n\n<p>N\u0103scut\u0103 la Piatra-Neam\u0163, la 8 februarie 1952, a absolvit Liceul \u201ePetru Rare\u015f\u201d \u00een anul 1971, cu media general\u0103 9.57, la clasa profesoarei de istorie \u015fi diriginte Verona Iacob. Patru ani mai t\u00e2rziu, a \u00eencheiat, \u00een aceea\u015fi not\u0103 de munc\u0103 \u015fi seriozitate, cursurile Facult\u0103\u0163ii de Litere a Universit\u0103\u0163ii Bucure\u015fti, cu dubl\u0103 specializare, francez\u0103-rom\u00e2n\u0103.<\/p>\n\n\n\n<p>\u015ecoala Gimnazial\u0103 nr. 9, timp de un an, \u015fi \u015ecoala Gimnazial\u0103 nr. 26 (ulterior, \u015ecoala Gimnazial\u0103 nr. 6), p\u00e2n\u0103 la plecarea sa din aceast\u0103 lume, au fost locurile \u00een care a \u00eendrumat spre lumin\u0103 \u015fi cunoa\u015ftere numeroase genera\u0163ii de elevi.<\/p>\n\n\n\n<p>\u201eProfesoara Daniela Cuciuc a fost un exemplu de d\u0103ruire total\u0103, dus\u0103 p\u00e2n\u0103 la uitarea de sine, consolid\u00e2nd suportul moral al profesiunii de cadru didactic. I-a \u00eenv\u0103\u0163at pe elevi s\u0103 tr\u0103iasc\u0103, din plin, bucuria unic\u0103 a rostirii cuvintelor \u00een limba francez\u0103\u201d a spus moderatoarea manifest\u0103rii, <strong>prof. Mihaela Mereu\u0163\u0103, managerul Bibliotecii Jude\u0163ene<\/strong>.<\/p>\n\n\n\n<p>\u201eAm avut onoarea de a o cunoa\u015fte pe profesoara Daniela Cuciuc la \u00eenceputul carierei mele \u00een \u00eenv\u0103\u0163\u0103m\u00e2nt, particip\u00e2nd la un cerc peda\u00adgogic, \u00een 2005, la \u015ecoala nr. 26, pe vremea aceea. \u00cei mul\u0163umesc doamnei profesoare Maria Botez, fost inspector de limba francez\u0103, care a fost mentorul meu. Daniela Cuciuc a l\u0103sat \u00een urm\u0103 nu numai aura unui apreciat profesor, dar \u015fi delicate\u0163ea unui spirit distins, fermec\u0103tor. Ne bucur\u0103m c\u0103 \u015fcoala noastr\u0103 \u00eei poart\u0103 cu cinste numele\u201d, a afirmat <strong>prof. Mihai Soloan, directorul \u015ecolii Gimnaziale \u201eDaniela Cuciuc\u201d<\/strong>.<\/p>\n\n\n<div class=\"wp-block-image\">\n<figure class=\"alignleft size-full\"><a href=\"http:\/\/www.slineamt.ro\/apostolul\/wp-content\/uploads\/2025\/06\/07-ap284-foto3.jpg\"><img loading=\"lazy\" decoding=\"async\" width=\"491\" height=\"323\" src=\"http:\/\/www.slineamt.ro\/apostolul\/wp-content\/uploads\/2025\/06\/07-ap284-foto3.jpg\" alt=\"\" class=\"wp-image-27414\" srcset=\"http:\/\/www.slineamt.ro\/apostolul\/wp-content\/uploads\/2025\/06\/07-ap284-foto3.jpg 491w, http:\/\/www.slineamt.ro\/apostolul\/wp-content\/uploads\/2025\/06\/07-ap284-foto3-300x197.jpg 300w, http:\/\/www.slineamt.ro\/apostolul\/wp-content\/uploads\/2025\/06\/07-ap284-foto3-260x171.jpg 260w, http:\/\/www.slineamt.ro\/apostolul\/wp-content\/uploads\/2025\/06\/07-ap284-foto3-160x105.jpg 160w\" sizes=\"auto, (max-width: 491px) 100vw, 491px\" \/><\/a><\/figure>\n<\/div>\n\n\n<p>\u201ePentru \u015fcoala noastr\u0103, Daniela Cuciuc a fost simbolul onestit\u0103\u0163ii, al modestiei \u015fi al lucrului bine f\u0103cut. \u015ei c\u00e2nd spun lucru bine f\u0103cut m\u0103 refer la faptul c\u0103, dincolo de cuvintele \u00een limba francez\u0103, limb\u0103 at\u00e2t de elegant\u0103, se afla omul care \u015ftia s\u0103 le insufle elevilor dragul de carte\u201d, a men\u0163ionat <strong>prof. drd. Roxana Ioana Avram, directorul adjunct al \u015ecolii Gimnaziale \u201eDaniela Cuciuc\u201d<\/strong>.<\/p>\n\n\n\n<p>Un cuv\u00e2nt cald, emo\u0163ionant a transmis de la Bucure\u015fti \u015fi <strong>Adriana Doina Rotaru<\/strong>, veri\u015foara Danielei Cuciuc: \u201eDaniela era un om corect, un om care g\u00e2ndea limpede \u015fi tr\u0103ia cu o form\u0103 de bun\u0103tate profund\u0103 \u2013 nu demonstrativ\u0103, ci natural\u0103. Daniela avea o con\u015ftiin\u0163\u0103 curat\u0103 \u015fi o rela\u0163ie onest\u0103 cu via\u0163a, cu oamenii \u015fi cu ea \u00eens\u0103\u015fi\u201d.<\/p>\n\n\n\n<p>La ini\u0163iativa Danielei Cuciuc, \u015ecoala Gimnazial\u0103 nr. 26 din Piatra-Neam\u0163 s-a \u00eenfr\u0103\u0163it, la sf\u00e2r\u015fitul anilor \u201990, cu <strong><em>Coll\u00e8ge de la Vall\u00e9e de l\u2019Ouanne<\/em><\/strong> din localitatea <strong>Ch\u00e2teau-Renard<\/strong> din Fran\u0163a.<\/p>\n\n\n\n<p>Pentru d\u0103ruirea sa \u00een aceast\u0103 nobil\u0103 profesie, \u015ecoala Gimnazial\u0103 nr. 26 \u00eei poart\u0103 numele, \u00een baza Hot\u0103r\u00e2rii nr. 61, din 5 martie 2009, a Consiliului Local Piatra-Neam\u0163.<\/p>\n\n\n\n<p>A decedat la 4 martie 2007, la v\u00e2rsta de 55 ani.<\/p>\n\n\n\n<p>* * *<\/p>\n\n\n<div class=\"wp-block-image\">\n<figure class=\"alignright size-full\"><a href=\"http:\/\/www.slineamt.ro\/apostolul\/wp-content\/uploads\/2025\/06\/07-ap284-foto4.jpg\"><img loading=\"lazy\" decoding=\"async\" width=\"454\" height=\"302\" src=\"http:\/\/www.slineamt.ro\/apostolul\/wp-content\/uploads\/2025\/06\/07-ap284-foto4.jpg\" alt=\"\" class=\"wp-image-27415\" srcset=\"http:\/\/www.slineamt.ro\/apostolul\/wp-content\/uploads\/2025\/06\/07-ap284-foto4.jpg 454w, http:\/\/www.slineamt.ro\/apostolul\/wp-content\/uploads\/2025\/06\/07-ap284-foto4-300x200.jpg 300w, http:\/\/www.slineamt.ro\/apostolul\/wp-content\/uploads\/2025\/06\/07-ap284-foto4-260x173.jpg 260w, http:\/\/www.slineamt.ro\/apostolul\/wp-content\/uploads\/2025\/06\/07-ap284-foto4-160x106.jpg 160w\" sizes=\"auto, (max-width: 454px) 100vw, 454px\" \/><\/a><\/figure>\n<\/div>\n\n\n<p>\u201eA fost omul care respira prin to\u0163i porii via\u0163a \u015fcolii pe care o sim\u0163ea drept <em>cas\u0103 a sufletului s\u0103u<\/em>. \u00cen ea s-a zidit cu o admirabil\u0103 d\u0103ruire. (\u2026) Imaginea sa se contope\u015fte cu cea a D\u0103sc\u0103li\u0163ei lui Octavian Goga nu doar prin singularitatea vie\u0163ii personale ci, mai ales, prin alesele virtu\u0163i de dasc\u0103l. Un dasc\u0103l creat de o ne\u015ftiut\u0103 divinitate \u015fcolar\u0103 spre a putea modela \u2013 cu migal\u0103 de bijutier \u2013 min\u0163i \u015fi suflete, OAMENI\u2026\u201d <strong>\u2013 prof. Nicoletta Bud<\/strong>.<\/p>\n\n\n\n<p>\u201eDaniela Cuciuc a fost mai mult dec\u00e2t un profesor, a fost o surs\u0103 de inspira\u0163ie, un model de noble\u0163e \u015fi pasiune, un om care a ar\u0103tat celor pe care i-a educat c\u0103 limba francez\u0103 nu este doar o materie, ci o poart\u0103 c\u0103tre frumuse\u0163ea g\u00e2ndirii, c\u0103tre elegan\u0163\u0103 \u015fi cultur\u0103. Pentru elevi, a fost acel profesor rar care nu preda doar lec\u0163ii, ci cultiva dragostea pentru cuv\u00e2nt, pentru sens, pentru subtilitatea ideilor exprimate frumos\u201d \u2013 <strong>prof. Ileana Ioni\u0163\u0103<\/strong>.<\/p>\n\n\n\n<p>\u201eDaniela Cuciuc a fost un model de demnitate \u015fi d\u0103ruire, profesoar\u0103 des\u0103v\u00e2r\u015fit\u0103 care ridica g\u00e2ndul, nu tonul, a c\u0103rei bl\u00e2nde\u0163e domolea firi nesupuse, r\u0103zvr\u0103tite. A predat cu un har care nu se \u00eenva\u0163\u0103 nici din pedagogie \u015fi nici din metodic\u0103. A fost \u00eentruchiparea voca\u0163iei \u00een slujba educa\u0163iei, o inim\u0103 deschis\u0103 spre luminare. (\u2026) Daniela a fost prietena celor timizi, sprijinul celor r\u0103t\u0103ci\u0163i \u015fi lumina celor care nu-\u015fi vedeau propriul drum\u201d \u2013 <strong>prof. Maria Botez<\/strong>.<\/p>\n\n\n\n<p>\u201eDaniela era un bulg\u0103re de lumin\u0103 \u015fi c\u0103ldur\u0103, cea mai calm\u0103 \u015fi cald\u0103 persoan\u0103 care a f\u0103cut parte din via\u0163a mea. Iubea oamenii, \u00ee\u015fi adora elevii, pe care \u00eei invita s\u00e2mb\u0103ta, \u00een grupuri mici, s\u0103 vorbeasc\u0103 \u015fi s\u0103 guste minunatele pr\u0103jituri f\u0103cute de mama sa, iubea c\u0103r\u0163ile, iubea florile, iubea arta, iubea frumosul, iubea muzica clasic\u0103, \u00ee\u015fi iubea prietenii, iubea pisicile\u201d \u2013 <strong>informatician Dana Blaga<\/strong>.<\/p>\n\n\n\n<p>\u201eDaniela este unul dintre pilonii existen\u0163ei mele. Am preluat multe din dragostele ei, probabil cea mai predominant\u0103 este cea fa\u0163\u0103 de Fran\u0163a, poporul, limba \u015fi cultura acestei \u0163\u0103ri. Sunt ast\u0103zi extraordinar de m\u00e2ndr\u0103 c\u0103 lucrez pentru o companie de stat francez\u0103, vorbesc franceza zilnic, locuiesc la Bruxelles, la 20 de km de locul \u00een care Napoleon a fost \u00eenfr\u00e2nt \u00een b\u0103t\u0103lia de la Waterloo \u015fi atunci c\u00e2nd mi se face tare dor de ea, traversez repede mica Belgie \u015fi merg \u00een marea ei iubire, patria lui Voltaire\u201d \u2013 <strong>Ioana Blaga<\/strong>.<\/p>\n\n\n<div class=\"wp-block-image\">\n<figure class=\"alignleft size-full\"><a href=\"http:\/\/www.slineamt.ro\/apostolul\/wp-content\/uploads\/2025\/06\/07-ap284-foto5.jpg\"><img loading=\"lazy\" decoding=\"async\" width=\"454\" height=\"300\" src=\"http:\/\/www.slineamt.ro\/apostolul\/wp-content\/uploads\/2025\/06\/07-ap284-foto5.jpg\" alt=\"\" class=\"wp-image-27416\" srcset=\"http:\/\/www.slineamt.ro\/apostolul\/wp-content\/uploads\/2025\/06\/07-ap284-foto5.jpg 454w, http:\/\/www.slineamt.ro\/apostolul\/wp-content\/uploads\/2025\/06\/07-ap284-foto5-300x198.jpg 300w, http:\/\/www.slineamt.ro\/apostolul\/wp-content\/uploads\/2025\/06\/07-ap284-foto5-260x172.jpg 260w, http:\/\/www.slineamt.ro\/apostolul\/wp-content\/uploads\/2025\/06\/07-ap284-foto5-160x106.jpg 160w\" sizes=\"auto, (max-width: 454px) 100vw, 454px\" \/><\/a><\/figure>\n<\/div>\n\n\n<p>\u201eDiscre\u0163ia Danielei Cuciuc, modestia, simplitatea ei fireasc\u0103, erau dublate de urie\u015feasca sa cultur\u0103 \u015fi de bagajul intelectual de excep\u0163ie. A fost de o mare generozitate \u015fi frumuse\u0163e omeneasc\u0103. Pentru c\u0103 Daniela a fost profesorul care a \u015ftiut s\u0103 trezeasc\u0103 nu numai poetul din fiecare copil, ci \u015fi omul din fiecare copil\u201d \u2013 <strong>prof. Ana Munteanu<\/strong>.<\/p>\n\n\n\n<p>\u201eAdeseori sunt \u00eentrebat\u0103 de ce mi-am ales meseria de profesor \u015fi de fiecare dat\u0103, de 15 ani, r\u0103spunsul este acela\u015fi: pentru c\u0103 am avut un profesor extraordinar care a v\u0103zut asta \u00een mine. Doamnei diriginte Daniela Cuciuc \u00eei datorez cariera mea de ast\u0103zi, \u00eei datorez Parisul pe care l-am vizitat \u00eentr-un moment \u00een care nici nu visam, \u00eei datorez bun\u0103tatea, empatia \u015fi afec\u0163iunea cu care trebuie s\u0103 \u00eembr\u0103\u0163isez elevii zi de zi, pentru a-i face oameni mari\u201d \u2013 <strong>prof. Laura Andra\u015f Juverdeanu<\/strong>.<\/p>\n\n\n\n<p>Au mai adresat cuvinte de suflet \u015fi fo\u015ftii elevi din genera\u0163ia 1998-2002, colegi cu Laura Andra\u015f Juverdeanu: <strong>Claudia Criste<\/strong> (Gavriloaia) \u2013 educatoare, <strong>Roxana Miu<\/strong> (Afloarei) \u2013 absolvent\u0103 ASE \u2013 predare \u00een limba francez\u0103 (Controlling \u00eentr-o companie german\u0103), <strong>Daniela Boboc<\/strong> (D\u0103nil\u0103) \u2013 absolvent\u0103 ASE \u2013 limba francez\u0103 (Domeniul IT- manager), <strong>Ana Andone<\/strong> \u2013 absolvent\u0103 Facultatea de Medicin\u0103 (Cercetare medical\u0103).<\/p>\n\n\n\n<p><strong><em>Violeta MO\u015eU<\/em><\/strong><\/p>\n","protected":false},"excerpt":{"rendered":"<p>Biblioteca Jude\u0163ean\u0103 \u201eG.T. Kirileanu\u201d Neam\u0163, \u00een parteneriat cu \u015ecoala Gimnazial\u0103 \u201eDaniela Cuciuc\u201d Piatra-Neam\u0163, a organizat, joi, 29 mai, simpozionul \u201eProf. Daniela Cuciuc \u2013 o via\u0163\u0103 d\u0103ruit\u0103 \u015fcolii\u201d, \u00een cadrul proiectului S\u0103 cunoa\u015ftem istoria jude\u0163ului prin memoria comunit\u0103\u0163ii. Oameni, locuri, fapte.&hellip;<\/p>\n<p class=\"more-link-p\"><a class=\"more-link\" href=\"http:\/\/www.slineamt.ro\/apostolul\/comemorari\/omagiu-profesoarei-daniela-cuciuc-la-biblioteca-judeteana\/\">Read more &rarr;<\/a><\/p>\n","protected":false},"author":1,"featured_media":0,"comment_status":"open","ping_status":"closed","sticky":false,"template":"","format":"standard","meta":{"footnotes":""},"categories":[5,494],"tags":[],"class_list":["post-27407","post","type-post","status-publish","format-standard","hentry","category-comemorari","category-numarul-285"],"_links":{"self":[{"href":"http:\/\/www.slineamt.ro\/apostolul\/wp-json\/wp\/v2\/posts\/27407","targetHints":{"allow":["GET"]}}],"collection":[{"href":"http:\/\/www.slineamt.ro\/apostolul\/wp-json\/wp\/v2\/posts"}],"about":[{"href":"http:\/\/www.slineamt.ro\/apostolul\/wp-json\/wp\/v2\/types\/post"}],"author":[{"embeddable":true,"href":"http:\/\/www.slineamt.ro\/apostolul\/wp-json\/wp\/v2\/users\/1"}],"replies":[{"embeddable":true,"href":"http:\/\/www.slineamt.ro\/apostolul\/wp-json\/wp\/v2\/comments?post=27407"}],"version-history":[{"count":4,"href":"http:\/\/www.slineamt.ro\/apostolul\/wp-json\/wp\/v2\/posts\/27407\/revisions"}],"predecessor-version":[{"id":27418,"href":"http:\/\/www.slineamt.ro\/apostolul\/wp-json\/wp\/v2\/posts\/27407\/revisions\/27418"}],"wp:attachment":[{"href":"http:\/\/www.slineamt.ro\/apostolul\/wp-json\/wp\/v2\/media?parent=27407"}],"wp:term":[{"taxonomy":"category","embeddable":true,"href":"http:\/\/www.slineamt.ro\/apostolul\/wp-json\/wp\/v2\/categories?post=27407"},{"taxonomy":"post_tag","embeddable":true,"href":"http:\/\/www.slineamt.ro\/apostolul\/wp-json\/wp\/v2\/tags?post=27407"}],"curies":[{"name":"wp","href":"https:\/\/api.w.org\/{rel}","templated":true}]}}