{"id":27556,"date":"2025-07-21T13:00:10","date_gmt":"2025-07-21T13:00:10","guid":{"rendered":"https:\/\/www.slineamt.ro\/apostolul\/?p=27556"},"modified":"2025-07-21T13:00:10","modified_gmt":"2025-07-21T13:00:10","slug":"vacante-muzicale-la-piatra-neamt-editia-50","status":"publish","type":"post","link":"http:\/\/www.slineamt.ro\/apostolul\/arte-si-meserii-muzica\/vacante-muzicale-la-piatra-neamt-editia-50\/","title":{"rendered":"VACAN\u0162E MUZICALE la Piatra-Neam\u0163, edi\u0163ia 50"},"content":{"rendered":"<div class=\"wp-block-image\">\n<figure class=\"alignleft size-full\"><a href=\"http:\/\/www.slineamt.ro\/apostolul\/wp-content\/uploads\/2025\/07\/05-ap285-foto1.jpg\"><img loading=\"lazy\" decoding=\"async\" width=\"454\" height=\"408\" src=\"http:\/\/www.slineamt.ro\/apostolul\/wp-content\/uploads\/2025\/07\/05-ap285-foto1.jpg\" alt=\"\" class=\"wp-image-27557\" srcset=\"http:\/\/www.slineamt.ro\/apostolul\/wp-content\/uploads\/2025\/07\/05-ap285-foto1.jpg 454w, http:\/\/www.slineamt.ro\/apostolul\/wp-content\/uploads\/2025\/07\/05-ap285-foto1-300x270.jpg 300w, http:\/\/www.slineamt.ro\/apostolul\/wp-content\/uploads\/2025\/07\/05-ap285-foto1-260x234.jpg 260w, http:\/\/www.slineamt.ro\/apostolul\/wp-content\/uploads\/2025\/07\/05-ap285-foto1-160x144.jpg 160w\" sizes=\"auto, (max-width: 454px) 100vw, 454px\" \/><\/a><\/figure>\n<\/div>\n\n\n<p><strong>Programul spectacolelor<\/strong><\/p>\n\n\n\n<p><strong>Duminic\u0103, 6 iulie 2025<\/strong> \u2013 <em>Concert simfonic \u201eCARMINA BURANA\u201d<\/em><\/p>\n\n\n\n<p>Particip\u0103: <strong>Filarmonica Na\u0163ional\u0103 \u201eSerghei Lunchevici\u201d, Chi\u015fin\u0103u<\/strong><\/p>\n\n\n\n<p><strong><em>\u201eCARMINA BURANA\u201d<\/em><\/strong>, de Carl Orff<\/p>\n\n\n\n<p>\u201eCarmina Burana\u201d (denumirea latin\u0103 pentru \u201eC\u00e2ntece din Beuern\u201d) este numele unui manuscris care con\u0163ine 254 de poezii \u015fi texte dramatice din secolele XI, XII \u015fi XIII. Manuscrisul a fost g\u0103sit \u00een 1803 \u00een m\u0103n\u0103stirea benedictin\u0103 Benediktbeuern, \u00een Bavaria, \u015fi se afl\u0103 \u00een prezent \u00een biblioteca na\u0163ional\u0103 bavarez\u0103, \u00een M\u00fcnchen, Germania.<\/p>\n\n\n\n<p>Istoria celebr\u0103 a cantatei scenice \u201eCarmina Burana\u201d compus\u0103 de Carl Orff \u00eencepe prin descoperirea acestei lucr\u0103ri cu texte medievale, de c\u0103tre compozitor, \u00eentr-un catalog de anticariat. De la prima sa audi\u0163ie (8 iunie 1837, Frankfurt am Main) \u015fi p\u00e2n\u0103 \u00een prezent, Carmina Burana se bucur\u0103 de o celebritate f\u0103r\u0103 precedent. Explica\u0163ia vine din for\u0163a de comunicare a partiturii \u015fi din efectul extrem de puternic \u015fi pl\u0103cut obsesiv al celor mai cunoscute pasaje ale sale.<\/p>\n\n\n\n<p>Tema principal\u0103 din \u201eCarmina Burana\u201d este reprezentat\u0103 de vulnerabilitatea \u015fi fragilitatea oamenilor \u00een fa\u0163a sor\u0163ii iminente.<\/p>\n\n\n<div class=\"wp-block-image\">\n<figure class=\"alignright size-full\"><a href=\"http:\/\/www.slineamt.ro\/apostolul\/wp-content\/uploads\/2025\/07\/05-ap285-foto2.jpg\"><img loading=\"lazy\" decoding=\"async\" width=\"491\" height=\"345\" src=\"http:\/\/www.slineamt.ro\/apostolul\/wp-content\/uploads\/2025\/07\/05-ap285-foto2.jpg\" alt=\"\" class=\"wp-image-27558\" srcset=\"http:\/\/www.slineamt.ro\/apostolul\/wp-content\/uploads\/2025\/07\/05-ap285-foto2.jpg 491w, http:\/\/www.slineamt.ro\/apostolul\/wp-content\/uploads\/2025\/07\/05-ap285-foto2-300x211.jpg 300w, http:\/\/www.slineamt.ro\/apostolul\/wp-content\/uploads\/2025\/07\/05-ap285-foto2-260x183.jpg 260w, http:\/\/www.slineamt.ro\/apostolul\/wp-content\/uploads\/2025\/07\/05-ap285-foto2-160x112.jpg 160w\" sizes=\"auto, (max-width: 491px) 100vw, 491px\" \/><\/a><\/figure>\n<\/div>\n\n\n<p><strong>Luni, 7 iulie 2025<\/strong> \u2013 <em>Concert de jazz \u2013 \u201eSMILE\u201d<\/em><\/p>\n\n\n\n<p>Particip\u0103: <strong>BIG BAND RADIO ROM\u00c2NIA<\/strong><\/p>\n\n\n\n<p>Dirijor: <em>Simona STRUNGARU<\/em>, solist: <em>Adrian NOUR<\/em><\/p>\n\n\n\n<p><strong>BIG BAND RADIO ROM\u00c2NIA<\/strong> este un ansamblu de prestigiu al Radiodifuziunii Rom\u00e2ne ce reune\u015fte unii dintre cei mai \u00eenzestra\u0163i \u015fi creativi muzicieni ai \u0163\u0103rii. \u00cenfiin\u0163at\u0103 \u00een 1949, orchestra a reprezentat un constant liant \u00eentre public \u015fi muzica de jazz sau muzica u\u015foar\u0103, reflect\u00e2nd cultura \u015fi via\u0163a spiritual\u0103 autohton\u0103 \u015fi mondial\u0103 prin concerte, \u00eenregistr\u0103ri radio \u015fi TV, \u015fi prezen\u0163\u0103 la festivaluri renumite. De-a lungul istoriei sale, mae\u015ftri importan\u0163i, dirijori \u015fi compozitori, precum Sile Dinicu, Cornel Popescu, Ion Cristinoiu sau Ionel Tudor au asigurat de la pupitrul lor contactul cu publicul din sala de concerte \u015fi cu ascult\u0103torii radio.<\/p>\n\n\n\n<p>Din 2022, Big Band-ul activeaz\u0103 sub conducerea Simonei Strungaru. Orchestra desf\u0103\u015foar\u0103 o activitate foarte bogat\u0103, prezent\u00e2nd bilunar la Sala Radio din Bucure\u015fti repertorii variate care aduc \u00een prim-plan at\u00e2t jazz-ul classic, c\u00e2t \u015fi cel contemporan, prin colabor\u0103ri cu arti\u015fti interna\u0163ionali \u015fi autohtoni ca: Adrian Nour, Irina S\u00e2rbu, George Natsis, Paolo Profeti, C\u0103t\u0103lin Milea, Liviu Negru, Florian Radu sau Simona Strungaru.<\/p>\n\n\n\n<p>Big Band-ul Radio Rom\u00e2nia realizeaz\u0103, de asemenea, colabor\u0103ri inedite cu arti\u015fti din zona main-stream, precum Connect-R, Florin Ristei, Elena Gheorghe, Alina Eremia, Mario Fresh, Irina Rimes, Andia, Alexia, Andrei Ursu, Holly Molly.<\/p>\n\n\n<div class=\"wp-block-image\">\n<figure class=\"alignleft size-full\"><a href=\"http:\/\/www.slineamt.ro\/apostolul\/wp-content\/uploads\/2025\/07\/05-ap285-foto3.jpg\"><img loading=\"lazy\" decoding=\"async\" width=\"454\" height=\"476\" src=\"http:\/\/www.slineamt.ro\/apostolul\/wp-content\/uploads\/2025\/07\/05-ap285-foto3.jpg\" alt=\"\" class=\"wp-image-27559\" srcset=\"http:\/\/www.slineamt.ro\/apostolul\/wp-content\/uploads\/2025\/07\/05-ap285-foto3.jpg 454w, http:\/\/www.slineamt.ro\/apostolul\/wp-content\/uploads\/2025\/07\/05-ap285-foto3-286x300.jpg 286w, http:\/\/www.slineamt.ro\/apostolul\/wp-content\/uploads\/2025\/07\/05-ap285-foto3-260x273.jpg 260w, http:\/\/www.slineamt.ro\/apostolul\/wp-content\/uploads\/2025\/07\/05-ap285-foto3-160x168.jpg 160w\" sizes=\"auto, (max-width: 454px) 100vw, 454px\" \/><\/a><\/figure>\n<\/div>\n\n\n<p><strong>Mar\u0163i, 8 iulie 2025<\/strong> \u2013 <em>Recital cameral \u201eFAGOTISSIMO\u201d<\/em><\/p>\n\n\n\n<p>Particip\u0103: <strong>George HARITON, Mihai TIMOFTI, Mihai GAVRIL, Matei CIOBANU, Pavel IONESCU<\/strong><\/p>\n\n\n\n<p>Ansamblul cameral <strong>\u201eFagotissimo\u201d<\/strong> a fost constituit \u00een 1999, c\u00e2nd trei fagoti\u015fti de la Filarmonica \u201eMihail Jora\u201d din Bac\u0103u \u2013 Mihai Timofti, Costic\u0103 M\u0103rcu\u0163 \u015fi Pavel Ionescu \u2013, \u00eempreun\u0103 cu George Hariton, prim fagotist la Filarmonica \u201eMoldova\u201d din Ia\u015fi, au decis s\u0103 exploreze magnificul univers timbral al acestui interesant instrument.<\/p>\n\n\n\n<p>Din anul 2009, \u00een cvartet a fost cooptat \u015fi fagotistul Mihai Badiu. \u00cen ultimii ani, odat\u0103 cu cooptarea de noi membri \u00een orchestr\u0103, la recitalurile forma\u0163iei au fost invita\u0163i \u015fi fagoti\u015ftii Mihai Gavril, Alexandra Stanciu, Mihai Panainte, Matei Ciobanu, Cristian Buciuma\u015f \u015fi Ionu\u0163 Ro\u015fca, iar la percu\u0163ie, Iulia Bitta \u015fi Sorin Sofian.<\/p>\n\n\n\n<p>Repertoriul acestui grup cuprinde muzica baroc\u0103 \u015fi ajunge p\u00e2n\u0103 la lucr\u0103ri compuse special pentru aceast\u0103 combina\u0163ie de instrumente.<\/p>\n\n\n\n<p>Forma\u0163ia a sus\u0163inut numeroase concerte \u00een \u0163ar\u0103 \u015fi str\u0103in\u0103tate, particip\u00e2nd la numeroase festivaluri \u015fi fiind prezent\u0103 \u00een teatre de tradi\u0163ie, precum \u201ePiccolo Reggio\u201d (Torino, Italia), \u201eTeatro Zanon\u201d (Udine, Italia), \u201ePalazzo Magnani\u201d (Reggio Emilia, Italia), \u201eMegaron\u201d (Salonic, Grecia).<\/p>\n\n\n\n<p><strong>Mar\u0163i, 8 iulie 2025<\/strong> \u2013 <em>Concert extraordinar \u201eTRAFFIC STRINGS\u201d<\/em><\/p>\n\n\n\n<p>Particip\u0103: <strong>Mircea Grigore LAZ\u0102R, Alexandru George PREOTU, Lucian MORARU, Eugen Bogdan POPA, Ionu\u0163 Florin CRISTEA, Anamaria BIACIU POPA, Vasile R\u0102DUCU, Marian MICU<\/strong><\/p>\n\n\n\n<p>Grupul instrumental <strong>\u201eTraffic Strings\u201d<\/strong> a fost ini\u0163iat de muzicianul Lucian Moraru \u015fi are \u00een componen\u0163\u0103 c\u00e2\u0163iva dintre cei mai valoro\u015fi instrumenti\u015fti ai momentului din Rom\u00e2nia.<\/p>\n\n\n\n<p>Forma\u0163ia \u015fi-a c\u0103p\u0103tat o reputa\u0163ie interna\u0163ional\u0103 prin sus\u0163inerea unor turnee de concerte \u00een importante s\u0103li din Europa \u015fi America de Nord. De-a lungul timpului, \u201eTraffic Strings\u201d a participat la festivaluri interne \u015fi interna\u0163ionale prestigioase, printre ele num\u0103r\u00e2ndu-se: Festivalul Interna\u0163ional \u201eGeorge Enescu\u201d, Festivalul Interna\u0163ional \u201eVacan\u0163e Muzicale la Piatra-Neam\u0163\u201d, \u201eGaudeMater International Festival\u201d Cz\u0119stochowa (Polonia), \u201eCraiova Muzical\u0103\u201d, \u201eAmerican Music Festival\u201d \u2013 Sibiu, \u201eSummer Music Festival\u201d \u2013 Bucure\u015fti, \u201eJazz Festival\u201d \u2013 Ploie\u015fti, \u201eLjubljana International Festival\u201d (Slovenia).<\/p>\n\n\n\n<p>\u201eTraffic Strings\u201d a propus pentru acest concert un \u201etrafic muzical\u201d de cea mai bun\u0103 calitate. De la \u201eVara\u201d din \u201eAnotimpurile\u201d lui Antonio Vivaldi, la armoniile jazz-ului american \u015fi pasionatul tango argentinian, programul serii fiind completat de cunoscuta \u201eRapsodie Rom\u00e2n\u0103\u201d, de George Enescu, \u00eempreun\u0103 cu alte piese dinamice, originale, semnate de Lucian Moraru, fondatorul grupului.<\/p>\n\n\n\n<p><strong>Miercuri, 9 iulie 2025<\/strong> \u2013 <em>Bijuterii camerale TRIO \u201eACADEMIK\u201d<\/em><\/p>\n\n\n\n<p>Particip\u0103 \u2013 <strong>Ion URDE\u015e<\/strong> (tenor), <strong>Petrea G\u00c2SC\u0102<\/strong> (corn), <strong>Aurelia SIMION<\/strong> (pian), Prezint\u0103: <strong>Diana Maria URDE\u015e<\/strong><\/p>\n\n\n\n<p><strong>TRIO \u201eACADEMIK\u201d<\/strong>, forma\u0163ie a Universit\u0103\u0163ii Na\u0163ionale de Arte \u201eGeorge Enescu\u201d (UNAGE) Ia\u015fi, s-a \u00eenfiin\u0163at \u00een 2016 (la \u00eenceput \u00een formul\u0103 clarinet, corn, pian). Cei trei membri actuali sunt profesori ai Facult\u0103\u0163ii de Interpretare, Compozi\u0163ie \u015fi Studii Muzicale Teoretice din cadrul UNAGE Ia\u015fi, fiecare dintre ei av\u00e2nd o bogat\u0103 activitate artistic\u0103, de cercetare \u015ftiin\u0163ific\u0103 \u015fi de conducere \u00een cadrul institu\u0163iei de \u00eenv\u0103\u0163\u0103m\u00e2nt.<\/p>\n\n\n\n<p>Repertoriul grupului cuprinde lucr\u0103ri originale \u015fi unele transcrip\u0163ii pentru Trio \u201eAcademik\u201d, piese de mare \u00eenc\u0103rc\u0103tur\u0103 muzical\u0103, profunde, foarte apreciate de public. Unele dintre acestea sunt dedica\u0163ii speciale pentru forma\u0163ia cameral\u0103.<\/p>\n\n\n\n<p>\u00cen anii din urm\u0103, Trio \u201eAcademik\u201d a sus\u0163inut mai multe recitaluri \u00een centre muzicale ale \u0163\u0103rii \u015fi \u00een str\u0103in\u0103tate, cu prilejuri festive sau \u00een competi\u0163ii de prestigiu.<\/p>\n\n\n\n<p><strong>Miercuri, 9 iulie 2025<\/strong> \u2013 <em>CONCERT CAMERAL \u201eVIVALDI &amp; PIAZZOLLA: ANOTIMPURI\u201d<\/em><\/p>\n\n\n\n<p>Particip\u0103: <strong>ORCHESTRA \u201eCAMERATA REGAL\u0102\u201d<\/strong><\/p>\n\n\n\n<p>Dirijor: <em>Constantin GRIGORE<\/em>; solist\u0103: <em>Rebekka HARTMANN<\/em> \u2013 vioar\u0103 (Germania)<\/p>\n\n\n\n<p><strong>\u201eCamerata Regal\u0103\u201d<\/strong>, titlu dob\u00e2ndit \u00een anul 2009 dup\u0103 ce a ob\u0163inut \u00cenaltul Patronaj al Alte\u0163ei Sale Regale, Principele Radu al Rom\u00e2niei, este o prezen\u0163\u0103 nelipsit\u0103 de pe scenele rom\u00e2ne\u015fti \u015fi interna\u0163ionale, unde desf\u0103\u015foar\u0103 proiecte inedite. A fost al\u0103turi de Casa Regal\u0103 a Rom\u00e2niei la Ceremoniile prilejuite de Aniversarea Jubileului Alte\u0163ei Sale Regale, Principele Radu al Rom\u00e2niei, de Investirea cu Titlul de Alte\u0163\u0103 Regal\u0103 a Principelui Nicolae al Rom\u00e2niei, la momentul Jubileului de 90 de ani al Regelui Mihai, la Ceremonia Decora\u0163iei Regale \u201eNihil Sine Deo\u201d, precum \u015fi la Aniversarile a 25 \u015fi 35 de ani de la revenirea \u00een \u0163ar\u0103 a Majest\u0103\u0163ii Sale Margareta.<\/p>\n\n\n\n<p>\u00cencep\u00e2nd cu 2011, Camerata Regal\u0103 este invitat\u0103 s\u0103 sus\u0163in\u0103 concerte la fiecare edi\u0163ie a Festivalului Interna\u0163ional \u201eGeorge Enescu\u201d, consolid\u00e2nd astfel statutul acestui anasamblu de elit\u0103, catalogat de speciali\u015fti ca fiind \u201eLa creme de l\u2019orchestre de chambre d\u2019 Europe\u201d (Liege 2021).<\/p>\n\n\n\n<p>\u201eCamerata Regal\u0103\u201d a fost decorat\u0103 de c\u0103tre Familia Regal\u0103 a Rom\u00e2niei cu Medalia \u201eRegele Mihai I\u201d pentru loialitate \u015fi a primit din partea Forumului Cultural Rom\u00e2n \u2013 Premiul \u201eMusica Viva\u201d. La \u00eemplinirea a zece ani de existen\u0163\u0103, apreciatul ansamblu cameral a primit una dintre cele mai \u00eenalte distinc\u0163ii ale Familiei Regale a Rom\u00e2niei, Medalia \u201eCrucea Casei Regale a Rom\u00e2niei\u201d.<\/p>\n\n\n\n<p><strong>Joi, 10 iulie 2025<\/strong> \u2013 <em>RECITAL CAMERAL<\/em><\/p>\n\n\n\n<p>Particip\u0103: <strong>Valentin MACOVICIUC<\/strong> \u2013 clarinet, <strong>Athanasios TRIKOUPIS<\/strong> (Grecia) \u2013 pian<\/p>\n\n\n\n<p><strong>VALENTIN MACOVICIUC<\/strong> s-a n\u0103scut la Piatra-Neam\u0163, \u00een anul 1974. \u015ei-a \u00eenceput studiile muzicale la \u015ecoala de muzic\u0103 din localitate, la v\u00e2rsta de \u015fapte ani. \u00cen ultimul anul an de studii la Liceul de Art\u0103 (1994), a c\u00e2\u015ftigat premiul al treilea la Olimpiada Na\u0163ional\u0103 de Clarinet de la Constan\u0163a.<\/p>\n\n\n\n<p>A urmat cursuri de interpretare muzical\u0103 cu renumitul clarinetist Aurelian Octav Popa. \u015ei-a continuat studiile la Conservatorul Municipal din Zografou, Atena. \u00cen anul 2000, a ob\u0163inut Diploma de clarinet cu calificativul \u201eExcelent\u201d. \u00cen acela\u015fi an a fost angajat ca muzician principal \u00een Filarmonica Municipiului Pireu, pozi\u0163ie pe care o ocup\u0103 \u015fi \u00een prezent.<\/p>\n\n\n\n<p>\u00cen iunie 2013, dup\u0103 patru ani de studii la Academia de Muzic\u0103 \u201eGheorghe Dima\u201d din Cluj-Napoca (Rom\u00e2nia), a ob\u0163inut Diploma de licen\u0163\u0103 \u00een interpretare muzical\u0103 (clarinet), urm\u00e2nd apoi studii doctorale, finalizate cu teza de doctorat \u201eCrea\u0163ia rom\u00e2neasc\u0103 pentru clarinet solo \u00een secolul XX\u201d. \u00centre 2021-2024, a de\u0163inut func\u0163ia de profesor asociat al Facult\u0103\u0163ii de Muzic\u0103 a Universit\u0103\u0163ii din Ioannina, Grecia.<\/p>\n\n\n\n<p><strong>Joi, 10 iulie 2025<\/strong> \u2013 <em>CONCERT \u201ePOVESTE DIN ECUADOR\u201d<\/em><\/p>\n\n\n\n<p>Particip\u0103: <strong>ANSAMBLUL \u201eMUSICA VIVA\u201d<\/strong><\/p>\n\n\n\n<p>Soli\u015fti: <em>Margarita LASO<\/em> \u2013 Ecuador (mezzosopran\u0103); <em>Pablo VALAREZO<\/em> \u2013 Ecuador (vibrafon, percu\u0163ie)<\/p>\n\n\n\n<p><strong>\u201ePOVESTE DIN ECUADOR\u201d<\/strong>, povestea unui grup de muzicieni din Rom\u00e2nia \u015fi Ecuador a \u00eenceput printr-o \u00eent\u00e2lnire la Paris, \u00een cadrul concertelor UNICEF din anul 2007 \u015fi apoi la Bucure\u015fti, unde arti\u015fti din lumi muzicale diferite (muzica clasic\u0103, folclor argentinian, folclor ecuadorian) au experimentat c\u00e2ntatul \u00eempreun\u0103 \u015fi au sim\u0163it o conexiune emo\u0163ional\u0103 imediat\u0103 prin calitatea uman\u0103 a participan\u0163ilor \u015fi prin conexiunile muzicale.<\/p>\n\n\n\n<p>Colaborarea lor a fost o \u00eent\u00e2lnire a sufletelor prin sunet, fructificat\u0103 apoi \u00eentr-un concert la Quito, organizat de Consulul Onorific al Rom\u00e2niei \u00een Ecuador, moment \u00een care pianista Andreea Butnaru \u015fi violoncelistul Florin Mitrea au c\u00e2ntat repertorii rom\u00e2ne\u015fti \u015fi argentiniene \u00eempreun\u0103 cu Margarita Laso \u015fi Pablo Valarezo. Arti\u015ftii rom\u00e2ni au descoperit la Quito o mic\u0103 comunitate de muzicieni care a studiat la Conservatoarele rom\u00e2ne\u015fti \u00een anii \u201970. Iar din aceast\u0103 conexiune a luat na\u015ftere un spectacol vibrant, care combin\u0103 elegan\u0163a, pasiunea, culoarea vie \u015fi dramatismul \u00eentr-un singur concert, menit s\u0103 satisfac\u0103 gusturile publicului de orice fel: c\u00e2ntece tradi\u0163ionale ecuadoriene, tango-uri celebre din tradi\u0163ia argentinian\u0103, lucr\u0103ri instrumentale de Astor Piazzolla \u015fi George Gershwin.<\/p>\n\n\n<div class=\"wp-block-image\">\n<figure class=\"alignright size-full\"><a href=\"http:\/\/www.slineamt.ro\/apostolul\/wp-content\/uploads\/2025\/07\/05-ap285-foto4.jpg\"><img loading=\"lazy\" decoding=\"async\" width=\"454\" height=\"296\" src=\"http:\/\/www.slineamt.ro\/apostolul\/wp-content\/uploads\/2025\/07\/05-ap285-foto4.jpg\" alt=\"\" class=\"wp-image-27560\" srcset=\"http:\/\/www.slineamt.ro\/apostolul\/wp-content\/uploads\/2025\/07\/05-ap285-foto4.jpg 454w, http:\/\/www.slineamt.ro\/apostolul\/wp-content\/uploads\/2025\/07\/05-ap285-foto4-300x196.jpg 300w, http:\/\/www.slineamt.ro\/apostolul\/wp-content\/uploads\/2025\/07\/05-ap285-foto4-260x170.jpg 260w, http:\/\/www.slineamt.ro\/apostolul\/wp-content\/uploads\/2025\/07\/05-ap285-foto4-160x104.jpg 160w\" sizes=\"auto, (max-width: 454px) 100vw, 454px\" \/><\/a><\/figure>\n<\/div>\n\n\n<p><strong>FLORIN MITREA<\/strong><\/p>\n\n\n\n<p>S-a n\u0103scut la Piatra-Neam\u0163, este licen\u0163iat al Conservatorului bucure\u015ftean, a absolvit apoi Master-ul la Universitatea de Arte din Berlin \u015fi a c\u00e2\u015ftigat pozi\u0163ia de \u015fef de partid\u0103 \u015fi solo violoncelist al Orchestrei Na\u0163ionale Radio la doar 26 de ani. Gra\u0163ie talentului \u015fi \u0163inutei sale profesionale a fost invitat s\u0103 reprezinte Rom\u00e2nia la Paris, \u00een cadrul evenimentelor organizate de UNICEF \u015fi la Kyoto, \u00een cadrul Expo 2005.<\/p>\n\n\n\n<p>Este membru al \u201eQuadriga Quartet\u201d \u015fi \u201eCelloarte Octet\u201d, \u015fef de partid\u0103 permanent al orchestrei \u201eCamerata Regal\u0103\u201d, co-organizator \u00een realizarea cu succes a conceptului \u201eMusica Viva\u201d \u015fi unul dintre arti\u015ftii care se implic\u0103 activ \u00een educarea noii genera\u0163ii de muzicieni.<\/p>\n\n\n\n<p><strong>Vineri, 11 iulie 2025<\/strong> \u2013 <em>Concert VOLTAJ<\/em><\/p>\n\n\n\n<p>Particip\u0103: <strong>C\u0103lin GOIA<\/strong> (vocal), <strong>Gabriel CONSTANTIN<\/strong> (chitar\u0103), <strong>Oliver STERIAN<\/strong> (tobe), <strong>Valeriu \u201ePrunus\u201d IONESCU<\/strong> (bass), <strong>Adrian CRISTESCU<\/strong> (clape)<\/p>\n\n\n\n<p>Printre cele mai importante realiz\u0103ri al forma\u0163iei Voltaj, \u00een actuala formul\u0103, \u00een cei peste dou\u0103zeci \u015fi cinci de ani de activitate artistic\u0103, se num\u0103r\u0103 imnul \u201eDin Toat\u0103 Inima pentru Team Rom\u00e2nia\u201d \u00eenregistrat cu prilejul Jocurilor Olimpice de la Paris; spectacolul dedicat sportivilor rom\u00e2ni participan\u0163i la Olimpiad\u0103, \u00een Sediul Ambasadei Rom\u00e2niei de la Paris; lansarea unui dublu album (vinil \u015fi compact-disc) cu dou\u0103zeci \u015fi cinci dintre hiturile forma\u0163iei.<\/p>\n\n\n\n<p>Anul trecut, forma\u0163ia a efectuat un turneu \u00een Anglia, \u00een Wolverhampton, Londra \u015fi Manchester, locuri \u00een care a concertat pentru comunit\u0103\u0163ile de rom\u00e2ni de acolo.<\/p>\n\n\n\n<p><strong>S\u00e2mb\u0103t\u0103, 12 iulie 2025<\/strong> \u2013 <em>GAL\u0102 DE OPER\u0102<\/em><\/p>\n\n\n\n<p>Particip\u0103 \u2013 <strong>ORCHESTRA OPEREI NA\u0162IONALE ROM\u00c2NE IA\u015eI<\/strong><\/p>\n\n\n\n<p>Soliste: <em>Cellia Caterina COSTEA<\/em> (sopran\u0103), <em>Aura TWAROWSKA<\/em> (mezzosopran\u0103)<\/p>\n\n\n\n<p>Prima stagiune a OPEREI IE\u015eENE a debutat \u00een seara de 3 noiembrie 1956 cu spectacolul \u201eTosca\u201d, de Giacomo Puccini, sub bagheta dirijorului Radu Botez. Primul director al Operei a fost muzicianul \u015fi profesorul Ioan Goia, care a condus \u00een perioada 1956-1965. De-a lungul anilor, acestuia i-au urmat personalit\u0103\u0163i de seama ale vie\u0163ii muzicale rom\u00e2ne\u015fti, dintre care enumer\u0103m aici: regizorul de oper\u0103 George Zaharescu, dirijorul Ion P\u0103v\u0103lache, regizorul Dimitrie T\u0103b\u0103caru, muzicologul \u015fi compozitorul Constantin Dediu, dirijorul Corneliu Calistru \u015fi regizoarea Beatrice Rancea. Din 29 ianuarie 2022 p\u00e2n\u0103 \u00een prezent, managerul institu\u0163iei este tenorul Andrei Ferme\u015fanu.<\/p>\n\n\n\n<p>\u00cen timp, pe scena liric\u0103 ie\u015fean\u0103 au evoluat arti\u015fti cunoscu\u0163i din Rom\u00e2nia \u015fi din str\u0103in\u0103tate: Arta Florescu, Nicolae Herlea, Eugenia Moldoveanu, Maria Sl\u0103tinaru-Nistor, Viorica Cortez, Virginia Zeani, Nicola Rossi-Lemeni, Walter Monacchesi, Irina Arhipova, Todor Kostov, Viktor Tretiak.<\/p>\n\n\n\n<p>Activitatea artistic\u0103 a Operei Na\u0163ionale Rom\u00e2ne din Ia\u015fi se desf\u0103\u015foar\u0103, al\u0103turi de cea a Teatrului Na\u0163ional Ia\u015fi, \u00eentr-unul dintre cele mai frumoase teatre din \u0163ar\u0103, monument istoric, care dateaz\u0103 de la finalul secolului al XIX-lea.<\/p>\n\n\n\n<p><strong><em>Red.<\/em><\/strong><\/p>\n","protected":false},"excerpt":{"rendered":"<p>Programul spectacolelor Duminic\u0103, 6 iulie 2025 \u2013 Concert simfonic \u201eCARMINA BURANA\u201d Particip\u0103: Filarmonica Na\u0163ional\u0103 \u201eSerghei Lunchevici\u201d, Chi\u015fin\u0103u \u201eCARMINA BURANA\u201d, de Carl Orff \u201eCarmina Burana\u201d (denumirea latin\u0103 pentru \u201eC\u00e2ntece din Beuern\u201d) este numele unui manuscris care con\u0163ine 254 de poezii \u015fi&hellip;<\/p>\n<p class=\"more-link-p\"><a class=\"more-link\" href=\"http:\/\/www.slineamt.ro\/apostolul\/arte-si-meserii-muzica\/vacante-muzicale-la-piatra-neamt-editia-50\/\">Read more &rarr;<\/a><\/p>\n","protected":false},"author":1,"featured_media":0,"comment_status":"open","ping_status":"closed","sticky":false,"template":"","format":"standard","meta":{"footnotes":""},"categories":[193,495],"tags":[],"class_list":["post-27556","post","type-post","status-publish","format-standard","hentry","category-arte-si-meserii-muzica","category-numarul-285-2"],"_links":{"self":[{"href":"http:\/\/www.slineamt.ro\/apostolul\/wp-json\/wp\/v2\/posts\/27556","targetHints":{"allow":["GET"]}}],"collection":[{"href":"http:\/\/www.slineamt.ro\/apostolul\/wp-json\/wp\/v2\/posts"}],"about":[{"href":"http:\/\/www.slineamt.ro\/apostolul\/wp-json\/wp\/v2\/types\/post"}],"author":[{"embeddable":true,"href":"http:\/\/www.slineamt.ro\/apostolul\/wp-json\/wp\/v2\/users\/1"}],"replies":[{"embeddable":true,"href":"http:\/\/www.slineamt.ro\/apostolul\/wp-json\/wp\/v2\/comments?post=27556"}],"version-history":[{"count":1,"href":"http:\/\/www.slineamt.ro\/apostolul\/wp-json\/wp\/v2\/posts\/27556\/revisions"}],"predecessor-version":[{"id":27561,"href":"http:\/\/www.slineamt.ro\/apostolul\/wp-json\/wp\/v2\/posts\/27556\/revisions\/27561"}],"wp:attachment":[{"href":"http:\/\/www.slineamt.ro\/apostolul\/wp-json\/wp\/v2\/media?parent=27556"}],"wp:term":[{"taxonomy":"category","embeddable":true,"href":"http:\/\/www.slineamt.ro\/apostolul\/wp-json\/wp\/v2\/categories?post=27556"},{"taxonomy":"post_tag","embeddable":true,"href":"http:\/\/www.slineamt.ro\/apostolul\/wp-json\/wp\/v2\/tags?post=27556"}],"curies":[{"name":"wp","href":"https:\/\/api.w.org\/{rel}","templated":true}]}}