{"id":27680,"date":"2025-09-23T01:27:55","date_gmt":"2025-09-23T01:27:55","guid":{"rendered":"https:\/\/www.slineamt.ro\/apostolul\/?p=27680"},"modified":"2025-09-23T01:27:55","modified_gmt":"2025-09-23T01:27:55","slug":"vasile-jurje-bucuria-de-a-crea","status":"publish","type":"post","link":"http:\/\/www.slineamt.ro\/apostolul\/arte-si-meseriii\/vasile-jurje-bucuria-de-a-crea\/","title":{"rendered":"Vasile Jurje \u2013 bucuria de a crea"},"content":{"rendered":"<div class=\"wp-block-image\">\n<figure class=\"alignleft size-full is-resized\"><a href=\"http:\/\/www.slineamt.ro\/apostolul\/wp-content\/uploads\/2025\/09\/08-ap286-foto1.jpg\"><img loading=\"lazy\" decoding=\"async\" width=\"235\" height=\"302\" src=\"http:\/\/www.slineamt.ro\/apostolul\/wp-content\/uploads\/2025\/09\/08-ap286-foto1.jpg\" alt=\"\" class=\"wp-image-27673\" style=\"width:310px;height:auto\" srcset=\"http:\/\/www.slineamt.ro\/apostolul\/wp-content\/uploads\/2025\/09\/08-ap286-foto1.jpg 235w, http:\/\/www.slineamt.ro\/apostolul\/wp-content\/uploads\/2025\/09\/08-ap286-foto1-233x300.jpg 233w, http:\/\/www.slineamt.ro\/apostolul\/wp-content\/uploads\/2025\/09\/08-ap286-foto1-160x206.jpg 160w\" sizes=\"auto, (max-width: 235px) 100vw, 235px\" \/><\/a><\/figure>\n<\/div>\n\n\n<p><em>Scenograful, pictorul \u015fi scriitorul Vasile Jurje s-a n\u0103scut \u00een urm\u0103 cu 89 de ani (26 iunie 1936) la Cic\u00e2rl\u0103u, \u00een Maramure\u015f. Este membru al UAPR (Uniunea Arti\u015ftilor Plastici din Rom\u00e2nia) \u015fi al UNITER (Uniunea Oamenilor de Teatru din Rom\u00e2nia).<\/em><\/p>\n\n\n\n<p><em>Dup\u0103 un periplu prin mai multe teatre, a fost angajat scenograf la Teatrul Tineretului, \u201eDosarul Andersonville\u201d fiind primul spectacol pentru care a semnat scenografia aici, \u00een colaborare cu Emil Mandric, \u00een anul 1975.<\/em><\/p>\n\n\n\n<p><em>A realizat la Piatra-Neam\u0163 (decor, costume, afi\u015fe) spectacole antologice \u2013 \u201eSlug\u0103 la doi st\u0103p\u00e2ni\u201d, \u201eCuibul\u201d, sau \u201eSomnoroasa aventur\u0103\u201d \u015fi, plecat la Constan\u0163a, a lucrat cu mari regizori, dar \u015fi cu Oleg Danovski, \u00eentemeietorul \u015fcolii rom\u00e2ne\u015fti de balet modern.<\/em><\/p>\n\n\n\n<p><em>\u00cen anii \u201970, a condus Cenaclul Piatra-Neam\u0163 al Uniunii Arti\u015ftilor Plastici din Rom\u00e2nia. A succedat \u00een func\u0163ie acuarelistei Iulia H\u0103l\u0103ucescu, urmat fiind de sculptorul Clement Pompiliu.<\/em><\/p>\n\n\n\n<p><em>Este autorul albumului \u201eC\u0103l\u0103tor prin lumea artelor\u201d (2017) \u015fi al volumelor: \u201eMonolog dup\u0103 o cortin\u0103\u201d (autobiografic\u0103, 2019), \u201eC\u0103l\u0103tor \u00een alte lumi\u201d (povestiri, 2020) \u015fi \u201eMoara pisicii albe\u201d (povestiri, 2022).<\/em><\/p>\n\n\n\n<p><em>\u2013 \u00cen ce \u00eemprejur\u0103ri a\u0163i ajuns la Piatra-Neam\u0163?<\/em><\/p>\n\n\n\n<p>\u2013 Eram scenograf la Teatrul Dramatic din Bac\u0103u \u015fi cum Piatra-Neam\u0163 se afl\u0103 la 60 de km distan\u0163\u0103, eram prezent la fiecare premier\u0103 a Teatrului Tineretului. Iar c\u00e2nd artistul scenograf Mihai M\u0103descu a plecat la Bucure\u015fti, am b\u0103tut la poarta teatrului din Piatra-Neam\u0163 \u015fi norocul mi-a sur\u00e2s. Se \u00eent\u00e2mpla \u00een anul 1975. Am fost angajat prin transfer, \u00een urma unui a\u015fa-zis examen. Acest examen s-a numit spectacolul \u201eDosarul Andersonville\u201d de Saul Levitt, \u00een regia lui Emil Mandric, care era \u015fi directorul teatrului.<\/p>\n\n\n\n<p><em>\u2013 A\u0163i avut cu Teatrul Tineretului o intens\u0103 colaborare, semn\u00e2nd scenografia unor spectacole de referin\u0163\u0103. Povesti\u0163i-ne, v\u0103 rog.<\/em><\/p>\n\n\n\n<p>\u2013 Atmosfera de la Teatrul Tineretului era total diferit\u0103 fa\u0163\u0103 de cea pe care o cunoscusem prin alte teatre, unde actorii veneau \u015fi plecau ca de la serviciu. \u00cen teatrul nem\u0163ean am g\u0103sit o mare familie. E adev\u0103rat c\u0103 majoritatea actorilor erau tineri, burlaci \u015fi cei mai mul\u0163i prieteni, ca fo\u015fti colegi ai Institutului de Teatru din Bucure\u015fti. De diminea\u0163a \u015fi p\u00e2n\u0103 noaptea t\u00e2rziu cu to\u0163ii ne petreceam timpul \u00een teatru. \u00cen b\u0103rule\u0163ul de la subsolul teatrului \u2013 bar cu regim intern \u2013 se fr\u0103m\u00e2ntau \u015fi se coceau toate problemele unui spectacol. \u00centr-o atmosfer\u0103 cu glume, dar \u015fi cu dezbateri critice profesioniste.<\/p>\n\n\n<div class=\"wp-block-image\">\n<figure class=\"alignright size-full\"><a href=\"http:\/\/www.slineamt.ro\/apostolul\/wp-content\/uploads\/2025\/09\/08-ap286-foto2.jpg\"><img loading=\"lazy\" decoding=\"async\" width=\"340\" height=\"296\" src=\"http:\/\/www.slineamt.ro\/apostolul\/wp-content\/uploads\/2025\/09\/08-ap286-foto2.jpg\" alt=\"\" class=\"wp-image-27674\" srcset=\"http:\/\/www.slineamt.ro\/apostolul\/wp-content\/uploads\/2025\/09\/08-ap286-foto2.jpg 340w, http:\/\/www.slineamt.ro\/apostolul\/wp-content\/uploads\/2025\/09\/08-ap286-foto2-300x261.jpg 300w, http:\/\/www.slineamt.ro\/apostolul\/wp-content\/uploads\/2025\/09\/08-ap286-foto2-260x226.jpg 260w, http:\/\/www.slineamt.ro\/apostolul\/wp-content\/uploads\/2025\/09\/08-ap286-foto2-160x139.jpg 160w\" sizes=\"auto, (max-width: 340px) 100vw, 340px\" \/><\/a><\/figure>\n<\/div>\n\n\n<p>\u00centr-un fel, pentru tinerii absolven\u0163i, Teatrul Tineretului era considerat o platform\u0103 intermediar\u0103 de propulsare. \u0162inta fiind, desigur, teatrele bucure\u015ftene, unde cei mai mul\u0163i \u00ee\u015fi g\u0103seau locul de consacrare.<\/p>\n\n\n\n<p>La Piatra-Neam\u0163 cele mai multe spectacole erau realizate de c\u0103tre colaboratori, regizori \u015fi scenografi. Cei mai mul\u0163i erau din Bucure\u015fti \u015fi f\u0103ceau deja echip\u0103 cu regizorul invitat.<\/p>\n\n\n\n<p>Uneori, ca angajat al teatrului trebuia s\u0103 fac \u015fi servicii care nu erau \u00eentotdeauna pe placul meu. Dar, recunosc, am realizat \u015fi c\u00e2teva crea\u0163ii de excep\u0163ie. A\u015f enumera doar \u201eSlug\u0103 la doi st\u0103p\u00e2ni\u201d, \u201eCuibul\u201d \u015fi \u201eSomnoroasa aventur\u0103\u201d.<\/p>\n\n\n\n<p>Pentru reu\u015fita unui spectacol, este foarte important ca tandemul regizor-scenograf s\u0103 func\u0163ioneze \u00eentr-o unitate perfect\u0103, la fel ca \u00eentreaga echip\u0103 \u2013 ca \u00eentr-o orchestr\u0103 \u2013 unde vocea actorilor este esen\u0163ial\u0103, pentru c\u0103 arti\u015ftii constituie materia prim\u0103 a crea\u0163iei, f\u0103r\u0103 de care nu se poate concepe un spectacol.<\/p>\n\n\n<div class=\"wp-block-image\">\n<figure class=\"alignleft size-full is-resized\"><a href=\"http:\/\/www.slineamt.ro\/apostolul\/wp-content\/uploads\/2025\/09\/08-ap286-foto3.jpg\"><img loading=\"lazy\" decoding=\"async\" width=\"378\" height=\"106\" src=\"http:\/\/www.slineamt.ro\/apostolul\/wp-content\/uploads\/2025\/09\/08-ap286-foto3.jpg\" alt=\"\" class=\"wp-image-27675\" style=\"width:838px;height:auto\" srcset=\"http:\/\/www.slineamt.ro\/apostolul\/wp-content\/uploads\/2025\/09\/08-ap286-foto3.jpg 378w, http:\/\/www.slineamt.ro\/apostolul\/wp-content\/uploads\/2025\/09\/08-ap286-foto3-300x84.jpg 300w, http:\/\/www.slineamt.ro\/apostolul\/wp-content\/uploads\/2025\/09\/08-ap286-foto3-260x73.jpg 260w, http:\/\/www.slineamt.ro\/apostolul\/wp-content\/uploads\/2025\/09\/08-ap286-foto3-160x45.jpg 160w\" sizes=\"auto, (max-width: 378px) 100vw, 378px\" \/><\/a><\/figure>\n<\/div>\n\n\n<p>\u00cen perioada de la Piatra-Neam\u0163, am mai colaborat \u015fi cu alte teatre, \u00een special cu cele din aceast\u0103 zon\u0103 a Moldovei, constat\u00e2nd c\u0103, uneori, colaborarea ofer\u0103 scenografului o \u00eendr\u0103zneal\u0103 aparte, at\u00e2t de necesar\u0103 crea\u0163iei. Astfel, la Teatrul \u201eMihai Eminescu\u201d din Boto\u015fani, cu spectacolul \u201eDemiurgul\u201d de Vasile Voiculescu, \u00een regia lui Eugen Bordu\u015fanu, am ob\u0163inut Premiul I pentru scenografie, \u00een cadrul Festivalului \u201eRestituiri\u201d, stagiunea 1980-1981.<\/p>\n\n\n\n<p><em>\u2013 Cum s-a produs alegerea dumneavoastr\u0103 \u00een func\u0163ia de pre\u015fedinte al Uniunii Arti\u015ftilor Plastici, Filiala Piatra-Neam\u0163 pe atunci?<\/em><\/p>\n\n\n\n<p>\u2013 La Piatra-Neam\u0163, stindardul artei plastice a fost purtat de cunoscuta acuarelist\u0103 Iulia H\u0103l\u0103ucescu, de la care am preluat conducerea cenaclului, care, dup\u0103 un an, cresc\u00e2nd num\u0103rul membrilor, a devenit filial\u0103. Distinsa acuarelist\u0103 se retr\u0103sese din cauza v\u00e2rstei \u015fi a timpului pierdut cu activit\u0103\u0163ile organizatorice, \u00eens\u0103 a r\u0103mas mereu un sf\u0103tuitor \u015fi un exemplu implicat de tenacitate creatoare, pentru to\u0163i arti\u015ftii nem\u0163eni.<\/p>\n\n\n\n<p>Nu pot s\u0103 nu amintesc contribu\u0163ia important\u0103 pentru toat\u0103 mi\u015fcarea cultural-artistic\u0103 \u2013 teatru, art\u0103 plastic\u0103, mi\u015fcarea de amatori \u2013 a p\u0103tima\u015fului profesor Gheorghe Bunghez. Un om cu o cultur\u0103 deosebit\u0103, ajuns \u00eentr-o func\u0163ie la partid, apoi pre\u015fedinte la cultur\u0103 \u015fi director al Teatrului Tineretului. Gheorghe Bunghez a sprijinit toate manifest\u0103rile cultural-artistice ale jude\u0163ului Neam\u021b, aloc\u00e2nd bani de la buget pentru activit\u0103\u0163ii \u015fi ap\u0103r\u00e2ndu-le de sabia nemiloas\u0103 a cenzurii acelor vremi.<\/p>\n\n\n\n<p><em>\u2013 Meritul de a v\u0103 \u00eendrepta spre art\u0103, de a deveni scenograf, pictor, cine \u00eel are?<\/em><\/p>\n\n\n\n<p>\u2013 \u00centorc\u00e2ndu-m\u0103 la anii tinere\u0163ii, mi-e greu s\u0103 g\u0103sesc un mobil, un fapt anume care mi-a \u00eendreptat pa\u015fii spre art\u0103. Era o perioad\u0103 a transform\u0103rilor, \u00een care o serie de \u015fcoli \u00ee\u015fi schimba profilul din mers, modific\u00e2nd \u015fi op\u0163iunile tinerilor. Astfel, prin clasa a VIII-a, voiam s\u0103 devin finan\u0163ist, dar s-a desfiin\u0163at \u015fcoala. Apoi, l-am urmat pe un veri\u015for la \u015ecoala de art\u0103 din Baia Mare, dar dup\u0103 doi ani de cursuri s-au desfiin\u0163at artele plastice de aici \u015fi m-am transferat la o \u015fcoal\u0103 de art\u0103 la Timi\u015foara. Numai c\u0103, \u00een ultimul an, \u015fi-a schimbat \u015fi aceasta profilul, \u00een \u015fcoal\u0103 tehnic\u0103, \u015fi nu puteam avea acces la o universitate dec\u00e2t dup\u0103 trei ani de produc\u0163ie. Norocul meu a fost c\u0103, f\u0103c\u00e2nd armata \u00een Bucure\u015fti, \u00eempreun\u0103 cu alt r\u0103can pasionat de arte, am putut vizita frecvent Institutul de Arte Plastice \u201eNicolae Grigorescu\u201d, familiariz\u00e2ndu-ne cu atmosfera de crea\u0163ie \u015fi p\u0103str\u00e2nd vie dorin\u0163a de a deveni \u015fi noi studen\u0163i. Ceea ce s-a petrecut, chiar dac\u0103 au mai trecut aproape trei ani de la acele vizite.<\/p>\n\n\n<div class=\"wp-block-image\">\n<figure class=\"alignright size-full is-resized\"><a href=\"http:\/\/www.slineamt.ro\/apostolul\/wp-content\/uploads\/2025\/09\/08-ap286-foto4.jpg\"><img loading=\"lazy\" decoding=\"async\" width=\"161\" height=\"265\" src=\"http:\/\/www.slineamt.ro\/apostolul\/wp-content\/uploads\/2025\/09\/08-ap286-foto4.jpg\" alt=\"\" class=\"wp-image-27676\" style=\"width:275px;height:auto\" srcset=\"http:\/\/www.slineamt.ro\/apostolul\/wp-content\/uploads\/2025\/09\/08-ap286-foto4.jpg 161w, http:\/\/www.slineamt.ro\/apostolul\/wp-content\/uploads\/2025\/09\/08-ap286-foto4-160x263.jpg 160w\" sizes=\"auto, (max-width: 161px) 100vw, 161px\" \/><\/a><\/figure>\n<\/div>\n\n\n<p><em>\u2013 Ce crede\u0163i c\u0103 v-a individualizat? Exist\u0103 o tr\u0103s\u0103tur\u0103 a firii dumneavoastr\u0103 mai pu\u0163in cunoscut\u0103?<\/em><\/p>\n\n\n\n<p>\u2013 Am crescut f\u0103r\u0103 o sus\u0163inere din partea familiei, pe care am pierdut-o la 12 ani. Poate c\u0103 mi s-a imprimat un fel de izolare fa\u0163\u0103 de colectivitate, devenind c\u00e2teodat\u0103 prea pu\u0163in comunicativ. Cu toate eforturile, nu am reu\u015fit s\u0103 deschid toate lac\u0103tele anilor grei pe care i-am traversat \u00een tinere\u0163e. Acest fapt cred c\u0103 \u00eemi caracterizeaz\u0103 \u015fi lucr\u0103rile mele. M\u0103 refer, mai ales, la pictur\u0103 \u2013 poate \u015fi la scris \u2013, deoarece \u00een scenografie, fiecare spectacol cere o atmosfer\u0103 individualizat\u0103, \u00een func\u0163ie de epoc\u0103, ce trebuie respectat\u0103. Vorbesc de stilul spectacolelor din perioada crea\u0163iei mele, deoarece acum, urm\u0103rind ni\u015fte mont\u0103ri recente, constat c\u0103 stau la baz\u0103 alte criterii.<\/p>\n\n\n\n<p><em>\u2013 Care-i teritoriul cultural european care v\u0103 atrage cel mai mult?<\/em><\/p>\n\n\n\n<p>\u2013 Contactul direct cu Occidentul l-am avut destul de t\u00e2rziu. Dep\u0103\u015fisem patruzeci de ani. \u015ei cum \u00een acea perioad\u0103 \u00een \u0163ara noastr\u0103 \u00eentunericul era la el acas\u0103, explozia de lumini \u015fi reclamele mi-au luat ochii. Dar, dincolo de acestea, vizit\u00e2nd o serie de s\u0103li de expozi\u0163ii, arta contemporan\u0103 a Occidentului m-a dezam\u0103git. Ca adept al unei \u015fcoli bazat\u0103 pe realism, am v\u0103zut un abstrac\u0163ionism f\u0103r\u0103 valori artistice, combina\u0163ii de obiecte bizare, originalitatea \u015fi trimiterile la haosul vie\u0163ii cotidiene fiind criteriul de baz\u0103 al arti\u015ftilor acelor expozi\u0163ii.<\/p>\n\n\n\n<p>Desigur, acesta mi se pare un moment hazliu, de\u015fi, din p\u0103cate, Cutia Pandorei s-a rev\u0103rsat \u015fi spre estul Europei. Exist\u0103 totu\u015fi o art\u0103 a vestului \u00een fa\u0163a c\u0103reia trebuie s\u0103 ne descoperim \u015fi s\u0103 ne \u00eenchin\u0103m. Art\u0103 care a influen\u0163at la vremea ei \u015fi mi\u015fcarea plastic\u0103 din \u0163ara noastr\u0103. M\u0103 refer la Impresionism \u015fi Post\u00adimpresionism, care au devenit \u015fcoli de baz\u0103 pentru arti\u015ftii rom\u00e2ni.<\/p>\n\n\n\n<p>Dar, nu vreau s\u0103 fac teoria artei Occidentului. Cred \u00eens\u0103 c\u0103, a\u015fa cum pentru religia cre\u015ftin\u0103, cartea de c\u0103p\u0103t\u00e2i este Biblia, tot a\u015fa pentru art\u0103 \u2013 indiferent de form\u0103 \u2013 se poate spune c\u0103 este arta Occidentului, \u00een special atmosfera creativ\u0103. M\u0103 refer la faptul c\u0103 doar arti\u015ftii pleca\u0163i dincolo au reu\u015fit s\u0103 se afirme. \u015ei exemplele sunt concludente.<\/p>\n\n\n\n<p><em>\u2013 \u00cen ce v-a\u0163i reg\u0103sit cel mai mult. \u00cen pictur\u0103, scenografie, scris?<\/em><\/p>\n\n\n<div class=\"wp-block-image\">\n<figure class=\"alignleft size-full\"><a href=\"http:\/\/www.slineamt.ro\/apostolul\/wp-content\/uploads\/2025\/09\/08-ap286-foto5.jpg\"><img loading=\"lazy\" decoding=\"async\" width=\"416\" height=\"417\" src=\"http:\/\/www.slineamt.ro\/apostolul\/wp-content\/uploads\/2025\/09\/08-ap286-foto5.jpg\" alt=\"\" class=\"wp-image-27677\" srcset=\"http:\/\/www.slineamt.ro\/apostolul\/wp-content\/uploads\/2025\/09\/08-ap286-foto5.jpg 416w, http:\/\/www.slineamt.ro\/apostolul\/wp-content\/uploads\/2025\/09\/08-ap286-foto5-300x300.jpg 300w, http:\/\/www.slineamt.ro\/apostolul\/wp-content\/uploads\/2025\/09\/08-ap286-foto5-150x150.jpg 150w, http:\/\/www.slineamt.ro\/apostolul\/wp-content\/uploads\/2025\/09\/08-ap286-foto5-260x261.jpg 260w, http:\/\/www.slineamt.ro\/apostolul\/wp-content\/uploads\/2025\/09\/08-ap286-foto5-160x160.jpg 160w\" sizes=\"auto, (max-width: 416px) 100vw, 416px\" \/><\/a><\/figure>\n<\/div>\n\n\n<p>\u2013 \u00centrebarea mi se pare o capcan\u0103, \u00eentruc\u00e2t a\u015fa cum un p\u0103rinte are mai mul\u0163i copii, nu poate afirma pe care dintre ace\u015ftia \u00eel iube\u015fte cel mai mult. C\u00e2nd porne\u015fti la un drum, este bine s\u0103 nu te \u00eentorci, chiar dac\u0103 drumul are \u015fi multe h\u00e2rtoape. Desigur, a\u015f putea s\u0103-mi pun \u00eentrebarea: Dac\u0103 din tinere\u0163e, c\u00e2nd am cochetat cu scrisul, a\u015f fi mers doar pe acest drum, unde a\u015f fi ajuns? Ori? Dac\u0103 dup\u0103 terminarea facult\u0103\u0163ii, a\u015f fi petrecut, ca al\u0163i colegi, numai \u00een fa\u0163a \u015fevaletului&#8230; Poate c\u0103 merg\u00e2nd pe mai multe drumuri, nu reu\u015fe\u015fti s\u0103 ajungi \u00een toate unde \u0163i-ai propus, dar fiecare drum \u00ee\u0163i ofer\u0103 o satisfac\u0163ie. \u015ei \u00een via\u0163\u0103 asta conteaz\u0103.<\/p>\n\n\n\n<p><em>\u2013 Care crede\u0163i c\u0103 este cea mai mare bog\u0103\u0163ie a omului?<\/em><\/p>\n\n\n\n<p>\u2013 Capacitatea de g\u00e2ndire. M\u0103 refer la g\u00e2ndirea pozitiv\u0103, prin care omul \u00ee\u015fi poate realiza toate visele. G\u00e2ndirea st\u0103 la baza \u00eentregii crea\u0163ii a omenirii. F\u0103r\u0103 aceast\u0103 g\u00e2ndire nu ar fi existat. Iar imagina\u0163ia \u015fi intui\u0163ia sunt aripile cu care omul poate s\u0103 zboare.<\/p>\n\n\n\n<p><em>\u2013 Sim\u0163i\u0163i uneori nevoia s\u0103 recupera\u0163i frumuse\u0163i pierdute?<\/em><\/p>\n\n\n\n<p>\u2013 Frumuse\u0163ile pierdute nu se mai pot recupera dup\u0103 optzeci de ani.<\/p>\n\n\n\n<p><em>\u2013 Cine v-au fost colaboratorii cei mai apropia\u0163i la Piatra-Neam\u0163?<\/em><\/p>\n\n\n\n<p>\u2013 Desigur, cel mai apropiat colaborator, sf\u0103tuitor \u015fi confident mi-a fost, \u00een permanen\u021b\u0103, so\u0163ia. \u00cen rest, la Piatra-Neam\u0163, consider c\u0103 am avut numai prieteni. Firea mea nu accept\u0103 certuri, du\u015fm\u0103nii, invidii. Din aceast\u0103 cauz\u0103, \u00een unele contradic\u0163ii, l\u0103s\u00e2nd prea mult de la mine, am avut chiar de pierdut. O toleran\u0163\u0103 prea darnic\u0103 nu este bun\u0103.<\/p>\n\n\n\n<p>Din p\u0103cate, sunt pu\u0163ini prieteni care mi-au mai r\u0103mas la Piatra-Neam\u0163. \u00cei pot enumera pe degetele de la o singur\u0103 m\u00e2n\u0103. Totu\u015fi, prin mijloacele moderne de comunicare \u2013 m\u0103 refer, \u00een special, la Facebook \u2013 aria de prieteni nem\u0163eni s-a l\u0103rgit considerabil. Acestora \u015fi tuturor celor care \u00ee\u015fi amintesc de activitatea mea, le transmit un g\u00e2nd frumos din inim\u0103. O inim\u0103, pe care de multe ori o v\u0103d ca pe un trandafir ro\u015fu. Acest trandafir \u00eel d\u0103ruiesc tuturor nem\u0163enilor unde mi-am petrecut o parte dintre cei mai frumo\u015fi ani ai tinere\u0163ii.<\/p>\n\n\n\n<p>&nbsp;<strong><em>A consemnat Violeta MO\u015eU;<\/em><\/strong><\/p>\n\n\n\n<p><strong><em>Foto: Facebook Vasile JURJE<\/em><\/strong><\/p>\n","protected":false},"excerpt":{"rendered":"<p>Scenograful, pictorul \u015fi scriitorul Vasile Jurje s-a n\u0103scut \u00een urm\u0103 cu 89 de ani (26 iunie 1936) la Cic\u00e2rl\u0103u, \u00een Maramure\u015f. Este membru al UAPR (Uniunea Arti\u015ftilor Plastici din Rom\u00e2nia) \u015fi al UNITER (Uniunea Oamenilor de Teatru din Rom\u00e2nia). Dup\u0103&hellip;<\/p>\n<p class=\"more-link-p\"><a class=\"more-link\" href=\"http:\/\/www.slineamt.ro\/apostolul\/arte-si-meseriii\/vasile-jurje-bucuria-de-a-crea\/\">Read more &rarr;<\/a><\/p>\n","protected":false},"author":1,"featured_media":0,"comment_status":"open","ping_status":"closed","sticky":false,"template":"","format":"standard","meta":{"footnotes":""},"categories":[7,496],"tags":[],"class_list":["post-27680","post","type-post","status-publish","format-standard","hentry","category-arte-si-meseriii","category-286-septembrie-2025"],"_links":{"self":[{"href":"http:\/\/www.slineamt.ro\/apostolul\/wp-json\/wp\/v2\/posts\/27680","targetHints":{"allow":["GET"]}}],"collection":[{"href":"http:\/\/www.slineamt.ro\/apostolul\/wp-json\/wp\/v2\/posts"}],"about":[{"href":"http:\/\/www.slineamt.ro\/apostolul\/wp-json\/wp\/v2\/types\/post"}],"author":[{"embeddable":true,"href":"http:\/\/www.slineamt.ro\/apostolul\/wp-json\/wp\/v2\/users\/1"}],"replies":[{"embeddable":true,"href":"http:\/\/www.slineamt.ro\/apostolul\/wp-json\/wp\/v2\/comments?post=27680"}],"version-history":[{"count":1,"href":"http:\/\/www.slineamt.ro\/apostolul\/wp-json\/wp\/v2\/posts\/27680\/revisions"}],"predecessor-version":[{"id":27681,"href":"http:\/\/www.slineamt.ro\/apostolul\/wp-json\/wp\/v2\/posts\/27680\/revisions\/27681"}],"wp:attachment":[{"href":"http:\/\/www.slineamt.ro\/apostolul\/wp-json\/wp\/v2\/media?parent=27680"}],"wp:term":[{"taxonomy":"category","embeddable":true,"href":"http:\/\/www.slineamt.ro\/apostolul\/wp-json\/wp\/v2\/categories?post=27680"},{"taxonomy":"post_tag","embeddable":true,"href":"http:\/\/www.slineamt.ro\/apostolul\/wp-json\/wp\/v2\/tags?post=27680"}],"curies":[{"name":"wp","href":"https:\/\/api.w.org\/{rel}","templated":true}]}}