{"id":27699,"date":"2025-09-23T01:40:38","date_gmt":"2025-09-23T01:40:38","guid":{"rendered":"https:\/\/www.slineamt.ro\/apostolul\/?p=27699"},"modified":"2025-09-23T01:40:38","modified_gmt":"2025-09-23T01:40:38","slug":"actiunile-de-protest-vor-continua","status":"publish","type":"post","link":"http:\/\/www.slineamt.ro\/apostolul\/viata-sindicala-imperative\/actiunile-de-protest-vor-continua\/","title":{"rendered":"Ac\u0163iunile de protest vor continua!"},"content":{"rendered":"<div class=\"wp-block-image\">\n<figure class=\"aligncenter size-full is-resized\"><a href=\"http:\/\/www.slineamt.ro\/apostolul\/wp-content\/uploads\/2025\/09\/04-ap286-foto1.jpg\"><img loading=\"lazy\" decoding=\"async\" width=\"454\" height=\"108\" src=\"http:\/\/www.slineamt.ro\/apostolul\/wp-content\/uploads\/2025\/09\/04-ap286-foto1.jpg\" alt=\"\" class=\"wp-image-27700\" style=\"width:730px;height:auto\" srcset=\"http:\/\/www.slineamt.ro\/apostolul\/wp-content\/uploads\/2025\/09\/04-ap286-foto1.jpg 454w, http:\/\/www.slineamt.ro\/apostolul\/wp-content\/uploads\/2025\/09\/04-ap286-foto1-300x71.jpg 300w, http:\/\/www.slineamt.ro\/apostolul\/wp-content\/uploads\/2025\/09\/04-ap286-foto1-260x62.jpg 260w, http:\/\/www.slineamt.ro\/apostolul\/wp-content\/uploads\/2025\/09\/04-ap286-foto1-160x38.jpg 160w\" sizes=\"auto, (max-width: 454px) 100vw, 454px\" \/><\/a><\/figure>\n<\/div>\n\n\n<p>Dup\u0103 amplul protest din data de 8 septembrie 2025 \u2013 peste 20.000 de salaria\u0163i din \u00eenv\u0103\u0163\u0103m\u00e2nt, elevi \u015fi studen\u0163i au m\u0103r\u015f\u0103luit \u00een Bucure\u015fti \u015fi alte mii au pichetat prefecturile din \u0163ar\u0103, iar \u00een unit\u0103\u0163ile de \u00eenv\u0103\u0163\u0103m\u00e2nt, cu pu\u0163ine excep\u0163ii, deschiderea anului \u015fcolar a fost boicotat\u0103 \u2013 se pare c\u0103 prim-ministrul llie Bolojan \u015fi ministrul educa\u0163iei, Daniel David, continu\u0103 s\u0103 ignore problemele generate de m\u0103surile din Legea nr. 141\/2025.<\/p>\n\n\n\n<p>Nici faptul c\u0103, \u00een multe unit\u0103\u0163i de \u00eenv\u0103\u0163\u0103m\u00e2nt, a continuat boicotarea activit\u0103\u0163ilor didactice \u00een data de 9 septembrie, nu i-a impresionat pe cei care care pot remedia m\u0103surile luate prin Legea 141\/2025 \u015fi care au afectat profund sistemul educa\u0163ional.<\/p>\n\n\n\n<p>\u00cen aceste condi\u0163ii, ac\u0163iunile de protest vor continua!<\/p>\n\n\n\n<p>\u00cen perioada imediat urm\u0103toare, forurile de conducere ale celor trei federa\u0163ii din \u00eenv\u0103\u0163\u0103m\u00e2nt vor propune membrilor de sindicat calendarul \u015fi formele urm\u0103toarelor ac\u0163iuni de protest, astfel g\u00e2ndite \u00eenc\u00e2t s\u0103 aib\u0103 un impact maxim, dar cu sacrificii minime pentru profesori, elevi \u015fi studen\u0163i. \u00cen func\u0163ie de rezultate, periodic, vom actualiza tipul \u015fi calendarul ac\u0163iunilor de protest.<\/p>\n\n\n\n<p>Opinia public\u0103 trebuie s\u0103 \u00een\u0163eleag\u0103 faptul c\u0103 revolta dasc\u0103lilor nu este pentru c\u0103 ace\u015ftia ar fi pierdut \u201eprivilegii\u201d \u2013 a\u015fa cum afirm\u0103, \u00een mod fals, unii deciden\u0163i \u2013 ci pentru salvarea \u00eenv\u0103\u0163\u0103m\u00e2ntului rom\u00e2nesc!<\/p>\n\n\n\n<p>Nu este o lozinc\u0103, este o realitate!<\/p>\n\n\n\n<p>Elevii \u015fi studen\u0163ii acestei \u0163\u0103ri merit\u0103 s\u0103 beneficieze de un sistem educa\u0163ional de calitate, a\u015fa cum \u00eel au cei din alte state membre ale Uniunii Europene!<\/p>\n\n\n\n<p><strong>Colegiul Na\u0163ional al Liderilor F.S.L.I.<\/strong><\/p>\n\n\n\n<p><strong>Colegiul Liderilor FSE \u201eSPIRU HARET\u201d,<\/strong><\/p>\n\n\n\n<p><strong>Consiliul Na\u0163ional de Conducere FNS \u201eALMA MATER\u201d<\/strong><\/p>\n\n\n\n<p><em>Bucure\u015fti, 11 septembrie 2025<\/em><\/p>\n","protected":false},"excerpt":{"rendered":"<p>Dup\u0103 amplul protest din data de 8 septembrie 2025 \u2013 peste 20.000 de salaria\u0163i din \u00eenv\u0103\u0163\u0103m\u00e2nt, elevi \u015fi studen\u0163i au m\u0103r\u015f\u0103luit \u00een Bucure\u015fti \u015fi alte mii au pichetat prefecturile din \u0163ar\u0103, iar \u00een unit\u0103\u0163ile de \u00eenv\u0103\u0163\u0103m\u00e2nt, cu pu\u0163ine excep\u0163ii, deschiderea&hellip;<\/p>\n<p class=\"more-link-p\"><a class=\"more-link\" href=\"http:\/\/www.slineamt.ro\/apostolul\/viata-sindicala-imperative\/actiunile-de-protest-vor-continua\/\">Read more &rarr;<\/a><\/p>\n","protected":false},"author":1,"featured_media":0,"comment_status":"open","ping_status":"closed","sticky":false,"template":"","format":"standard","meta":{"footnotes":""},"categories":[11,496],"tags":[],"class_list":["post-27699","post","type-post","status-publish","format-standard","hentry","category-viata-sindicala-imperative","category-286-septembrie-2025"],"_links":{"self":[{"href":"http:\/\/www.slineamt.ro\/apostolul\/wp-json\/wp\/v2\/posts\/27699","targetHints":{"allow":["GET"]}}],"collection":[{"href":"http:\/\/www.slineamt.ro\/apostolul\/wp-json\/wp\/v2\/posts"}],"about":[{"href":"http:\/\/www.slineamt.ro\/apostolul\/wp-json\/wp\/v2\/types\/post"}],"author":[{"embeddable":true,"href":"http:\/\/www.slineamt.ro\/apostolul\/wp-json\/wp\/v2\/users\/1"}],"replies":[{"embeddable":true,"href":"http:\/\/www.slineamt.ro\/apostolul\/wp-json\/wp\/v2\/comments?post=27699"}],"version-history":[{"count":1,"href":"http:\/\/www.slineamt.ro\/apostolul\/wp-json\/wp\/v2\/posts\/27699\/revisions"}],"predecessor-version":[{"id":27701,"href":"http:\/\/www.slineamt.ro\/apostolul\/wp-json\/wp\/v2\/posts\/27699\/revisions\/27701"}],"wp:attachment":[{"href":"http:\/\/www.slineamt.ro\/apostolul\/wp-json\/wp\/v2\/media?parent=27699"}],"wp:term":[{"taxonomy":"category","embeddable":true,"href":"http:\/\/www.slineamt.ro\/apostolul\/wp-json\/wp\/v2\/categories?post=27699"},{"taxonomy":"post_tag","embeddable":true,"href":"http:\/\/www.slineamt.ro\/apostolul\/wp-json\/wp\/v2\/tags?post=27699"}],"curies":[{"name":"wp","href":"https:\/\/api.w.org\/{rel}","templated":true}]}}