{"id":27710,"date":"2025-09-23T01:50:24","date_gmt":"2025-09-23T01:50:24","guid":{"rendered":"https:\/\/www.slineamt.ro\/apostolul\/?p=27710"},"modified":"2025-09-23T08:29:51","modified_gmt":"2025-09-23T08:29:51","slug":"continua-planul-guvernului-de-ingenunchere-a-educatiei-din-romania","status":"publish","type":"post","link":"http:\/\/www.slineamt.ro\/apostolul\/viata-sindicala-imperative\/continua-planul-guvernului-de-ingenunchere-a-educatiei-din-romania\/","title":{"rendered":"Continu\u0103 planul Guvernului de \u00eengenunchere a educa\u0163iei din Rom\u00e2nia"},"content":{"rendered":"<div class=\"wp-block-image\">\n<figure class=\"alignleft size-full is-resized\"><a href=\"http:\/\/www.slineamt.ro\/apostolul\/wp-content\/uploads\/2025\/09\/01-ap286-foto1.jpg\"><img loading=\"lazy\" decoding=\"async\" width=\"231\" height=\"302\" src=\"http:\/\/www.slineamt.ro\/apostolul\/wp-content\/uploads\/2025\/09\/01-ap286-foto1.jpg\" alt=\"\" class=\"wp-image-27711\" style=\"width:351px;height:auto\" srcset=\"http:\/\/www.slineamt.ro\/apostolul\/wp-content\/uploads\/2025\/09\/01-ap286-foto1.jpg 231w, http:\/\/www.slineamt.ro\/apostolul\/wp-content\/uploads\/2025\/09\/01-ap286-foto1-229x300.jpg 229w, http:\/\/www.slineamt.ro\/apostolul\/wp-content\/uploads\/2025\/09\/01-ap286-foto1-160x209.jpg 160w\" sizes=\"auto, (max-width: 231px) 100vw, 231px\" \/><\/a><\/figure>\n<\/div>\n\n\n<p>\u25cf Interviu cu dl Ionel Hociung \u2013 pre\u015fedinte al Sindicatului din \u00cenv\u0103\u0163\u0103m\u00e2nt Neam\u0163<\/p>\n\n\n\n<p><em>\u2013 Domnule Ionel Hociung, cred c\u0103 sunte\u0163i de acord cu mine c\u0103 s-a \u00eencheiat vara cea mai fierbinte pentru lucr\u0103torii din \u00eenv\u0103\u0163\u0103m\u00e2nt, \u015fi c\u00e2nd spun aceasta m\u0103 refer la protestele insistente ale sindicali\u015ftilor \u00eempotriva m\u0103surilor de austeritate promovate prin legea 141\/2025. Cum se v\u0103d acestea prin ochii unui lider de sindicat?<\/em><\/p>\n\n\n\n<p>\u2013 A fost \u00eentr-adev\u0103r o var\u0103 foarte grea. \u00cen ciuda faptului c\u0103 s-a \u00eencheiat, \u015fi odat\u0103 cu ea \u015fi vacan\u0163a \u015fcolar\u0103, problemele provocate sistemului de \u00eenv\u0103\u0163\u0103m\u00e2nt prin adoptarea Legii 141\/ 2025 r\u0103m\u00e2n \u015fi sunt presante.<\/p>\n\n\n\n<p>A\u015fa dup\u0103 cum bine \u015fti\u0163i, \u00eenc\u0103 din data de 07.07.2025, atunci c\u00e2nd Cabinetul Bolojan \u015fi-a asumat r\u0103spunderea \u00een Parlament pe primul pachet de austeritate, sindicatele din \u00eenv\u0103\u0163\u0103m\u00e2nt \u015fi-au exprimat revolta fa\u0163\u0103 de aceast\u0103 situa\u0163ie printr-o serie de proteste \u00een strad\u0103.<\/p>\n\n\n\n<p>Astfel, p\u00e2n\u0103 la aceast\u0103 dat\u0103, \u00eempreun\u0103 cu colegii no\u015ftri din toat\u0103 \u0163ara, dup\u0103 o anumit\u0103 programare efectuat\u0103 de FSLI, am participat la cele 23 de pichet\u0103ri ale MEC, solicit\u00e2nd demisia ministrului David \u015fi abrogarea dispozi\u0163iilor din Legea 141\/ 2025.<\/p>\n\n\n\n<p>Sindicatul din \u00cenv\u0103\u0163\u0103m\u00e2nt Neam\u0163 a contabilizat un num\u0103r de cinci prezen\u0163e, cu reprezentan\u0163i, \u00een fa\u0163a Ministerului Educa\u0163iei \u015fi Cercet\u0103rii, plus particip\u0103ri la prima pichetare a Guvernului din data de 3 septembrie \u015fi prezen\u0163a la marele mar\u015f din data de 8 septembrie 2025.<\/p>\n\n\n\n<p>Referitor la aceste proteste, trebuie s\u0103 spun c\u0103 nivelul de arogan\u0163\u0103 \u015fi dispre\u0163 al conducerii MEC fa\u0163\u0103 de cei din strad\u0103 este unul f\u0103r\u0103 precedent, pe perioada celor aproape dou\u0103 luni de proteste.<\/p>\n\n\n\n<p><em>\u2013 Ce se ascunde de fapt \u00een spatele acestei exprim\u0103ri at\u00e2t de tran\u015fante la adresa dialogului cu conducerea Ministerului Educa\u0163ie \u015fi Cercet\u0103rii?<\/em><\/p>\n\n\n\n<p>\u2013 Se ascunde o mare dezam\u0103gire. Prima \u00eent\u00e2lnire a fost la Palatul Victoria, dup\u0103 mai bine de o s\u0103pt\u0103m\u00e2n\u0103 de pichetare a MEC, cu primul ministru, ministrul educa\u0163iei \u015fi cu doi secretari de stat din MEC, \u00eent\u00e2lnire la care, dup\u0103 aproape dou\u0103 ore de argumente \u015fi explica\u0163ii ale reprezentan\u0163ilor sindicatelor, singurul lucru notabil a fost acela al izbucnirii nervoase a lui Daniel David, care a putut spune doar: \u201eMai l\u0103sa\u0163i-m\u0103 cu prostiile astea!\u201d. La aceast\u0103 reac\u0163ie, reprezentan\u0163ii sindicali s-au ridicat de la masa discu\u0163iilor \u015fi doar insisten\u0163ele primului ministru au f\u0103cut ca \u00eent\u00e2lnirea s\u0103 poat\u0103 continua, dar f\u0103r\u0103 a avea vreun rezultat. Mai mult dec\u00e2t at\u00e2t, \u00een perioada imediat urm\u0103toare, primul ministru a ie\u015fit public cu acea afirma\u0163ie mincinoas\u0103, precum c\u0103 sindicatele s-au folosit de unele tertipuri pentru a sc\u0103dea artificial norma didactic\u0103 de predare.<\/p>\n\n\n\n<p>Singura dat\u0103 c\u00e2nd conducerea MEC a chemat reprezentan\u0163ii protestatarilor pentru discu\u0163ii \u00een sediul ministerului a fost pentru a-i sfida \u015fi a proba dispre\u0163ul caracteristic al ministrului, spun\u00e2ndu-le c\u0103 m\u0103surile implementate sunt rezonabile \u015fi decente. \u00cent\u00e2lnirea nu a durat mai mult de cinci minute, partea sindical\u0103 asigur\u00e2ndu-l pe ministrul David c\u0103, p\u00e2n\u0103 c\u00e2nd aceste m\u0103suri nu vor fi anulate, \u00een fa\u0163a ministerului vor continua s\u0103 fie oameni care \u00eei vor cere demisia.<\/p>\n\n\n\n<p><em>\u2013 S\u0103 coment\u0103m pu\u0163in exprimarea \u201erezonabil \u015fi decent\u201d, care v-a fost adresat\u0103 referitor la m\u0103surile implementate conform legii 141\/2025.<\/em><\/p>\n\n\n\n<p>\u2013 Dac\u0103 vorbim de rezonabilitate \u015fi decen\u0163\u0103 va trebui s\u0103 v\u0103 prezint \u015fi c\u00e2teva cifre pentru a putea verifica cei doi termeni \u00eendelung folosi\u0163i \u00een aceast\u0103 perioad\u0103. La nivelul jude\u0163ului Neam\u0163, dup\u0103 prima etap\u0103 de completare a normelor didactice desf\u0103\u015furat\u0103 la nivelul unit\u0103\u0163ilor \u015fcolare, unde profesorii titulari \u015fi-au completat norma cu orice fel de or\u0103 a fost disponibil\u0103 \u00een \u015fcoal\u0103, indiferent de specializarea acestora, a urmat a doua etap\u0103, cea \u00een care ISJ Neam\u0163 a primit spre rezolvare 66 de dosare pentru completarea normei \u015fi 22 de dosare de restr\u00e2ngere de activitate. Deocamdat\u0103 nu avem cifra exact\u0103 a disponibiliz\u0103rilor din sistem, dar cred c\u0103 este de ordinul sutelor; aici vorbim despre profesorii suplinitori califica\u0163i, cu vechime \u015fi experien\u0163\u0103 la catedr\u0103, cu grade didactice date sau de proasp\u0103t absolven\u0163i, care nu au avut \u015fansa de a se fixa pe un post p\u00e2n\u0103 la intrarea \u00een vigoare a acestor m\u0103suri.<\/p>\n\n\n<div class=\"wp-block-image\">\n<figure class=\"aligncenter size-full is-resized\"><a href=\"http:\/\/www.slineamt.ro\/apostolul\/wp-content\/uploads\/2025\/09\/01-ap286-foto2.jpg\"><img loading=\"lazy\" decoding=\"async\" width=\"312\" height=\"416\" src=\"http:\/\/www.slineamt.ro\/apostolul\/wp-content\/uploads\/2025\/09\/01-ap286-foto2.jpg\" alt=\"\" class=\"wp-image-27712\" style=\"width:802px;height:auto\" srcset=\"http:\/\/www.slineamt.ro\/apostolul\/wp-content\/uploads\/2025\/09\/01-ap286-foto2.jpg 312w, http:\/\/www.slineamt.ro\/apostolul\/wp-content\/uploads\/2025\/09\/01-ap286-foto2-225x300.jpg 225w, http:\/\/www.slineamt.ro\/apostolul\/wp-content\/uploads\/2025\/09\/01-ap286-foto2-260x347.jpg 260w, http:\/\/www.slineamt.ro\/apostolul\/wp-content\/uploads\/2025\/09\/01-ap286-foto2-160x213.jpg 160w\" sizes=\"auto, (max-width: 312px) 100vw, 312px\" \/><\/a><\/figure>\n<\/div>\n\n\n<p>De asemenea, mai trebuie s\u0103 \u015fti\u0163i c\u0103 tot la nivelul jude\u0163ului Neam\u0163 vor func\u0163iona \u00een anul 2025-2026, \u00een regim de \u00eenv\u0103\u0163\u0103m\u00e2nt simultan, 60 de forma\u0163iuni de studiu (clase) la \u00eenv\u0103\u0163\u0103m\u00e2ntul primar \u015fi 30 de forma\u0163iuni de studiu la \u00eenv\u0103\u0163\u0103m\u00e2ntul gimnazial.<\/p>\n\n\n\n<p>Imagina\u0163i-v\u0103 calitatea actului didactic \u015fi efortul profesorului de la aceste clase.<\/p>\n\n\n\n<p>Absurdul situa\u0163iei nu se opre\u015fte aici, pentru c\u0103 din declara\u0163iile ministrului reiese faptul c\u0103 va trebui ca profesorii s\u0103 fie \u015fcoli\u0163i \u00een continuare pentru a se descurca cu activitatea \u00een regim simultan \u015fi nu se pune problema ca aceast\u0103 form\u0103 de \u00eenv\u0103\u0163\u0103m\u00e2nt s\u0103 fie o excep\u0163ie pe o durat\u0103 limitat\u0103 de timp.<\/p>\n\n\n\n<p><em>\u2013 Anul acesta prima zi de \u015fcoal\u0103 a fost cu totul diferit\u0103 de cele de p\u00e2n\u0103 acum&#8230;<\/em><\/p>\n\n\n\n<p>\u2013 Ajungem \u015fi la ac\u0163iunile programate pentru data de 8 septembrie. \u00cen primul r\u00e2nd a fost vorba despre boicotarea la nivel na\u0163ional a festivit\u0103\u0163ilor ocazionate de \u00eenceperea noului an \u015fcolar, unde, chiar dac\u0103 au mai fost unele \u015fcoli \u00een care s-au desf\u0103\u015furat festivit\u0103\u0163i, \u00een cea mai mare parte a lor, cadrele didactice au preluat elevii \u015fi i-au condus direct spre clase, f\u0103r\u0103 a mai da ocazia politicienilor, mai mici sau mai mari, s\u0103 se laude cu acele discursuri sfor\u0103itoare, despre cum fac ei lucruri extraordinare pentru \u00eenv\u0103\u0163\u0103m\u00e2nt \u015fi c\u00e2t de minunat este totul. Chiar nu am avut ce s\u0103rb\u0103tori cu factorul politic, dup\u0103 cele \u00eent\u00e2mplate \u00een aceast\u0103 var\u0103.<\/p>\n\n\n\n<p>Al doilea lucru programat pentru data de 8 septembrie a fost acel mare miting de la Pia\u0163a Victoriei, urmat de mar\u015ful p\u00e2n\u0103 la Palatul Cotroceni, la care au participat mai mult de 20.000 de persoane, care a avut menirea de a atrage aten\u0163ia Guvernului Bolojan \u015fi partidelor politice care sus\u0163in actualul guvern, c\u0103 m\u0103surile iresponsabile luate \u00eempotriva sistemului educa\u0163ional, cu largul concurs al ministrului David, nu sunt acceptate. La Palatul Cotroceni a fost fixat\u0103 o \u00eent\u0103lnire cu pre\u015fedintele Nicu\u015for Dan, care a durat aproape dou\u0103 ore, din care o or\u0103 \u015fi 57 de minute au vorbit liderii sindicali aduc\u00e2nd explica\u0163ii, date \u015fi argumente prin care au ar\u0103tat situa\u0163ia provocat\u0103 de m\u0103surile instituite, iar restul de trei minute l-a ocupat pre\u015fedintele republicii care a propus o \u00eent\u00e2lnire peste dou\u0103 luni, pentru a vedea \u00een acest r\u0103stimp care este evolu\u0163ia sistemului de \u00eenv\u0103\u0163\u0103m\u00e2nt.<\/p>\n\n\n\n<p><em>\u2013 Va continua lupta sindical\u0103? Cu ce revendic\u0103ri?<\/em><\/p>\n\n\n\n<p>\u2013 Lupta sindical\u0103 va continua, iar \u00een perioada urm\u0103toare conducerile celor dou\u0103 federa\u0163ii sindicale reprezentative din \u00eenv\u0103\u0163\u0103m\u00e2ntul preuniversitar se vor \u00eent\u00e2lni pentru a stabili care sunt urm\u0103toarele forme de protest \u015fi calendarul acestora.<\/p>\n\n\n\n<p>Din informa\u0163iile pe care le am la acest moment, revendic\u0103rile r\u0103m\u00e2n acelea\u015fi:<\/p>\n\n\n\n<p>1. Demisia ministrului Daniel David;<\/p>\n\n\n\n<p>2. Revenirea la starea de normalitate de dinaintea Legii 141\/ 2025.<\/p>\n\n\n\n<p><em>\u2013 Ar mai exista \u015fi alte motive de \u00eengrijorare pentru cadrele didactice \u00een afara celor deja generate de m\u0103surile de austeritate?<\/em><\/p>\n\n\n\n<p>\u2013 \u00cenver\u015funarea \u015fi hot\u0103r\u00e2rea noastr\u0103 de a continua lupta p\u00e2n\u0103 la \u00eendeplinirea celor dou\u0103 obiective mai sus men\u0163ionate este dat\u0103 \u015fi de amenin\u0163\u0103rile viitoare, asupra c\u0103rora exist\u0103 deja unele semne c\u0103 se fac preg\u0103tiri pentru a fi puse \u00een oper\u0103. M\u0103 refer la:<\/p>\n\n\n\n<p>\u25ba Eliminarea titulariz\u0103rii;<\/p>\n\n\n\n<p>\u25ba Programul de 8 ore\/zi efectuate \u00een \u015fcoal\u0103 pentru cadrele didactice;<\/p>\n\n\n\n<p>\u25ba Externalizarea managementului unit\u0103\u0163ilor \u015fcolare;<\/p>\n\n\n\n<p>\u25ba Restructur\u0103ri la nivelul \u00eenv\u0103\u0163\u0103m\u00e2ntului pre\u015fcolar \u015fi primar;<\/p>\n\n\n\n<p>\u25ba Diminu\u0103ri salariale.<\/p>\n\n\n\n<figure class=\"wp-block-image size-full is-resized\"><a href=\"http:\/\/www.slineamt.ro\/apostolul\/wp-content\/uploads\/2025\/09\/01-ap286-foto3.jpg\"><img loading=\"lazy\" decoding=\"async\" width=\"454\" height=\"292\" src=\"http:\/\/www.slineamt.ro\/apostolul\/wp-content\/uploads\/2025\/09\/01-ap286-foto3.jpg\" alt=\"\" class=\"wp-image-27727\" style=\"width:840px;height:auto\" srcset=\"http:\/\/www.slineamt.ro\/apostolul\/wp-content\/uploads\/2025\/09\/01-ap286-foto3.jpg 454w, http:\/\/www.slineamt.ro\/apostolul\/wp-content\/uploads\/2025\/09\/01-ap286-foto3-300x193.jpg 300w, http:\/\/www.slineamt.ro\/apostolul\/wp-content\/uploads\/2025\/09\/01-ap286-foto3-260x167.jpg 260w, http:\/\/www.slineamt.ro\/apostolul\/wp-content\/uploads\/2025\/09\/01-ap286-foto3-160x103.jpg 160w\" sizes=\"auto, (max-width: 454px) 100vw, 454px\" \/><\/a><\/figure>\n\n\n\n<p>Un lucru este limpede: f\u0103r\u0103 a face mari eforturi, constat\u0103m c\u0103 se dore\u015fte \u00eengenuncherea \u00eenv\u0103\u0163\u0103m\u00e2ntului preuniversitar public \u015fi mutarea ponderii acestuia c\u0103tre sectorul privat, cu tot ceea ce \u00eenseamn\u0103 aceasta. Adic\u0103, rezum\u00e2nd \u00eentr-o singur\u0103 propozi\u0163ie, a\u015f spune simplu, adres\u00e2ndu-m\u0103 \u015fi p\u0103rin\u0163ilor: urmeaz\u0103 perioada \u00een care doar familiile cu posibilit\u0103\u0163i materiale \u00ee\u015fi vor permite \u015fcoli de calitate pentru copiii lor.<\/p>\n\n\n\n<p>Vreau s\u0103 aduc mul\u0163umiri \u015fi m\u0103 \u00eenclin cu respect \u00een fa\u0163a tuturor celor care, \u00een aceste vremuri grele, au con\u015ftientizat importan\u0163a demersurilor noastre \u015fi au fost \u015fi sunt al\u0103turi de noi \u00een \u00eencercarea de a salva \u00eenv\u0103\u0163\u0103m\u00e2ntul rom\u00e2nesc.<\/p>\n\n\n\n<p><em>\u2013 O chestiune care a provocat mare zarv\u0103 la un moment dat a fost aceea a pl\u0103\u0163ii indemniza\u0163iei pentru titlul \u015ftiin\u0163ific de doctor. Cum mai sta\u0163i cu ac\u0163iunile \u00een justi\u0163ie pe aceast\u0103 spe\u0163\u0103?<\/em><\/p>\n\n\n\n<p>\u2013 Ca o \u015ftire de ultim\u0103 or\u0103, v\u0103 aduc la cuno\u015ftin\u0163\u0103 c\u0103 Judec\u0103toria Piatra-Neam\u0163 s-a pronun\u0163at \u00eentr-un dosar pe spe\u0163a execut\u0103rilor silite \u00een cazul doctoratului, ac\u0163iuni ini\u0163iate de Sindicatul din \u00cenv\u0103\u0163\u0103m\u00e2nt Neam\u0163, resping\u00e2nd contesta\u0163ia unit\u0103\u0163ii \u015fcolare. Acest exemplu va fi folosit ca practic\u0103 judiciar\u0103 \u015fi \u00een celelalte dosare avute pe rol, iar \u00een momentul \u00een care aceste procese vor fi finalizate \u015fi vom putea trage o linie, constat\u00e2nd cuantumul cheltuielilor cu care a fost prejudiciat bugetul de stat, ne vom rezerva dreptul de a formula pl\u00e2ngeri penale \u00eempotriva persoanelor care se fac vinovate de aceast\u0103 situa\u0163ie.<\/p>\n\n\n\n<p><strong><em>A consemnat Gianina BURUIAN\u0102<\/em><\/strong><strong><em><\/em><\/strong><\/p>\n","protected":false},"excerpt":{"rendered":"<p>\u25cf Interviu cu dl Ionel Hociung \u2013 pre\u015fedinte al Sindicatului din \u00cenv\u0103\u0163\u0103m\u00e2nt Neam\u0163 \u2013 Domnule Ionel Hociung, cred c\u0103 sunte\u0163i de acord cu mine c\u0103 s-a \u00eencheiat vara cea mai fierbinte pentru lucr\u0103torii din \u00eenv\u0103\u0163\u0103m\u00e2nt, \u015fi c\u00e2nd spun aceasta m\u0103&hellip;<\/p>\n<p class=\"more-link-p\"><a class=\"more-link\" href=\"http:\/\/www.slineamt.ro\/apostolul\/viata-sindicala-imperative\/continua-planul-guvernului-de-ingenunchere-a-educatiei-din-romania\/\">Read more &rarr;<\/a><\/p>\n","protected":false},"author":1,"featured_media":0,"comment_status":"open","ping_status":"closed","sticky":false,"template":"","format":"standard","meta":{"footnotes":""},"categories":[11,496],"tags":[],"class_list":["post-27710","post","type-post","status-publish","format-standard","hentry","category-viata-sindicala-imperative","category-286-septembrie-2025"],"_links":{"self":[{"href":"http:\/\/www.slineamt.ro\/apostolul\/wp-json\/wp\/v2\/posts\/27710","targetHints":{"allow":["GET"]}}],"collection":[{"href":"http:\/\/www.slineamt.ro\/apostolul\/wp-json\/wp\/v2\/posts"}],"about":[{"href":"http:\/\/www.slineamt.ro\/apostolul\/wp-json\/wp\/v2\/types\/post"}],"author":[{"embeddable":true,"href":"http:\/\/www.slineamt.ro\/apostolul\/wp-json\/wp\/v2\/users\/1"}],"replies":[{"embeddable":true,"href":"http:\/\/www.slineamt.ro\/apostolul\/wp-json\/wp\/v2\/comments?post=27710"}],"version-history":[{"count":3,"href":"http:\/\/www.slineamt.ro\/apostolul\/wp-json\/wp\/v2\/posts\/27710\/revisions"}],"predecessor-version":[{"id":27728,"href":"http:\/\/www.slineamt.ro\/apostolul\/wp-json\/wp\/v2\/posts\/27710\/revisions\/27728"}],"wp:attachment":[{"href":"http:\/\/www.slineamt.ro\/apostolul\/wp-json\/wp\/v2\/media?parent=27710"}],"wp:term":[{"taxonomy":"category","embeddable":true,"href":"http:\/\/www.slineamt.ro\/apostolul\/wp-json\/wp\/v2\/categories?post=27710"},{"taxonomy":"post_tag","embeddable":true,"href":"http:\/\/www.slineamt.ro\/apostolul\/wp-json\/wp\/v2\/tags?post=27710"}],"curies":[{"name":"wp","href":"https:\/\/api.w.org\/{rel}","templated":true}]}}