{"id":27757,"date":"2025-10-21T14:12:29","date_gmt":"2025-10-21T14:12:29","guid":{"rendered":"https:\/\/www.slineamt.ro\/apostolul\/?p=27757"},"modified":"2025-10-21T14:12:29","modified_gmt":"2025-10-21T14:12:29","slug":"dinu-huminiuc-la-aniversare","status":"publish","type":"post","link":"http:\/\/www.slineamt.ro\/apostolul\/arte-si-meserii-plastica\/dinu-huminiuc-la-aniversare\/","title":{"rendered":"Dinu Huminiuc, la aniversare!"},"content":{"rendered":"<div class=\"wp-block-image\">\n<figure class=\"alignleft size-full is-resized\"><a href=\"http:\/\/www.slineamt.ro\/apostolul\/wp-content\/uploads\/2025\/10\/21-ap287-foto1.jpg\"><img loading=\"lazy\" decoding=\"async\" width=\"205\" height=\"302\" src=\"http:\/\/www.slineamt.ro\/apostolul\/wp-content\/uploads\/2025\/10\/21-ap287-foto1.jpg\" alt=\"\" class=\"wp-image-27758\" style=\"width:309px;height:auto\" srcset=\"http:\/\/www.slineamt.ro\/apostolul\/wp-content\/uploads\/2025\/10\/21-ap287-foto1.jpg 205w, http:\/\/www.slineamt.ro\/apostolul\/wp-content\/uploads\/2025\/10\/21-ap287-foto1-204x300.jpg 204w, http:\/\/www.slineamt.ro\/apostolul\/wp-content\/uploads\/2025\/10\/21-ap287-foto1-160x236.jpg 160w\" sizes=\"auto, (max-width: 205px) 100vw, 205px\" \/><\/a><\/figure>\n<\/div>\n\n\n<p>L-am cunoscut pe Dinu Huminiuc, pictorul, pe la \u00eenceputul anilor \u201980. Primul lucru pe care l-a f\u0103cut, cu gestul unui boier care tocmai \u00ee\u015fi lichida o avere care \u00eel \u00eempov\u0103ra, a fost acela de a-mi d\u0103rui o lucrare. Era \u201ereprezentat\u201d, \u00een lucrare, un snop cu spice de gr\u00e2u legat zdrav\u0103n cu tot felul de curmeie bine dirijate artistic pe trupul bietului m\u0103nunchi de spice. Lucrarea era de dimensiuni impresionante, vreo doi metri p\u0103tra\u0163i de sticl\u0103 ascundeau cartonul (made \u201eComuna din Paris\u201d!) pe care se dezl\u0103n\u0163uise inspira\u0163ia lui Dinu. \u015etiam c\u0103 e un protest, c\u0103 \u00een \u0163ara asta, \u00een lumea asta, \u00een via\u0163a asta p\u00e2n\u0103 \u015fi p\u00e2inea e legat\u0103, e crucificat\u0103, c\u0103 noi \u00een\u015fine ne crucific\u0103m pentru ea, c\u0103 de sub leg\u0103turile care exprimau neputin\u0163a numai ideea, numai imagina\u0163ia, numai speran\u0163a mai puteau pluti \u00eentr-o \u201ederiv\u0103 de libertate\u201d. C\u0103, filosofam noi pe atunci, drama nu e s\u0103 mori sub un pod din Paris, drama e s\u0103 nu ai posibilitatea s\u0103 ajungi acolo.<\/p>\n\n\n\n<p>Dar \u201egr\u00e2ul crucificat\u201d al lui Dinu s-a eliberat repede din leg\u0103turile str\u00e2nse brutal pe mistica lor \u00eenf\u0103\u0163i\u015fare, pentru c\u0103 ni\u015fte \u201edomni ho\u0163i\u201d mi-au spart garsoniera de domiciliu \u015fi au furat, \u00eentre altele, sticla de doi metri p\u0103tra\u0163i, numai bun\u0103 de acoperit un ochi de geam, sf\u00e2\u015f\u00eeind deloc delicat cartonul cu bietul meu snop prea str\u00e2ns legat \u015fi care a devenit, astfel, liber. De atunci (drag\u0103 Dinule), cred c\u0103 snopul s-a f\u0103cut lan, lanul s-a f\u0103cut B\u0103r\u0103gan, B\u0103r\u0103ganul s-a f\u0103cut Europ\u0103\u2026! \u015ei dac\u0103 prin sticla aceea ni\u015fte oameni au v\u0103zut, o vreme, soarele urc\u00e2nd sau sc\u0103z\u00e2nd, au v\u0103zut lumea izbindu-se de \u0163\u0103rmurile realit\u0103\u0163ii, ca marea la flux, \u00eenseamn\u0103 c\u0103 tot ce e \u00een jurul nostru e oper\u0103 de art\u0103, lucru asupra c\u0103ruia am convenit, de altfel, de at\u00e2tea ori.<\/p>\n\n\n<div class=\"wp-block-image\">\n<figure class=\"alignright size-full is-resized\"><a href=\"http:\/\/www.slineamt.ro\/apostolul\/wp-content\/uploads\/2025\/10\/21-ap287-foto2.jpg\"><img loading=\"lazy\" decoding=\"async\" width=\"234\" height=\"340\" src=\"http:\/\/www.slineamt.ro\/apostolul\/wp-content\/uploads\/2025\/10\/21-ap287-foto2.jpg\" alt=\"\" class=\"wp-image-27759\" style=\"width:297px;height:auto\" srcset=\"http:\/\/www.slineamt.ro\/apostolul\/wp-content\/uploads\/2025\/10\/21-ap287-foto2.jpg 234w, http:\/\/www.slineamt.ro\/apostolul\/wp-content\/uploads\/2025\/10\/21-ap287-foto2-206x300.jpg 206w, http:\/\/www.slineamt.ro\/apostolul\/wp-content\/uploads\/2025\/10\/21-ap287-foto2-160x232.jpg 160w\" sizes=\"auto, (max-width: 234px) 100vw, 234px\" \/><\/a><\/figure>\n<\/div>\n\n\n<p>Apoi, preocupat s\u0103 lege toate lucrurile de ob\u00e2r\u015fia lor, Dinu Huminiuc s-a apucat de legat p\u0103s\u0103rile de cer, s\u0103 le crucifice, s\u0103 le despart\u0103 de zborul lor, s\u0103 le urm\u0103reasc\u0103 zbuciumul \u00eendelung, ipostaz\u0103 cu ipostaz\u0103. Ce f\u0103cea Dinu cu zborul p\u0103s\u0103rilor pe care le crucifica? Cred c\u0103 punea la cale o evadare, zbor l\u00e2ng\u0103 zbor, nor l\u00e2ng\u0103 nor. Dar \u015fi pas\u0103rea, ca \u015fi omul \u00ee\u015fi rezum\u0103 aspira\u0163ia la aceea\u015fi moral\u0103: C\u00e2nd \u00eenva\u0163\u0103 s\u0103 zboare li se termin\u0103 cerul. Evident c\u0103 Dinu mi-a d\u0103ruit \u015fi mie o pas\u0103re crucificat\u0103, deposedat\u0103 de zbor, legat\u0103 \u015fi \u00eens\u00e2ngerat\u0103 pe o cruce care gemea sub povara moral\u0103 a ceea ce reprezenta. \u015ei ar putea s\u0103 par\u0103 o ciud\u0103\u0163enie s\u0103 spun c\u0103 dup\u0103 Revolu\u0163ie, \u00een ultima secund\u0103 a unui an, c\u00e2nd b\u0103tea ceasul eliber\u00e2nd timpul unui nou \u00eenceput, lucrarea s-a desprins de pe perete \u015fi a c\u0103zut zdrobindu-se, a\u015fchiile de sticl\u0103 intr\u00e2nd \u00een trupul fragil al p\u0103s\u0103rii care era, bine\u00een\u0163eles, neagr\u0103. Pas\u0103rea se eliberase, \u00ee\u015fi reg\u0103sise ritmul zborului interior.<\/p>\n\n\n\n<p>Se zice c\u0103 jum\u0103tate de via\u0163\u0103 o pierdem, o risipim, apoi \u00een cealalt\u0103 jum\u0103tate vrem s\u0103 recuper\u0103m ce am pierdut, s\u0103 \u00een\u0163elegem ce am risipit. Artistul mai mult dec\u00e2t \u201ecivilul\u201d, dec\u00e2t consumatorul de art\u0103 obi\u015fnuit, umbl\u0103 s\u0103 recupereze \u00een numele tuturor. Dinu Huminiuc e un asemenea c\u0103ut\u0103tor febril al unor lucruri pierdute de toat\u0103 lumea, dar numai de el resim\u0163ite ca pierdere. E vorba de noduri de lacrimi, de p\u0103s\u0103ri care au \u00eencurcat cerurile, de umbre care s-au \u00eempietrit \u00een a\u015fteptarea unor chipuri pe care s\u0103 le reprezinte, de fr\u00e2nturi de g\u00e2nduri care n-au mai apucat s\u0103 devin\u0103 cuv\u00e2nt, de buc\u0103\u0163i de pe\u015fte care n-au \u00eenotat niciodat\u0103 \u00een vreo mare \u015fi au murit, ne\u015ftiu\u0163i, \u00een ape mici, \u00een b\u0103l\u0163i f\u0103r\u0103 nume. C\u00e2nd nu g\u0103se\u015fti ceea ce cau\u0163i, te apuc\u0103 frica: lumea asta e prea mare! Dar c\u00e2nd g\u0103se\u015fti, \u00een sf\u00e2r\u015fit, ceea ce cau\u0163i, te apuc\u0103 disperarea: \u00eenseamn\u0103 c\u0103 lumea aceasta e, totu\u015fi, prea mic\u0103! C\u0103 dac\u0103 te izgone\u015fte cineva, unde te mai ascunzi? Dac\u0103 te apuc\u0103 ur\u00e2tul, unde s\u0103 mai fugi?<\/p>\n\n\n\n<p>\u00cen situa\u0163ia asta pare s\u0103 fie Dinu Huminiuc: a c\u0103ut\u0103torului care sper\u0103 s\u0103 descopere lucruri nemaiv\u0103zute, dar care ascunde iute ceea ce descoper\u0103 tocmai pentru a mai tr\u0103i o vreme cu speran\u0163a, pentru a nu sim\u0163i c\u0103 a ajuns la cap\u0103t de drum, de revela\u0163ie chiar. Iar \u00een locul vorbirii coerente, banalizat\u0103 prin repetare, Dinu Huminiuc propune dialogul prin hieroglife, o form\u0103 la care nu e de ajuns mintea, e nevoie \u015fi de inim\u0103. C\u0103 spunea cineva, aproximativ, c\u0103 fericirea omului e c\u0103 are dreptul la cuv\u00e2nt; drama \u00eencepe din momentul \u00een care chiar trebuie s\u0103 spun\u0103 ceva. \u015ei Dinu Huminiuc (doamnelor \u015fi domnilor!), spune al naibii de ap\u0103sat ceea ce spune.<\/p>\n\n\n\n<p><strong><em>Adrian Alui GHEORGHE<\/em><\/strong><\/p>\n","protected":false},"excerpt":{"rendered":"<p>L-am cunoscut pe Dinu Huminiuc, pictorul, pe la \u00eenceputul anilor \u201980. Primul lucru pe care l-a f\u0103cut, cu gestul unui boier care tocmai \u00ee\u015fi lichida o avere care \u00eel \u00eempov\u0103ra, a fost acela de a-mi d\u0103rui o lucrare. Era \u201ereprezentat\u201d,&hellip;<\/p>\n<p class=\"more-link-p\"><a class=\"more-link\" href=\"http:\/\/www.slineamt.ro\/apostolul\/arte-si-meserii-plastica\/dinu-huminiuc-la-aniversare\/\">Read more &rarr;<\/a><\/p>\n","protected":false},"author":1,"featured_media":0,"comment_status":"open","ping_status":"closed","sticky":false,"template":"","format":"standard","meta":{"footnotes":""},"categories":[196,497],"tags":[],"class_list":["post-27757","post","type-post","status-publish","format-standard","hentry","category-arte-si-meserii-plastica","category-287octombrie-2025"],"_links":{"self":[{"href":"http:\/\/www.slineamt.ro\/apostolul\/wp-json\/wp\/v2\/posts\/27757","targetHints":{"allow":["GET"]}}],"collection":[{"href":"http:\/\/www.slineamt.ro\/apostolul\/wp-json\/wp\/v2\/posts"}],"about":[{"href":"http:\/\/www.slineamt.ro\/apostolul\/wp-json\/wp\/v2\/types\/post"}],"author":[{"embeddable":true,"href":"http:\/\/www.slineamt.ro\/apostolul\/wp-json\/wp\/v2\/users\/1"}],"replies":[{"embeddable":true,"href":"http:\/\/www.slineamt.ro\/apostolul\/wp-json\/wp\/v2\/comments?post=27757"}],"version-history":[{"count":1,"href":"http:\/\/www.slineamt.ro\/apostolul\/wp-json\/wp\/v2\/posts\/27757\/revisions"}],"predecessor-version":[{"id":27760,"href":"http:\/\/www.slineamt.ro\/apostolul\/wp-json\/wp\/v2\/posts\/27757\/revisions\/27760"}],"wp:attachment":[{"href":"http:\/\/www.slineamt.ro\/apostolul\/wp-json\/wp\/v2\/media?parent=27757"}],"wp:term":[{"taxonomy":"category","embeddable":true,"href":"http:\/\/www.slineamt.ro\/apostolul\/wp-json\/wp\/v2\/categories?post=27757"},{"taxonomy":"post_tag","embeddable":true,"href":"http:\/\/www.slineamt.ro\/apostolul\/wp-json\/wp\/v2\/tags?post=27757"}],"curies":[{"name":"wp","href":"https:\/\/api.w.org\/{rel}","templated":true}]}}