{"id":27829,"date":"2025-10-21T15:23:33","date_gmt":"2025-10-21T15:23:33","guid":{"rendered":"https:\/\/www.slineamt.ro\/apostolul\/?p=27829"},"modified":"2025-10-21T15:23:33","modified_gmt":"2025-10-21T15:23:33","slug":"conferinta-lexis-sa-intelegem-dislexia-calatoreste-de-la-piatra-neamt-la-craiova","status":"publish","type":"post","link":"http:\/\/www.slineamt.ro\/apostolul\/scoala-nemteana-la-zi\/conferinta-lexis-sa-intelegem-dislexia-calatoreste-de-la-piatra-neamt-la-craiova\/","title":{"rendered":"\u201eConferin\u0163a LEXIS \u2013 S\u0103 \u00een\u0163elegem dislexia!\u201d c\u0103l\u0103tore\u015fte de la Piatra-Neam\u0163 la Craiova"},"content":{"rendered":"<div class=\"wp-block-image\">\n<figure class=\"alignleft size-full is-resized\"><a href=\"http:\/\/www.slineamt.ro\/apostolul\/wp-content\/uploads\/2025\/10\/04-ap287-foto1.jpg\"><img loading=\"lazy\" decoding=\"async\" width=\"416\" height=\"267\" src=\"http:\/\/www.slineamt.ro\/apostolul\/wp-content\/uploads\/2025\/10\/04-ap287-foto1.jpg\" alt=\"\" class=\"wp-image-27830\" style=\"width:491px;height:auto\" srcset=\"http:\/\/www.slineamt.ro\/apostolul\/wp-content\/uploads\/2025\/10\/04-ap287-foto1.jpg 416w, http:\/\/www.slineamt.ro\/apostolul\/wp-content\/uploads\/2025\/10\/04-ap287-foto1-300x193.jpg 300w, http:\/\/www.slineamt.ro\/apostolul\/wp-content\/uploads\/2025\/10\/04-ap287-foto1-260x167.jpg 260w, http:\/\/www.slineamt.ro\/apostolul\/wp-content\/uploads\/2025\/10\/04-ap287-foto1-160x103.jpg 160w\" sizes=\"auto, (max-width: 416px) 100vw, 416px\" \/><\/a><\/figure>\n<\/div>\n\n\n<p>Pe 8 octombrie 2025, la Craiova, <strong>Asocia\u0163ia pentru Copii Dislexici Craiova<\/strong> \u00eempreuna cu <strong>Asocia\u0163ia MIRIAS Educational<\/strong> au demarat activit\u0103\u0163ile edi\u0163iei a II-a a proiectului <em>DISLEXIA \u2013 EDUCA\u0162IE F\u0102R\u0102 BARIERE<\/em>, \u00een cadrul c\u0103ruia s-a desf\u0103\u015furat <em>Conferin\u0163a LEXIS<\/em>, un eveniment dedicat \u00een\u0163elegerii \u015fi sprijinirii copiilor cu <em>Tulbur\u0103ri Specifice de \u00cenv\u0103\u0163are (TSI)<\/em>, cu accent pe dislexie. Evenimentul a avut loc \u00een data de 8 octombrie 2025, la Hotel Ramada, Craiova, \u015fi a reunit exper\u0163i na\u0163ionali \u00een educa\u0163ie, psihologie \u015fi interven\u0163ie terapeutic\u0103.<\/p>\n\n\n\n<p>Proiectul \u00ee\u015fi propune s\u0103 aduc\u0103 informa\u0163ia c\u00e2t mai aproape de cei care au nevoie de ea \u2013 profesori, p\u0103rin\u0163i \u015fi speciali\u015fti\u2013 prin conferin\u0163e, ateliere, sesiuni de comunic\u0103ri \u015fi activit\u0103\u0163i practice cu copii \u015fi p\u0103rin\u0163ii \u015fi a fost ini\u0163iat la Piatra-Neam\u0163 anul trecut \u015fcolar, de <strong>Asocia\u0163ia MIRIAS Educational<\/strong>. Gra\u0163ie parteneriatelor bine construite, \u201eDislexia \u2013 Educa\u0163ie f\u0103r\u0103 bariere\u201d devine mai mult dec\u00e2t un proiect \u2013 fiind un pilon al schimb\u0103rii de mentalitate privind problematica TSI.<\/p>\n\n\n\n<p>Printre partenerii acestui proiect sunt: <strong>Asocia\u0163iile pentru Copii Dislexici, T\u00e2rgu Mure\u015f \u015fi Bucure\u015fti; Inspectoratele \u015ecolare Neam\u0163 <\/strong>\u015fi<strong> Dolj; Centrele Jude\u0163ene de Resurse \u015fi Asisten\u0163\u0103 Educa\u0163ional\u0103 Neam\u0163, Dolj, Olt; \u015ecoala Gimnazial\u0103 Nr. 3 \u015fi Colegiul Tehnologic \u201eSpiru Haret\u201d din Piatra-Neam\u0163; \u015ecoala Rom\u00e2no- Britanic\u0103, Craiova<\/strong> \u015fi alte institu\u0163ii \u015fcolare.<\/p>\n\n\n\n<p><strong>O conferin\u0163\u0103-eveniment cu peste 400 de participan\u0163i.<\/strong> Conferin\u0163a de la Craiova s-a bucurat de o participare impresionant\u0103 \u2013 peste 400 de cadre didactice din \u015fcolile locale, dar \u015fi din alte jude\u0163e, au venit s\u0103 afle nu doar ce \u00eenseamn\u0103 dislexia \u015fi celelalte tulbur\u0103ri specifice de \u00eenv\u0103\u0163are, ci \u015fi solu\u0163ii concrete pentru sprijinul copiilor \u00een sala de clas\u0103, \u00eentruc\u00e2t organizatorii \u015fi-au propus ca aceast\u0103 activitate s\u0103 devin\u0103 o resurs\u0103 important\u0103 de <strong>informare \u015fi con\u015ftientizare, un schimb de experien\u0163\u0103<\/strong>, adres\u00e2ndu-se \u00een principal cadrelor didactice, speciali\u015ftilor \u00een educa\u0163ie, psihologilor, logopezilor, formatorilor, dar \u015fi factorilor de decizie din domeniul \u00eenv\u0103\u0163\u0103m\u00e2ntului.<\/p>\n\n\n\n<p>Evenimentul a fost deschis prin mesajul doamnei <strong>Rosie Bisset<\/strong>, pre\u015fedinta <strong>European Dyslexia Association (EDA)<\/strong> \u2013 cea mai important\u0103 organiza\u0163ie european\u0103 dedicat\u0103 dislexiei, din care face parte \u015fi <strong>Asocia\u0163ia Bucure\u015fti pentru Copii Dislexici<\/strong>.<\/p>\n\n\n\n<p><strong>Obiectivele principale ale conferin\u0163ei:<\/strong> Popularizarea existen\u0163ei \u015fi \u00een\u0163elegerii fenomenului TSI \u00een jude\u0163ul Dolj; Promovarea metodelor adecvate de evaluare \u015fi interven\u0163ie; Prezentarea exemplelor de bun\u0103 practic\u0103 adaptate copiilor din ciclul pre\u015fcolar \u015fi primar; Cre\u015fterea gradului de con\u015ftientizare privind drepturile \u015fi nevoile copiilor dislexici.<\/p>\n\n\n\n<p>Evenimentul face parte din proiectul LEXIS, fiind o activitate de follow-up a acestuia \u015fi continu\u0103 demersurile de sensibilizare \u015fi educare a partenerilor educa\u0163ionali \u2013 cadre didactice, p\u0103rin\u0163i \u015fi speciali\u015fti \u2013 \u00een sprijinul incluziunii copiilor cu dificult\u0103\u0163i de \u00eenv\u0103\u0163are.<\/p>\n\n\n\n<p><strong>Despre proiectul LEXIS:<\/strong> Proiectul Erasmus+ LEXIS are ca scop <strong>cre\u015fterea gradului de informare \u015fi sprijin pentru copiii cu dislexie<\/strong>, oferind instrumente concrete cadrelor didactice \u015fi familiilor pentru a valorifica poten\u0163ialul individual al fiec\u0103rui copil. Ini\u0163iativa \u00eencurajeaz\u0103 dezvoltarea stimei de sine, a abilit\u0103\u0163ilor de comunicare \u015fi a rela\u0163iilor s\u0103n\u0103toase cu mediul \u015fcolar \u015fi social.<\/p>\n\n\n\n<p>&nbsp;<strong>Printre invita\u0163ii speciali s-au num\u0103rat: Angela Ioan<\/strong>, pre\u015fedinte <strong>ABCD<\/strong> (Asocia\u0163ia Bucure\u015fti Pentru Copii Dislexici), care a vorbit din perspectiva p\u0103rin\u0163ilor, subliniind nevoia unei \u00een\u0163elegeri empatice \u015fi informate; <strong>Ioana Miu<\/strong>, absolvent\u0103 de master Applied Sciences \u00een Olanda, \u015fi <strong>Fabian Tatomirescu<\/strong>, antreprenor rom\u00e2n de succes, care au \u00eemp\u0103rt\u0103\u015fit experien\u0163ele lor ca adul\u0163i dislexici \u2013 pove\u015fti de curaj, perseveren\u0163\u0103 \u015fi reu\u015fit\u0103 care au emo\u0163ionat \u00eentreaga sal\u0103. Iar <strong>Lorana Gavril<\/strong>, psiholog clinician, specialist \u00een terapia copiilor dislexici, <strong>Adrian Ro\u015fan<\/strong>, prof. univ. dr. \u2013 Universitatea Babe\u015f-Bolyai, Cluj-Napoca \u015fi <strong>Ramona-Mihaela Ro\u015fu<\/strong>, profesor, pre\u015fedinte <strong>Asocia\u0163ia MIRIAS Educational<\/strong>, membru \u00een echipele proiectulor <em>LEXIS<\/em> \u015fi <em>MAGIC SENS<\/em>, au oferit perspective academice \u015fi psihopedagogice asupra dislexiei \u015fi a incluziunii educa\u0163ionale.<\/p>\n\n\n\n<p>Conferin\u0163a a inclus \u015fi o sesiune interactiv\u0103 de \u00eentreb\u0103ri \u015fi r\u0103spunsuri cu invita\u0163ii.<\/p>\n\n\n\n<p><strong>Eveniment conex: \u201eHarta lui Elian\u201d \u2013 teatru educa\u0163ional despre dislexie.<\/strong> \u00cen data de <strong>9 octombrie 2025<\/strong>, la <strong>Teatrul Na\u0163ional \u201eMarin Sorescu\u201d \u2013 Sala Studio<\/strong>, publicul a fost invitat s\u0103 vizioneze piesa <strong>\u201eHarta lui Elian\u201d<\/strong>, primul text dramatic din Rom\u00e2nia scris \u015fi jucat pe tema dislexiei, spectacolul aduc\u00e2nd \u00een prim-plan provoc\u0103rile \u015fi tr\u0103irile unui copil dislexic, \u00eentr-un mod artistic, sensibil \u015fi educativ. \u00cen acest spa\u0163iu cald \u015fi primitor, actorii <strong>Teatrului Gong din Bucure\u015fti<\/strong> au oferit o performan\u0163\u0103 de excep\u0163ie, emo\u0163ion\u00e2nd publicul p\u00e2n\u0103 la lacrimi. Evenimentul s-a adresat at\u00e2t speciali\u015ftilor din educa\u0163ie, c\u00e2t \u015fi elevilor de gimnaziu \u015fi p\u0103rin\u0163ilor, fiind o ocazie de a \u00een\u0163elege dislexia dintr-o perspectiv\u0103 emo\u0163ional\u0103 \u015fi empatic\u0103. Dup\u0103 spectacol, discu\u0163iile cu publicul au demonstrat puterea teatrului de a adresa problemele reale ale societ\u0103\u0163ii prin emo\u0163ie, reflec\u0163ie \u015fi dialog.<\/p>\n\n\n\n<p>&nbsp;<strong>Concluzii \u015fi perspective:<\/strong> Evenimentele de la Craiova au scos \u00een eviden\u0163\u0103 o nevoie urgent\u0103: actualizarea \u015fi aplicarea eficient\u0103 a legisla\u0163iei (Legea nr. 6\/2016 \u015fi metodologia OMEN 3124\/2017), astfel \u00eenc\u00e2t cadrele didactice, p\u0103rin\u0163ii \u015fi comunitatea educa\u0163ional\u0103 s\u0103 \u00een\u0163eleag\u0103 corect ce \u00eenseamn\u0103 tulbur\u0103rile specifice de \u00eenv\u0103\u0163are, care sunt manifest\u0103rile \u015fi barierele reale, dar \u015fi solu\u0163iile de adaptare care pot face diferen\u0163a.<\/p>\n\n\n\n<p><strong><em>Prof. Ramona-Mihaela RO\u015eU<\/em><\/strong><\/p>\n","protected":false},"excerpt":{"rendered":"<p>Pe 8 octombrie 2025, la Craiova, Asocia\u0163ia pentru Copii Dislexici Craiova \u00eempreuna cu Asocia\u0163ia MIRIAS Educational au demarat activit\u0103\u0163ile edi\u0163iei a II-a a proiectului DISLEXIA \u2013 EDUCA\u0162IE F\u0102R\u0102 BARIERE, \u00een cadrul c\u0103ruia s-a desf\u0103\u015furat Conferin\u0163a LEXIS, un eveniment dedicat \u00een\u0163elegerii&hellip;<\/p>\n<p class=\"more-link-p\"><a class=\"more-link\" href=\"http:\/\/www.slineamt.ro\/apostolul\/scoala-nemteana-la-zi\/conferinta-lexis-sa-intelegem-dislexia-calatoreste-de-la-piatra-neamt-la-craiova\/\">Read more &rarr;<\/a><\/p>\n","protected":false},"author":1,"featured_media":0,"comment_status":"open","ping_status":"closed","sticky":false,"template":"","format":"standard","meta":{"footnotes":""},"categories":[10,497],"tags":[],"class_list":["post-27829","post","type-post","status-publish","format-standard","hentry","category-scoala-nemteana-la-zi","category-287octombrie-2025"],"_links":{"self":[{"href":"http:\/\/www.slineamt.ro\/apostolul\/wp-json\/wp\/v2\/posts\/27829","targetHints":{"allow":["GET"]}}],"collection":[{"href":"http:\/\/www.slineamt.ro\/apostolul\/wp-json\/wp\/v2\/posts"}],"about":[{"href":"http:\/\/www.slineamt.ro\/apostolul\/wp-json\/wp\/v2\/types\/post"}],"author":[{"embeddable":true,"href":"http:\/\/www.slineamt.ro\/apostolul\/wp-json\/wp\/v2\/users\/1"}],"replies":[{"embeddable":true,"href":"http:\/\/www.slineamt.ro\/apostolul\/wp-json\/wp\/v2\/comments?post=27829"}],"version-history":[{"count":1,"href":"http:\/\/www.slineamt.ro\/apostolul\/wp-json\/wp\/v2\/posts\/27829\/revisions"}],"predecessor-version":[{"id":27831,"href":"http:\/\/www.slineamt.ro\/apostolul\/wp-json\/wp\/v2\/posts\/27829\/revisions\/27831"}],"wp:attachment":[{"href":"http:\/\/www.slineamt.ro\/apostolul\/wp-json\/wp\/v2\/media?parent=27829"}],"wp:term":[{"taxonomy":"category","embeddable":true,"href":"http:\/\/www.slineamt.ro\/apostolul\/wp-json\/wp\/v2\/categories?post=27829"},{"taxonomy":"post_tag","embeddable":true,"href":"http:\/\/www.slineamt.ro\/apostolul\/wp-json\/wp\/v2\/tags?post=27829"}],"curies":[{"name":"wp","href":"https:\/\/api.w.org\/{rel}","templated":true}]}}