{"id":27846,"date":"2025-10-21T15:48:54","date_gmt":"2025-10-21T15:48:54","guid":{"rendered":"https:\/\/www.slineamt.ro\/apostolul\/?p=27846"},"modified":"2025-10-21T15:48:54","modified_gmt":"2025-10-21T15:48:54","slug":"batjocura-la-adresa-invatamantului-continua-interviu-cu-dl-ionel-hociung-presedinte-al-sindicatului-din-invatamant-neamt","status":"publish","type":"post","link":"http:\/\/www.slineamt.ro\/apostolul\/viata-sindicala-imperative\/batjocura-la-adresa-invatamantului-continua-interviu-cu-dl-ionel-hociung-presedinte-al-sindicatului-din-invatamant-neamt\/","title":{"rendered":"Batjocura la adresa \u00eenv\u0103\u0163\u0103m\u00e2ntului continu\u0103! &#8211; Interviu cu dl Ionel Hociung \u2013 pre\u015fedinte al Sindicatului din \u00cenv\u0103\u0163\u0103m\u00e2nt Neam\u0163"},"content":{"rendered":"<div class=\"wp-block-image\">\n<figure class=\"alignleft size-full is-resized\"><a href=\"http:\/\/www.slineamt.ro\/apostolul\/wp-content\/uploads\/2025\/10\/01-ap287-foto1.jpg\"><img loading=\"lazy\" decoding=\"async\" width=\"267\" height=\"378\" src=\"http:\/\/www.slineamt.ro\/apostolul\/wp-content\/uploads\/2025\/10\/01-ap287-foto1.jpg\" alt=\"\" class=\"wp-image-27847\" style=\"width:374px;height:auto\" srcset=\"http:\/\/www.slineamt.ro\/apostolul\/wp-content\/uploads\/2025\/10\/01-ap287-foto1.jpg 267w, http:\/\/www.slineamt.ro\/apostolul\/wp-content\/uploads\/2025\/10\/01-ap287-foto1-212x300.jpg 212w, http:\/\/www.slineamt.ro\/apostolul\/wp-content\/uploads\/2025\/10\/01-ap287-foto1-260x368.jpg 260w, http:\/\/www.slineamt.ro\/apostolul\/wp-content\/uploads\/2025\/10\/01-ap287-foto1-160x227.jpg 160w\" sizes=\"auto, (max-width: 267px) 100vw, 267px\" \/><\/a><\/figure>\n<\/div>\n\n\n<p><em>\u2013 Domnule Ionel Hociung, abia ce g\u00e2ndeam c\u0103 Guvernul a epuizat \u015firul m\u0103surilor prin care a \u00eengenuncheat \u00eenv\u0103\u0163\u0103m\u00e2ntul rom\u00e2nesc, c\u0103 iat\u0103 ne surprinde din nou cu alte dispozi\u0163ii nefavorabile pentru dasc\u0103li. Despre ce este vorba?<\/em><\/p>\n\n\n\n<p>\u2013 Cu siguran\u0163\u0103 tr\u0103im cele mai negre vremuri din existen\u0163a \u00eenv\u0103\u0163\u0103m\u00e2ntului preuniversitar rom\u00e2nesc. Dup\u0103 aplicarea \u201ecu succes\u201d a tuturor m\u0103surilor dispuse de Legea 141\/ 2025 prin care sistemul educa\u0163ional a fost bulversat \u00een totalitate f\u0103r\u0103 a avea vreun strop de eficien\u0163\u0103 \u00een activitatea didactic\u0103 sau financiar\u0103, acum guvernul mai aplic\u0103 dou\u0103 lovituri oamenilor care slujesc \u015fcoala rom\u00e2neasc\u0103.<\/p>\n\n\n\n<p>Astfel, prima lovitur\u0103 o constituie adoptarea OUG 52\/ 2025, prin care Guvernul am\u00e2n\u0103 plata drepturilor salariale c\u00e2\u015ftigate \u00een instan\u0163\u0103, aferente anului 2025, p\u00e2n\u0103 \u00een anul 2026, \u00een condi\u0163iile \u00een care sumele necesare erau deja alocate \u015fi se aflau \u00een conturile inspectoratului \u015fcolar.<\/p>\n\n\n\n<p><em>\u2013 Nu cumva intr\u0103m \u00een sfera faptelor discriminatorii, ceea ce \u00eenseamn\u0103 c\u0103 deja se trece dincolo de limita unor m\u0103suri de austeritate aplicate unui domeniu de activitate \u015fi se avanseaz\u0103 spre ciun\u0163irea vie\u0163ii democratice \u00een \u0163ara noastr\u0103?<\/em><\/p>\n\n\n\n<p>\u2013 Nivelul discrimin\u0103rii este f\u0103r\u0103 precedent, dac\u0103 avem \u00een vedere faptul c\u0103 o parte din colegi au beneficiat de aceste sume \u00een prim\u0103vara anului 2025, prin aplicarea prevederilor OUG 48\/ 2022. Luarea acestei m\u0103suri nu reprezint\u0103 doar o&nbsp; sfidare a personalului didactic, ci \u015fi un atac la principiile democra\u0163iei firave din Rom\u00e2nia.<\/p>\n\n\n\n<p>Este aproape ireal ca \u00eentr-o \u0163ar\u0103 european\u0103 a anului 2025 s\u0103 se \u00eent\u00e2mple a\u015fa ceva. Practic, institu\u0163ia Justi\u0163iei este bagatelizat\u0103, semnalul fiind clar: Justi\u0163ia poate fi ignorat\u0103.<\/p>\n\n\n\n<p>Al\u0103turi de deficitul bugetar care se accentueaz\u0103 pe zi ce trece \u00een pofida m\u0103surilor extreme, se accentueaz\u0103 \u015fi deficitul de democra\u0163ie, nivel la care nu credeam c\u0103 vom ajunge dup\u0103 numai 35 de ani de la evenimentele din 1989.<\/p>\n\n\n<div class=\"wp-block-image\">\n<figure class=\"alignright size-full is-resized\"><a href=\"http:\/\/www.slineamt.ro\/apostolul\/wp-content\/uploads\/2025\/10\/01-ap287-foto2.jpg\"><img loading=\"lazy\" decoding=\"async\" width=\"454\" height=\"244\" src=\"http:\/\/www.slineamt.ro\/apostolul\/wp-content\/uploads\/2025\/10\/01-ap287-foto2.jpg\" alt=\"\" class=\"wp-image-27848\" style=\"width:588px;height:auto\" srcset=\"http:\/\/www.slineamt.ro\/apostolul\/wp-content\/uploads\/2025\/10\/01-ap287-foto2.jpg 454w, http:\/\/www.slineamt.ro\/apostolul\/wp-content\/uploads\/2025\/10\/01-ap287-foto2-300x161.jpg 300w, http:\/\/www.slineamt.ro\/apostolul\/wp-content\/uploads\/2025\/10\/01-ap287-foto2-260x140.jpg 260w, http:\/\/www.slineamt.ro\/apostolul\/wp-content\/uploads\/2025\/10\/01-ap287-foto2-160x86.jpg 160w\" sizes=\"auto, (max-width: 454px) 100vw, 454px\" \/><\/a><\/figure>\n<\/div>\n\n\n<p>Ca s\u0103 sus\u0163in afirma\u0163ia de mai sus, v\u0103 informez c\u0103, a\u015fa cum previzionam \u00een interviurile anterioare, vor surveni \u015fi diminu\u0103ri salariale.<\/p>\n\n\n\n<p><em>\u2013 Deja am observat cu stupoare aceste diminu\u0103ri salariale pe flutura\u015ful lunii septembrie \u015fi v\u0103 rug\u0103m s\u0103 ne explica\u0163i mecanismul prin care s-a ajuns la ele.<\/em><\/p>\n\n\n\n<p>\u2013 Suntem \u00een aceast\u0103 situa\u0163ie prin complicitatea MEC \u015fi a Cur\u0163ii de Conturi a Rom\u00e2niei, care a efectuat un control la minister asupra modalit\u0103\u0163ii de calcul a salariilor. \u015ei cum se putea altfel dec\u00e2t s\u0103 se constate c\u0103 salariile UNOR cadre didactice sunt calculate gre\u015fit. Aceast\u0103 \u201edescoperire\u201d se reflect\u0103 \u00een buzunarele oamenilor \u00eencep\u00e2nd cu salarizarea aferent\u0103 lunii septembrie, \u201eprin grija\u201d programului EduSal, care modific\u0103 algoritmul de calcul al salariilor.<\/p>\n\n\n\n<p>Dac\u0103 p\u00e2n\u0103 acum salariul de baz\u0103 la care se raporta sporul de suprasolicitare neuropsihic\u0103 \u00eel reprezenta salariul din gril\u0103 la care se ad\u0103ugau, dup\u0103 caz, major\u0103rile pentru dirigen\u0163ie, grada\u0163ie de merit, \u00eenv\u0103\u0163\u0103m\u00e2nt special \u015fi predare simultan\u0103, \u00eencep\u00e2nd cu luna septembrie 2025, salariul de baz\u0103 este echivalentul celui de gril\u0103, f\u0103r\u0103 a mai fi ad\u0103ugate cele patru elemente componente despre care am vorbit.<\/p>\n\n\n\n<p>\u00cen aceste condi\u0163ii, veniturile salariale ale unor cadre didactice sunt afectate cu sume \u00eentre 50 \u015fi 300 lei lunar.<\/p>\n\n\n\n<p><em>\u2013 Intervine logic o \u00eentrebare despre existen\u0163a unui cadru legal care permite aceste diminu\u0103ri&#8230;<\/em><\/p>\n\n\n\n<p>\u2013 Nu va mira pe nimeni cred, dac\u0103 v\u0103 voi r\u0103spunde c\u0103 nu exist\u0103 nici un cadru legal. Se pare c\u0103 ar fi un raport al Cur\u0163ii de Conturi, care nu este public \u015fi care nu va fi niciodat\u0103 contestat de Ministerul Educa\u0163iei \u015fi Cercet\u0103rii. Situa\u0163ia se potrive\u015fte m\u0103nu\u015f\u0103 Guvernului Rom\u00e2niei.<\/p>\n\n\n\n<p><em>\u2013 Cum ve\u0163i r\u0103spunde acestor provoc\u0103ri care \u00eemping batjocura la adresa \u00eenv\u0103\u0163\u0103m\u00e2ntului p\u00e2n\u0103 unde nici nu ne-am fi putut \u00eenchipui vreodat\u0103?<\/em><\/p>\n\n\n\n<p>\u2013 \u00cen primul r\u00e2nd v\u0103 spun c\u0103 am trimis un memoriu la MEC, \u00een care ar\u0103tam c\u0103 m\u0103sura este ilegal\u0103 \u015fi abuziv\u0103, solicit\u00e2nd revenirea la situa\u0163ia anterioar\u0103, deoarece lipse\u015fte cadru legal.<\/p>\n\n\n\n<p>\u00cen plan local, am aten\u0163ionat membrii de sindicat s\u0103 nu semneze de luare la cuno\u015ftin\u0163\u0103 a niciunui act emis de unit\u0103\u0163ile \u015fcolare privind aceast\u0103 diminuare, \u015fi ne g\u00e2ndim la o ac\u0163iune \u00een justi\u0163ie, prin care s\u0103 ne rec\u00e2\u015ftig\u0103m sumele furate de \u201egulerele albe\u201d.<\/p>\n\n\n\n<p><em>\u2013 N-a\u015f dori s\u0103 \u00eencheiem interviul, f\u0103r\u0103 a comenta pu\u0163in frumoasa \u00eent\u00e2mplare organizat\u0103 de sindicat pe data de 4 octombrie, \u00een avanpremiera \u201eZilei educa\u0163iei\u201d<\/em>.<\/p>\n\n\n\n<p>\u2013 \u00cen ciuda tuturor loviturilor primite, ne-am mobilizat \u015fi am reu\u015fit s\u0103 organiz\u0103m \u015fi s\u0103 desf\u0103\u015fur\u0103m \u00een data de 4 octombrie 2025, a patra edi\u0163ie a evenimentului prin care s\u0103rb\u0103torim colegii care \u015fi-au \u00eencheiat activitatea. S\u0103rb\u0103toarea, la care au participat \u00een jur de 60 de colegi, personal didactic, didactic-auxiliar \u015fi nedidactic, a fost una de suflet, cu o \u00eenc\u0103rc\u0103tur\u0103 emo\u0163ional\u0103 ridicat\u0103 \u015fi s-a desf\u0103\u015furat \u00een sala de conferin\u0163e a Grand Hotel Ceahl\u0103u din Piatra-Neam\u0163.<\/p>\n\n\n\n<p>Pe aceast\u0103 cale vreau s\u0103 aduc mul\u0163umiri doamnei Narcisa Dun\u0103re \u015fi \u00eentregului staff al Grand Hotel Ceahl\u0103u pentru g\u0103zduire \u015fi profesionalism, \u015fi doamnei Magda Lupu de la flor\u0103ria <em>Eden \u2013 Boutique-ul cu Flori<\/em> din Piatra-Neam\u0163, pentru superbele buchete care au fost oferite participan\u0163ilor.<\/p>\n\n\n\n<p><strong><em>A consemnat Gianina BURUIAN\u0102<\/em><\/strong><\/p>\n","protected":false},"excerpt":{"rendered":"<p>\u2013 Domnule Ionel Hociung, abia ce g\u00e2ndeam c\u0103 Guvernul a epuizat \u015firul m\u0103surilor prin care a \u00eengenuncheat \u00eenv\u0103\u0163\u0103m\u00e2ntul rom\u00e2nesc, c\u0103 iat\u0103 ne surprinde din nou cu alte dispozi\u0163ii nefavorabile pentru dasc\u0103li. Despre ce este vorba? \u2013 Cu siguran\u0163\u0103 tr\u0103im cele&hellip;<\/p>\n<p class=\"more-link-p\"><a class=\"more-link\" href=\"http:\/\/www.slineamt.ro\/apostolul\/viata-sindicala-imperative\/batjocura-la-adresa-invatamantului-continua-interviu-cu-dl-ionel-hociung-presedinte-al-sindicatului-din-invatamant-neamt\/\">Read more &rarr;<\/a><\/p>\n","protected":false},"author":1,"featured_media":0,"comment_status":"open","ping_status":"closed","sticky":false,"template":"","format":"standard","meta":{"footnotes":""},"categories":[11,497],"tags":[],"class_list":["post-27846","post","type-post","status-publish","format-standard","hentry","category-viata-sindicala-imperative","category-287octombrie-2025"],"_links":{"self":[{"href":"http:\/\/www.slineamt.ro\/apostolul\/wp-json\/wp\/v2\/posts\/27846","targetHints":{"allow":["GET"]}}],"collection":[{"href":"http:\/\/www.slineamt.ro\/apostolul\/wp-json\/wp\/v2\/posts"}],"about":[{"href":"http:\/\/www.slineamt.ro\/apostolul\/wp-json\/wp\/v2\/types\/post"}],"author":[{"embeddable":true,"href":"http:\/\/www.slineamt.ro\/apostolul\/wp-json\/wp\/v2\/users\/1"}],"replies":[{"embeddable":true,"href":"http:\/\/www.slineamt.ro\/apostolul\/wp-json\/wp\/v2\/comments?post=27846"}],"version-history":[{"count":1,"href":"http:\/\/www.slineamt.ro\/apostolul\/wp-json\/wp\/v2\/posts\/27846\/revisions"}],"predecessor-version":[{"id":27849,"href":"http:\/\/www.slineamt.ro\/apostolul\/wp-json\/wp\/v2\/posts\/27846\/revisions\/27849"}],"wp:attachment":[{"href":"http:\/\/www.slineamt.ro\/apostolul\/wp-json\/wp\/v2\/media?parent=27846"}],"wp:term":[{"taxonomy":"category","embeddable":true,"href":"http:\/\/www.slineamt.ro\/apostolul\/wp-json\/wp\/v2\/categories?post=27846"},{"taxonomy":"post_tag","embeddable":true,"href":"http:\/\/www.slineamt.ro\/apostolul\/wp-json\/wp\/v2\/tags?post=27846"}],"curies":[{"name":"wp","href":"https:\/\/api.w.org\/{rel}","templated":true}]}}