{"id":27909,"date":"2025-11-21T13:23:41","date_gmt":"2025-11-21T13:23:41","guid":{"rendered":"https:\/\/www.slineamt.ro\/apostolul\/?p=27909"},"modified":"2025-11-21T13:46:17","modified_gmt":"2025-11-21T13:46:17","slug":"bienala-nationala-de-arta-plastica-lascar-vorel-editia-a-xix-a-27-octombrie-2025-11-ianuarie-2026","status":"publish","type":"post","link":"http:\/\/www.slineamt.ro\/apostolul\/arte-si-meserii-plastica\/bienala-nationala-de-arta-plastica-lascar-vorel-editia-a-xix-a-27-octombrie-2025-11-ianuarie-2026\/","title":{"rendered":"Bienala Na\u0163ional\u0103 de Art\u0103 Plastic\u0103 \u201eLasc\u0103r Vorel\u201d, edi\u0163ia a XIX-a (27 octombrie 2025 \u2013 11 ianuarie 2026)"},"content":{"rendered":"<div class=\"wp-block-image\">\n<figure class=\"alignleft size-full is-resized\"><a href=\"http:\/\/www.slineamt.ro\/apostolul\/wp-content\/uploads\/2025\/11\/23-ap288-foto1.jpg\"><img loading=\"lazy\" decoding=\"async\" width=\"155\" height=\"227\" src=\"http:\/\/www.slineamt.ro\/apostolul\/wp-content\/uploads\/2025\/11\/23-ap288-foto1.jpg\" alt=\"\" class=\"wp-image-27910\" style=\"width:326px;height:auto\"\/><\/a><\/figure>\n<\/div>\n\n\n<p>Complexul Muzeal Na\u0163ional Neam\u0163 organizeaz\u0103 cea de-a XIX-a edi\u0163ie a BIENALEI NA\u0162IONALE DE ART\u0102 PLASTIC\u0102 \u201eLASC\u0102R VOREL\u201d PIATRA-NEAM\u0162 \u00een perioada <strong>25 octombrie 2025 &#8211; 11 ianuarie 2026<\/strong>.<\/p>\n\n\n\n<p>\u00censcrierile \u00een concurs s-au desf\u0103\u015furat exclusive online, \u00een perioada <strong>15 august &#8211; 22 septembrie 2025<\/strong>. Rezultatele selec\u0163iei juriului au fost anun\u0163ate pe <strong>29 septembrie 2025<\/strong> iar pe <strong>27 octombrie<\/strong> a avut loc vernisajul expozi\u0163iei \u015fi festivitatea de premiere a arti\u015ftilor c\u00e2\u015ftig\u0103tori.<\/p>\n\n\n\n<p>Aflat la a-XIX-a edi\u0163ie, evenimentul revine cu noi experien\u0163e artistice, \u015fi aduce pe simezele Muzeului de Art\u0103 Piatra-Neam\u0163, peste 90 de lucr\u0103ri, realizate de arti\u015fti din \u0163ar\u0103, cu abord\u0103ri tehnice diferite \u015fi multiple interpret\u0103ri de factur\u0103 experimental\u0103. Spre deosebire de edi\u0163iile anterioare, anul acesta \u00een cadrul Bienalei de Art\u0103 Lasc\u0103r Vorel, au expus \u015fi <em>arti\u015fti invita\u0163i<\/em> \u00een afara competi\u0163iei (Sebastian Iacob, Mircea Modreanu, Bogdan Mihai Radu, Adriana Lucaciu, Vic\u0103 Til\u0103 Adorian, Felix Cionte, Ioana Cionte, Alex Baciu, Ioan Burlacu).<\/p>\n\n\n\n<p>Expozi\u0163ia r\u0103m\u00e2ne deschis\u0103 publicului p\u00e2n\u0103 pe 11 ianuarie 2026, fiecare vizitator put\u00e2nd alege \u015fi vota un favorit, la finalul expozi\u0163iei, organizatorii acord\u00e2nd <strong>Premiul Publicului<\/strong>, celui mai apreciat artist.<\/p>\n\n\n\n<p><strong>Pre\u015fedintele juriului: Petru Lucaci<\/strong>, prof. univ. dr. \u00een cadrul Univ. Na\u0163ionale de Art\u0103 Bucure\u015fti, Pre\u015fedintele Uniunii Arti\u015ftilor Plastici din Rom\u00e2nia \u015fi Director al Revistei <em>Arta<\/em>. <strong>Membrii juriului: Liviu Nedelcu<\/strong>, conf. univ. \u00een cadrul Univ. Dun\u0103rea de Jos, Gala\u0163i, Vicepre\u015fedinte al Uniunii Arti\u015ftilor Plastici din Rom\u00e2nia, <strong>\u015etefan Potop<\/strong>, Pre\u015fedintele Filialei Neam\u0163 a Uniunii Arti\u015ftilor Plastici din Rom\u00e2nia, <strong>Maria Bila\u015fevschi<\/strong>, critic de art\u0103, pre\u015fedinte al Uniunii Arti\u015ftilor Plastici \u2013 Filiala Ia\u015fi, lector univ. dr. \u00een cadrul Univ. Na\u0163ionale de Arte \u201eGeorge Enescu\u201d Ia\u015fi, <strong>Mihai Zgondoiu<\/strong>, lector univ. dr. Facultatea de Arte \u015fi Design (Univ. de Vest Timi\u015foara), fondator al revistei Propagarta. (<em>Comunicat oficial<\/em>)<\/p>\n\n\n<div class=\"wp-block-image\">\n<figure class=\"alignright size-full is-resized\"><a href=\"http:\/\/www.slineamt.ro\/apostolul\/wp-content\/uploads\/2025\/11\/23-ap288-foto2.jpg\"><img loading=\"lazy\" decoding=\"async\" width=\"416\" height=\"266\" src=\"http:\/\/www.slineamt.ro\/apostolul\/wp-content\/uploads\/2025\/11\/23-ap288-foto2.jpg\" alt=\"\" class=\"wp-image-27911\" style=\"width:487px;height:auto\" srcset=\"http:\/\/www.slineamt.ro\/apostolul\/wp-content\/uploads\/2025\/11\/23-ap288-foto2.jpg 416w, http:\/\/www.slineamt.ro\/apostolul\/wp-content\/uploads\/2025\/11\/23-ap288-foto2-300x192.jpg 300w, http:\/\/www.slineamt.ro\/apostolul\/wp-content\/uploads\/2025\/11\/23-ap288-foto2-260x166.jpg 260w, http:\/\/www.slineamt.ro\/apostolul\/wp-content\/uploads\/2025\/11\/23-ap288-foto2-160x102.jpg 160w\" sizes=\"auto, (max-width: 416px) 100vw, 416px\" \/><\/a><\/figure>\n<\/div>\n\n\n<p><strong>PREMII \u015eI NOMINALIZ\u0102RI<\/strong><\/p>\n\n\n\n<p><strong>Marele Premiu<\/strong> \u2013 Adrian SANDU\/Arad-grafic\u0103.<\/p>\n\n\n\n<p><strong>Premiu pentru Pictur\u0103<\/strong> \u2013 Drago\u015f BURLACU\/Bac\u0103u (Nominaliza\u0163i \u2013 Grama Gabriel\/Piatra-Neam\u0163 \u2013 Rodica Gherghinoiu\/ Foc\u015fani \u2013 Valentina Dru\u0163u\/Ia\u015fi).<\/p>\n\n\n\n<p><strong>Premiu pentru Grafic\u0103<\/strong> \u2013 Lumini\u021ba Monica RADU\/Bac\u0103u (Nominaliza\u0163i \u2013 Lavinia P\u0103duraru\/ Constan\u0163a \u2013 Iuliu Duma\/ Cluj).<\/p>\n\n\n\n<p><strong>Premiu pentru Debut<\/strong> oferit de Funda\u0163ia Vorel \u2013 Maria BRATU\/T\u00e2rgu-Jiu (Nominaliza\u0163i \u2013 Nora Cupcencu\/Bucure\u015fti \u2013 Oana Butu\u015fin\u0103\/Cluj).<\/p>\n\n\n\n<p><strong>Premiul UAPR<\/strong>\/onorific \u2013 Vic\u0103 Til\u0103 ADORIAN\/Bucure\u015fti.<\/p>\n\n\n\n<p>Cea de-a XIX-a edi\u0163ie a <em>Bienalei Na\u0163ionale de Art\u0103 Plastic\u0103 \u201eLasc\u0103r Vorel\u201d<\/em> a fost organizat\u0103 cu sprijinul <strong>Consiliului Jude\u0163ean<\/strong> <strong>Neam\u0163<\/strong>. Parteneri: <strong>Funda\u0163ia Vorel Piatra-Neam\u0163 \u015fi Filiala Neam\u0163 a Uniunii Arti\u015ftilor Plastici din Rom\u00e2nia<\/strong>.<\/p>\n\n\n\n<p><strong><em>Red.<\/em><\/strong><\/p>\n","protected":false},"excerpt":{"rendered":"<p>Complexul Muzeal Na\u0163ional Neam\u0163 organizeaz\u0103 cea de-a XIX-a edi\u0163ie a BIENALEI NA\u0162IONALE DE ART\u0102 PLASTIC\u0102 \u201eLASC\u0102R VOREL\u201d PIATRA-NEAM\u0162 \u00een perioada 25 octombrie 2025 &#8211; 11 ianuarie 2026. \u00censcrierile \u00een concurs s-au desf\u0103\u015furat exclusive online, \u00een perioada 15 august &#8211; 22&hellip;<\/p>\n<p class=\"more-link-p\"><a class=\"more-link\" href=\"http:\/\/www.slineamt.ro\/apostolul\/arte-si-meserii-plastica\/bienala-nationala-de-arta-plastica-lascar-vorel-editia-a-xix-a-27-octombrie-2025-11-ianuarie-2026\/\">Read more &rarr;<\/a><\/p>\n","protected":false},"author":1,"featured_media":0,"comment_status":"open","ping_status":"closed","sticky":false,"template":"","format":"standard","meta":{"footnotes":""},"categories":[196,498],"tags":[],"class_list":["post-27909","post","type-post","status-publish","format-standard","hentry","category-arte-si-meserii-plastica","category-288-noiembrie-2025"],"_links":{"self":[{"href":"http:\/\/www.slineamt.ro\/apostolul\/wp-json\/wp\/v2\/posts\/27909","targetHints":{"allow":["GET"]}}],"collection":[{"href":"http:\/\/www.slineamt.ro\/apostolul\/wp-json\/wp\/v2\/posts"}],"about":[{"href":"http:\/\/www.slineamt.ro\/apostolul\/wp-json\/wp\/v2\/types\/post"}],"author":[{"embeddable":true,"href":"http:\/\/www.slineamt.ro\/apostolul\/wp-json\/wp\/v2\/users\/1"}],"replies":[{"embeddable":true,"href":"http:\/\/www.slineamt.ro\/apostolul\/wp-json\/wp\/v2\/comments?post=27909"}],"version-history":[{"count":1,"href":"http:\/\/www.slineamt.ro\/apostolul\/wp-json\/wp\/v2\/posts\/27909\/revisions"}],"predecessor-version":[{"id":27912,"href":"http:\/\/www.slineamt.ro\/apostolul\/wp-json\/wp\/v2\/posts\/27909\/revisions\/27912"}],"wp:attachment":[{"href":"http:\/\/www.slineamt.ro\/apostolul\/wp-json\/wp\/v2\/media?parent=27909"}],"wp:term":[{"taxonomy":"category","embeddable":true,"href":"http:\/\/www.slineamt.ro\/apostolul\/wp-json\/wp\/v2\/categories?post=27909"},{"taxonomy":"post_tag","embeddable":true,"href":"http:\/\/www.slineamt.ro\/apostolul\/wp-json\/wp\/v2\/tags?post=27909"}],"curies":[{"name":"wp","href":"https:\/\/api.w.org\/{rel}","templated":true}]}}