{"id":27913,"date":"2025-11-21T13:27:20","date_gmt":"2025-11-21T13:27:20","guid":{"rendered":"https:\/\/www.slineamt.ro\/apostolul\/?p=27913"},"modified":"2025-11-21T13:43:33","modified_gmt":"2025-11-21T13:43:33","slug":"expozitie-de-pictura-carmen-carausu","status":"publish","type":"post","link":"http:\/\/www.slineamt.ro\/apostolul\/arte-si-meserii-plastica\/expozitie-de-pictura-carmen-carausu\/","title":{"rendered":"Expozi\u0163ie de pictur\u0103 Carmen C\u0103r\u0103u\u015fu"},"content":{"rendered":"<div class=\"wp-block-image\">\n<figure class=\"alignleft size-full is-resized\"><a href=\"http:\/\/www.slineamt.ro\/apostolul\/wp-content\/uploads\/2025\/11\/22-ap288-foto1.jpg\"><img loading=\"lazy\" decoding=\"async\" width=\"214\" height=\"302\" src=\"http:\/\/www.slineamt.ro\/apostolul\/wp-content\/uploads\/2025\/11\/22-ap288-foto1.jpg\" alt=\"\" class=\"wp-image-27914\" style=\"width:378px;height:auto\" srcset=\"http:\/\/www.slineamt.ro\/apostolul\/wp-content\/uploads\/2025\/11\/22-ap288-foto1.jpg 214w, http:\/\/www.slineamt.ro\/apostolul\/wp-content\/uploads\/2025\/11\/22-ap288-foto1-213x300.jpg 213w, http:\/\/www.slineamt.ro\/apostolul\/wp-content\/uploads\/2025\/11\/22-ap288-foto1-160x226.jpg 160w\" sizes=\"auto, (max-width: 214px) 100vw, 214px\" \/><\/a><\/figure>\n<\/div>\n\n\n<p>\u00cen perioada 1-15 noiembrie 2025, \u00een Sala Cupola, Biblioteca Jude\u0163ean\u0103 \u201eG.T. Kirileanu\u201d Neam\u0163 a g\u0103zduit expozi\u0163ia de pictur\u0103 \u201eStraturi de lumin\u0103. Scaune goale\u201d semnat\u0103 de artista Carmen C\u0103r\u0103u\u015fu.<\/p>\n\n\n\n<p>Vernisajul a avut loc joi, 6 noiembrie 2025, cu \u00eencepere de la ora 16:00, iar prezentarea a fost f\u0103cut\u0103 de criticul de art\u0103 Lucian Strochi \u015fi de p\u0103rintele \u015fi poetul Dorin Ploscaru. Evenimentul a fost \u00eentregit de un moment muzical sus\u0163inut de elevi ai clasei de pian din cadrul Atelierului de Muzic\u0103 pentru copii coordonat de prof. S\u00e2nziana Elena Ailenei.<\/p>\n\n\n\n<p>Expozi\u0163ia a adus \u00een aten\u0163ia publicului o selec\u0163ie de lucr\u0103ri recente, reunite sub tema complex\u0103 a stratific\u0103rii \u2013 ca tehnic\u0103 plastic\u0103, dar \u015fi ca metafor\u0103 a construc\u0163iei umane.<\/p>\n\n\n\n<p>Prin aceast\u0103 expozi\u0163ie, Carmen C\u0103r\u0103u\u015fu continu\u0103 un demers artistic \u015fi conceptual \u00een care pictura devine un spa\u0163iu al explor\u0103rii profunzimii, al sediment\u0103rii vizuale \u015fi emo\u0163ionale. Lucr\u0103rile sale, situate \u00een zona abstract-figurativ\u0103, se construiesc pe straturi succesive de culoare, transparen\u0163\u0103 \u015fi materie, fiecare strat purt\u00e2nd o \u00eenc\u0103rc\u0103tur\u0103 afectiv\u0103 distinct\u0103. Artista propune o paralel\u0103 \u00eentre modul \u00een care pictura se construie\u015fte prin suprapuneri subtile \u015fi felul \u00een care fiin\u0163a uman\u0103 se formeaz\u0103 din experien\u0163e, emo\u0163ii \u015fi memorie.<\/p>\n\n\n\n<p><em>Stratificarea, \u00een pictur\u0103, este pentru mine un mod de a vorbi despre complexitatea lumii interioare. Sub fiecare culoare se ascunde o tr\u0103ire, o t\u0103cere sau o revela\u0163ie. \u00cen spatele fiec\u0103rui ton se afl\u0103 un g\u00e2nd care nu se vede, dar se simte, parte a unei lumi care pare un tot dar se descompune \u00een lumin\u0103 \u015fi \u00eentuneric, materie \u015fi spirit, amintiri \u015fi uit\u0103ri, prezen\u0163e \u015fi absen\u0163e<\/em>, m\u0103rturise\u015fte Carmen C\u0103r\u0103u\u015fu.<\/p>\n\n\n\n<p>O parte dintre lucr\u0103rile care vor fi prezentate fac parte din seria creat\u0103 pentru Bienala Interna\u0163ional\u0103 de Art\u0103 de la Floren\u0163a din acest an, a c\u0103ror lucr\u0103ri s-au \u00eentrunit sub tema \u201eLumin\u0103 \u015fi \u00eentuneric\u201d. Aceast\u0103 serie reprezint\u0103 un experiment cromatic \u00een care toate culorile corespund aceluia\u015fi ton de gri, gener\u00e2nd un efect optic luminos f\u0103r\u0103 apel la contrastul clasic alb-negru. Rezultatul este un limbaj vizual delicat \u015fi profund, care vorbe\u015fte despre lumina interioar\u0103, despre energia care pulseaz\u0103 dincolo de nu \u015fi da.<\/p>\n\n\n<div class=\"wp-block-image\">\n<figure class=\"alignright size-full is-resized\"><a href=\"http:\/\/www.slineamt.ro\/apostolul\/wp-content\/uploads\/2025\/11\/22-ap288-foto2.jpg\"><img loading=\"lazy\" decoding=\"async\" width=\"227\" height=\"180\" src=\"http:\/\/www.slineamt.ro\/apostolul\/wp-content\/uploads\/2025\/11\/22-ap288-foto2.jpg\" alt=\"\" class=\"wp-image-27915\" style=\"width:404px;height:auto\" srcset=\"http:\/\/www.slineamt.ro\/apostolul\/wp-content\/uploads\/2025\/11\/22-ap288-foto2.jpg 227w, http:\/\/www.slineamt.ro\/apostolul\/wp-content\/uploads\/2025\/11\/22-ap288-foto2-160x127.jpg 160w\" sizes=\"auto, (max-width: 227px) 100vw, 227px\" \/><\/a><\/figure>\n<\/div>\n\n\n<p>De asemenea, expozi\u0163ia include \u015fi lucr\u0103ri recente ce exploreaz\u0103 tema suprapunerilor \u2013 nu doar ca proces pictural, ci \u015fi ca simbol al identit\u0103\u0163ii \u015fi al memoriei proprii \u015fi colective. \u00cen aceste compozi\u0163ii, transparen\u0163ele \u015fi densit\u0103\u0163ile devin metafore ale dialogului dintre vizibil \u015fi invizibil, dintre concret \u015fi imaginar.<\/p>\n\n\n\n<p>\u00cen decursul acestui an, Carmen C\u0103r\u0103u\u015fu a devenit membru \u00een Uniunea Arti\u015ftilor Plastici din Rom\u00e2nia, Filiala Ia\u015fi, \u015fi a participat la importante manifest\u0103ri artistice na\u0163ionale, \u00eentre care Bienala Na\u0163ional\u0103 de Pictur\u0103 Constan\u0163a; Bienala Interna\u0163ional\u0103 de Grafic\u0103 Mic\u0103 de la Ia\u015fi; Bienala de pictura \u015fi grafic\u0103 \u201e\u015etefan Luchian\u201d Boto\u015fani, Salonul de Art\u0103 \u201eContactus\u201d T\u00e2rgu Mure\u015f, confirm\u00e2ndu-\u015fi prezen\u0163a constant\u0103 \u00een peisajul artistic contemporan rom\u00e2nesc.<\/p>\n\n\n\n<p>(<strong><em>Biblioteca Jude\u0163ean\u0103 \u201eG.T. Kirileanu\u201d Neam\u0163<\/em><\/strong>)<\/p>\n","protected":false},"excerpt":{"rendered":"<p>\u00cen perioada 1-15 noiembrie 2025, \u00een Sala Cupola, Biblioteca Jude\u0163ean\u0103 \u201eG.T. Kirileanu\u201d Neam\u0163 a g\u0103zduit expozi\u0163ia de pictur\u0103 \u201eStraturi de lumin\u0103. Scaune goale\u201d semnat\u0103 de artista Carmen C\u0103r\u0103u\u015fu. Vernisajul a avut loc joi, 6 noiembrie 2025, cu \u00eencepere de la&hellip;<\/p>\n<p class=\"more-link-p\"><a class=\"more-link\" href=\"http:\/\/www.slineamt.ro\/apostolul\/arte-si-meserii-plastica\/expozitie-de-pictura-carmen-carausu\/\">Read more &rarr;<\/a><\/p>\n","protected":false},"author":1,"featured_media":0,"comment_status":"open","ping_status":"closed","sticky":false,"template":"","format":"standard","meta":{"footnotes":""},"categories":[196,498],"tags":[],"class_list":["post-27913","post","type-post","status-publish","format-standard","hentry","category-arte-si-meserii-plastica","category-288-noiembrie-2025"],"_links":{"self":[{"href":"http:\/\/www.slineamt.ro\/apostolul\/wp-json\/wp\/v2\/posts\/27913","targetHints":{"allow":["GET"]}}],"collection":[{"href":"http:\/\/www.slineamt.ro\/apostolul\/wp-json\/wp\/v2\/posts"}],"about":[{"href":"http:\/\/www.slineamt.ro\/apostolul\/wp-json\/wp\/v2\/types\/post"}],"author":[{"embeddable":true,"href":"http:\/\/www.slineamt.ro\/apostolul\/wp-json\/wp\/v2\/users\/1"}],"replies":[{"embeddable":true,"href":"http:\/\/www.slineamt.ro\/apostolul\/wp-json\/wp\/v2\/comments?post=27913"}],"version-history":[{"count":1,"href":"http:\/\/www.slineamt.ro\/apostolul\/wp-json\/wp\/v2\/posts\/27913\/revisions"}],"predecessor-version":[{"id":27916,"href":"http:\/\/www.slineamt.ro\/apostolul\/wp-json\/wp\/v2\/posts\/27913\/revisions\/27916"}],"wp:attachment":[{"href":"http:\/\/www.slineamt.ro\/apostolul\/wp-json\/wp\/v2\/media?parent=27913"}],"wp:term":[{"taxonomy":"category","embeddable":true,"href":"http:\/\/www.slineamt.ro\/apostolul\/wp-json\/wp\/v2\/categories?post=27913"},{"taxonomy":"post_tag","embeddable":true,"href":"http:\/\/www.slineamt.ro\/apostolul\/wp-json\/wp\/v2\/tags?post=27913"}],"curies":[{"name":"wp","href":"https:\/\/api.w.org\/{rel}","templated":true}]}}