{"id":27926,"date":"2025-11-21T13:50:26","date_gmt":"2025-11-21T13:50:26","guid":{"rendered":"https:\/\/www.slineamt.ro\/apostolul\/?p=27926"},"modified":"2025-11-21T13:52:01","modified_gmt":"2025-11-21T13:52:01","slug":"anuala-de-pictura-grafica-sculptura-si-fotografie","status":"publish","type":"post","link":"http:\/\/www.slineamt.ro\/apostolul\/arte-si-meserii-plastica\/anuala-de-pictura-grafica-sculptura-si-fotografie\/","title":{"rendered":"Anuala de pictur\u0103, grafic\u0103, sculptur\u0103 \u015fi fotografie"},"content":{"rendered":"<div class=\"wp-block-image\">\n<figure class=\"alignleft size-full is-resized\"><a href=\"http:\/\/www.slineamt.ro\/apostolul\/wp-content\/uploads\/2025\/11\/21-ap288-foto1.jpg\"><img loading=\"lazy\" decoding=\"async\" width=\"131\" height=\"227\" src=\"http:\/\/www.slineamt.ro\/apostolul\/wp-content\/uploads\/2025\/11\/21-ap288-foto1.jpg\" alt=\"\" class=\"wp-image-27923\" style=\"width:316px;height:auto\"\/><\/a><\/figure>\n<\/div>\n\n\n<p>S\u00e2mb\u0103t\u0103, 15 noiembrie 2025, la Muzeul de Art\u0103 din Roman s-a deschis a XXI-a edi\u0163ie a expozi\u0163iei colective \u201eAnuala de pictur\u0103, grafic\u0103, sculptur\u0103 \u015fi fotografie\u201d. O expozi\u0163ie cu tradi\u0163ie care a reu\u015fit, de-a lungul celor 21 de edi\u0163ii, s\u0103 aduc\u0103 pe simezele muzeului arti\u015fti din diverse zone ale \u0163\u0103rii, cu viziuni \u015fi interpret\u0103ri plastice aparte care au cucerit publicul iubitor de frumos. Anuala organizat\u0103 de muzeul nostru se dore\u015fte a fi o \u00eent\u00e2lnire a celor mai noi crea\u0163ii, provoc\u00e2nd la un dialog \u00eentre lucr\u0103ri \u015fi arti\u015fti, dar \u015fi \u00eentre arti\u015fti \u015fi public, men\u0163in\u00e2nd permanent\u0103 aten\u0163ia asupra diversit\u0103\u0163ii crea\u0163iilor vizuale propuse spre expunere.<\/p>\n\n\n\n<p>\u015ei-au dat \u00eent\u00e2lnire pe simezele roma\u015fcane, la cel mai a\u015fteptat eveniment cromatic al anului, 36 de arti\u015fti din Roman, Piatra-Neam\u0163, Bac\u0103u, Bra\u015fov, B\u00e2rlad, Vaslui, Chi\u015fin\u0103u, Ploie\u015fti, Ia\u015fi. Concepte, tr\u0103iri, observa\u0163ii \u00een viziuni personale, cu mijloace artistice clasice sau moderne, \u00een formule simbolice, abstracte, figurative care reu\u015fesc s\u0103 ofere imagini evolutive ale multora dintre arti\u015fti. Lucr\u0103ri de pictur\u0103 \u00een ulei, acrilic, grafic\u0103 \u00een tu\u015f sau aquarel\u0103, prelucr\u0103ri fotografice digitale, sculpturi cu forme volumetrice \u00een piatr\u0103 sau lemn, provoac\u0103 imagina\u0163ia \u015fi \u00eendeamn\u0103 la medita\u0163ie. Diversitatea fireasc\u0103 a lucr\u0103rilor, ca stil, tehnic\u0103, tem\u0103, de la c\u0103ut\u0103ri \u015fi aprofund\u0103ri, determin\u0103 o experien\u0163\u0103 dinamic\u0103 a \u00eentregii expozi\u0163ii.<\/p>\n\n\n<div class=\"wp-block-image\">\n<figure class=\"alignright size-full is-resized\"><a href=\"http:\/\/www.slineamt.ro\/apostolul\/wp-content\/uploads\/2025\/11\/21-ap288-foto2.jpg\"><img loading=\"lazy\" decoding=\"async\" width=\"243\" height=\"302\" src=\"http:\/\/www.slineamt.ro\/apostolul\/wp-content\/uploads\/2025\/11\/21-ap288-foto2.jpg\" alt=\"\" class=\"wp-image-27924\" style=\"width:336px;height:auto\" srcset=\"http:\/\/www.slineamt.ro\/apostolul\/wp-content\/uploads\/2025\/11\/21-ap288-foto2.jpg 243w, http:\/\/www.slineamt.ro\/apostolul\/wp-content\/uploads\/2025\/11\/21-ap288-foto2-241x300.jpg 241w, http:\/\/www.slineamt.ro\/apostolul\/wp-content\/uploads\/2025\/11\/21-ap288-foto2-160x199.jpg 160w\" sizes=\"auto, (max-width: 243px) 100vw, 243px\" \/><\/a><\/figure>\n<\/div>\n\n\n<p>Fiecare din cele 114 lucr\u0103ri expuse, fie de pictur\u0103, grafic\u0103, sculptur\u0103 sau fotografie, invit\u0103 la analize de sens \u015fi semnifica\u0163ii, \u00een dematerializ\u0103ri cromatice sau de structur\u0103, care vorbesc despre tr\u0103iri \u015fi sentimente personale, \u00een forme de prezentare individuale. Universuri de tr\u0103iri \u015fi emo\u0163ii, manifestate \u00een spa\u0163ii c\u00e2nd mici c\u00e2nd mari, \u00een cromatici ba intense, expansive sau calme, duioase \u015fi lini\u015ftite. Sunt chem\u0103ri de timp \u015fi anotimp, \u00een red\u0103ri de tensiuni prin forme \u015fi nuan\u0163e, cu substraturi de idei \u015fi construc\u0163ii de contexte. Linieri grave, sigure, delicate \u00een surprinderi de psihologii personale, la aprofund\u0103ri de forme \u015fi geometrii revelatoare. (&#8230;)<\/p>\n\n\n\n<p>Un adev\u0103rat compendiu pictural, un pelerinaj constructivist, nonfigurativ \u015fi simbolistic, care, \u00een peneluri poetice \u015fi metamorfozate, surprinde realul sau imaginarul la altitudini de vis. Expozi\u0163ia invit\u0103 la reconstituiri de z\u0103boviri romantice, \u00een care spectacolul cromatic, des\u0103v\u00e2r\u015fit de forme \u015fi volume, domin\u0103 \u015fi cucere\u015fte iremediabil vizualul.<\/p>\n\n\n\n<p>Expozi\u0163ia este deschis\u0103 \u00een perioada 15 noiembrie 2025 \u2013 10 ianuarie 2026.<\/p>\n\n\n\n<p><strong><em>Curator Mihaela CIOBANU<\/em><\/strong><\/p>\n","protected":false},"excerpt":{"rendered":"<p>S\u00e2mb\u0103t\u0103, 15 noiembrie 2025, la Muzeul de Art\u0103 din Roman s-a deschis a XXI-a edi\u0163ie a expozi\u0163iei colective \u201eAnuala de pictur\u0103, grafic\u0103, sculptur\u0103 \u015fi fotografie\u201d. O expozi\u0163ie cu tradi\u0163ie care a reu\u015fit, de-a lungul celor 21 de edi\u0163ii, s\u0103 aduc\u0103&hellip;<\/p>\n<p class=\"more-link-p\"><a class=\"more-link\" href=\"http:\/\/www.slineamt.ro\/apostolul\/arte-si-meserii-plastica\/anuala-de-pictura-grafica-sculptura-si-fotografie\/\">Read more &rarr;<\/a><\/p>\n","protected":false},"author":1,"featured_media":0,"comment_status":"open","ping_status":"closed","sticky":false,"template":"","format":"standard","meta":{"footnotes":""},"categories":[196,498],"tags":[],"class_list":["post-27926","post","type-post","status-publish","format-standard","hentry","category-arte-si-meserii-plastica","category-288-noiembrie-2025"],"_links":{"self":[{"href":"http:\/\/www.slineamt.ro\/apostolul\/wp-json\/wp\/v2\/posts\/27926","targetHints":{"allow":["GET"]}}],"collection":[{"href":"http:\/\/www.slineamt.ro\/apostolul\/wp-json\/wp\/v2\/posts"}],"about":[{"href":"http:\/\/www.slineamt.ro\/apostolul\/wp-json\/wp\/v2\/types\/post"}],"author":[{"embeddable":true,"href":"http:\/\/www.slineamt.ro\/apostolul\/wp-json\/wp\/v2\/users\/1"}],"replies":[{"embeddable":true,"href":"http:\/\/www.slineamt.ro\/apostolul\/wp-json\/wp\/v2\/comments?post=27926"}],"version-history":[{"count":2,"href":"http:\/\/www.slineamt.ro\/apostolul\/wp-json\/wp\/v2\/posts\/27926\/revisions"}],"predecessor-version":[{"id":27929,"href":"http:\/\/www.slineamt.ro\/apostolul\/wp-json\/wp\/v2\/posts\/27926\/revisions\/27929"}],"wp:attachment":[{"href":"http:\/\/www.slineamt.ro\/apostolul\/wp-json\/wp\/v2\/media?parent=27926"}],"wp:term":[{"taxonomy":"category","embeddable":true,"href":"http:\/\/www.slineamt.ro\/apostolul\/wp-json\/wp\/v2\/categories?post=27926"},{"taxonomy":"post_tag","embeddable":true,"href":"http:\/\/www.slineamt.ro\/apostolul\/wp-json\/wp\/v2\/tags?post=27926"}],"curies":[{"name":"wp","href":"https:\/\/api.w.org\/{rel}","templated":true}]}}