{"id":27930,"date":"2025-11-21T13:57:24","date_gmt":"2025-11-21T13:57:24","guid":{"rendered":"https:\/\/www.slineamt.ro\/apostolul\/?p=27930"},"modified":"2025-11-21T13:58:15","modified_gmt":"2025-11-21T13:58:15","slug":"mircea-titus-romanescu-jurnalul-unor-reprezentative-creatii-artistice","status":"publish","type":"post","link":"http:\/\/www.slineamt.ro\/apostolul\/arte-si-meserii-plastica\/mircea-titus-romanescu-jurnalul-unor-reprezentative-creatii-artistice\/","title":{"rendered":"Mircea Titus Romanescu \u2013 jurnalul unor reprezentative crea\u0163ii artistice"},"content":{"rendered":"<div class=\"wp-block-image\">\n<figure class=\"alignleft size-full is-resized\"><a href=\"http:\/\/www.slineamt.ro\/apostolul\/wp-content\/uploads\/2025\/11\/20-ap288-foto1.jpg\"><img loading=\"lazy\" decoding=\"async\" width=\"416\" height=\"312\" src=\"http:\/\/www.slineamt.ro\/apostolul\/wp-content\/uploads\/2025\/11\/20-ap288-foto1.jpg\" alt=\"\" class=\"wp-image-27931\" style=\"width:450px;height:auto\" srcset=\"http:\/\/www.slineamt.ro\/apostolul\/wp-content\/uploads\/2025\/11\/20-ap288-foto1.jpg 416w, http:\/\/www.slineamt.ro\/apostolul\/wp-content\/uploads\/2025\/11\/20-ap288-foto1-300x225.jpg 300w, http:\/\/www.slineamt.ro\/apostolul\/wp-content\/uploads\/2025\/11\/20-ap288-foto1-260x195.jpg 260w, http:\/\/www.slineamt.ro\/apostolul\/wp-content\/uploads\/2025\/11\/20-ap288-foto1-160x120.jpg 160w\" sizes=\"auto, (max-width: 416px) 100vw, 416px\" \/><\/a><\/figure>\n<\/div>\n\n\n<p>Noua expozi\u0163ie a pictorului Mircea Titus Romanescu, \u201eJurnal de c\u0103l\u0103torie: 1964 &#8211; 2025\u201d, deschis\u0103 la \u00eenceputul lunii noiembrie la Galeria \u201eLasc\u0103r Vorel\u201d din Piatra-Neam\u0163, vine cu o sum\u0103 de amintiri cu o mare \u00eenc\u0103rc\u0103tur\u0103 de semnifica\u0163ii \u015fi emo\u0163ii pentru artist. Conceput ca o completare a reuniunii plastice care a avut loc \u00een luna septembrie la Muzeul de Art\u0103 din Piatra-Neam\u0163, cu ocazia \u00eemplinirii v\u00e2rstei de 75 de ani, acest grupaj de acuarel\u0103 \u015fi pastel con\u0163ine lucr\u0103ri realizate de Mircea Titus Romanescu \u00eenc\u0103 de la debutul carierei \u015fi p\u00e2n\u0103 \u00een prezent.<\/p>\n\n\n\n<p>\u201eDe\u015fi sunt 60 de ani de crea\u0163ie, pentru c\u0103 Mircea Titus Romanescu a \u00eenceput s\u0103 picteze la v\u00e2rsta de 15 ani, este o expozi\u0163ie foarte unitar\u0103 ca stil. A\u015f denumi acest mod de exprimare unul propriu Tarc\u0103ului, fapt care m\u0103 duce cu g\u00e2ndul la al\u0163i doi mari arti\u015fti n\u0103scu\u0163i pe aceste meleaguri: Iulia H\u0103l\u0103ucescu \u015fi Dumitru Bezem. Dar periplu nu este doar pe Valea Tarc\u0103ului ori la Piatra-Neam\u0163, ci este cosmopolit, ajungem \u015fi \u00een Olanda, Austria, Italia, \u015fi \u00een Spania, Grecia, Tunisia ori \u00een Emiratele Arabe Unite. E un jurnal al unei c\u0103l\u0103torii frumoase \u015fi \u00eendelungate\u201d, a spus prof. <strong>\u015etefan Potop, pre\u015fedintele Uniunii Arti\u015ftilor Plastici din Rom\u00e2nia, Filiala Neam\u0163<\/strong>.<\/p>\n\n\n<div class=\"wp-block-image\">\n<figure class=\"alignright size-full is-resized\"><a href=\"http:\/\/www.slineamt.ro\/apostolul\/wp-content\/uploads\/2025\/11\/20-ap288-foto2.jpg\"><img loading=\"lazy\" decoding=\"async\" width=\"265\" height=\"180\" src=\"http:\/\/www.slineamt.ro\/apostolul\/wp-content\/uploads\/2025\/11\/20-ap288-foto2.jpg\" alt=\"\" class=\"wp-image-27932\" style=\"width:425px;height:auto\" srcset=\"http:\/\/www.slineamt.ro\/apostolul\/wp-content\/uploads\/2025\/11\/20-ap288-foto2.jpg 265w, http:\/\/www.slineamt.ro\/apostolul\/wp-content\/uploads\/2025\/11\/20-ap288-foto2-260x177.jpg 260w, http:\/\/www.slineamt.ro\/apostolul\/wp-content\/uploads\/2025\/11\/20-ap288-foto2-160x109.jpg 160w\" sizes=\"auto, (max-width: 265px) 100vw, 265px\" \/><\/a><\/figure>\n<\/div>\n\n\n<p>\u201eLucr\u0103rile ne transfer\u0103 \u00eentr-un univers particular, te po\u0163i reg\u0103si \u00een fiecare dintre aceste crea\u0163ii. Mircea Titus Romanescu a \u00eenzestrat opera sa cu o incontestabil\u0103 valoare artistic\u0103\u201d, a ad\u0103ugat <strong>pictorul Dumitru Bezem<\/strong>.<\/p>\n\n\n\n<p>Mircea Titus Romanescu este un creator cu o viziune \u015fi stilistic\u0103 inconfundabile. Arta sa bucur\u0103, atrage, emo\u0163ioneaz\u0103, este o s\u0103rb\u0103toare pentru ochi \u015fi pentru suflet.<\/p>\n\n\n\n<p>\u201eExpozi\u0163ia este o selec\u0163ie, fiecare drum, etap\u0103 sau numai subiect au fost de-a lungul timpului, sau puteau fi, tot at\u00e2tea expozi\u0163ii distincte. Acuarela a fost prima tehnic\u0103 de care m-am apropiat \u00eenc\u0103 din adolescen\u0163\u0103. \u015ei asta datorit\u0103 maestrului \u015etefan Hotnog, unchiul meu, care a locuit la Piatra-Neam\u0163. \u015ei apoi datorit\u0103 \u00eent\u00e2lnirii cu Iulia H\u0103l\u0103ucescu, un simbol real, adev\u0103rat al acuarelei\u201d, a men\u0163ionat <strong>Mircea Titus Romanescu<\/strong>.<\/p>\n\n\n\n<p>Expozi\u0163ia poate fi vizitat\u0103 p\u00e2n\u0103 joi, 27 noiembrie 2025.<\/p>\n\n\n\n<p><strong><em>Violeta MO\u015eU<\/em><\/strong><\/p>\n\n\n\n<p><\/p>\n","protected":false},"excerpt":{"rendered":"<p>Noua expozi\u0163ie a pictorului Mircea Titus Romanescu, \u201eJurnal de c\u0103l\u0103torie: 1964 &#8211; 2025\u201d, deschis\u0103 la \u00eenceputul lunii noiembrie la Galeria \u201eLasc\u0103r Vorel\u201d din Piatra-Neam\u0163, vine cu o sum\u0103 de amintiri cu o mare \u00eenc\u0103rc\u0103tur\u0103 de semnifica\u0163ii \u015fi emo\u0163ii pentru artist.&hellip;<\/p>\n<p class=\"more-link-p\"><a class=\"more-link\" href=\"http:\/\/www.slineamt.ro\/apostolul\/arte-si-meserii-plastica\/mircea-titus-romanescu-jurnalul-unor-reprezentative-creatii-artistice\/\">Read more &rarr;<\/a><\/p>\n","protected":false},"author":1,"featured_media":0,"comment_status":"open","ping_status":"closed","sticky":false,"template":"","format":"standard","meta":{"footnotes":""},"categories":[196,498],"tags":[],"class_list":["post-27930","post","type-post","status-publish","format-standard","hentry","category-arte-si-meserii-plastica","category-288-noiembrie-2025"],"_links":{"self":[{"href":"http:\/\/www.slineamt.ro\/apostolul\/wp-json\/wp\/v2\/posts\/27930","targetHints":{"allow":["GET"]}}],"collection":[{"href":"http:\/\/www.slineamt.ro\/apostolul\/wp-json\/wp\/v2\/posts"}],"about":[{"href":"http:\/\/www.slineamt.ro\/apostolul\/wp-json\/wp\/v2\/types\/post"}],"author":[{"embeddable":true,"href":"http:\/\/www.slineamt.ro\/apostolul\/wp-json\/wp\/v2\/users\/1"}],"replies":[{"embeddable":true,"href":"http:\/\/www.slineamt.ro\/apostolul\/wp-json\/wp\/v2\/comments?post=27930"}],"version-history":[{"count":1,"href":"http:\/\/www.slineamt.ro\/apostolul\/wp-json\/wp\/v2\/posts\/27930\/revisions"}],"predecessor-version":[{"id":27933,"href":"http:\/\/www.slineamt.ro\/apostolul\/wp-json\/wp\/v2\/posts\/27930\/revisions\/27933"}],"wp:attachment":[{"href":"http:\/\/www.slineamt.ro\/apostolul\/wp-json\/wp\/v2\/media?parent=27930"}],"wp:term":[{"taxonomy":"category","embeddable":true,"href":"http:\/\/www.slineamt.ro\/apostolul\/wp-json\/wp\/v2\/categories?post=27930"},{"taxonomy":"post_tag","embeddable":true,"href":"http:\/\/www.slineamt.ro\/apostolul\/wp-json\/wp\/v2\/tags?post=27930"}],"curies":[{"name":"wp","href":"https:\/\/api.w.org\/{rel}","templated":true}]}}