{"id":27937,"date":"2025-11-21T14:02:07","date_gmt":"2025-11-21T14:02:07","guid":{"rendered":"https:\/\/www.slineamt.ro\/apostolul\/?p=27937"},"modified":"2025-11-22T08:13:15","modified_gmt":"2025-11-22T08:13:15","slug":"evocarea-profesorului-de-matematica-dumitru-enache","status":"publish","type":"post","link":"http:\/\/www.slineamt.ro\/apostolul\/panoramic-nemtean\/evocarea-profesorului-de-matematica-dumitru-enache\/","title":{"rendered":"Evocarea profesorului de matematic\u0103 Dumitru Enache"},"content":{"rendered":"<div class=\"wp-block-image\">\n<figure class=\"alignleft size-full is-resized\"><a href=\"https:\/\/www.slineamt.ro\/apostolul\/wp-content\/uploads\/2025\/11\/18-ap288-foto1.jpg\"><img loading=\"lazy\" decoding=\"async\" width=\"214\" height=\"302\" src=\"https:\/\/www.slineamt.ro\/apostolul\/wp-content\/uploads\/2025\/11\/18-ap288-foto1.jpg\" alt=\"\" class=\"wp-image-28012\" style=\"width:375px;height:auto\" srcset=\"http:\/\/www.slineamt.ro\/apostolul\/wp-content\/uploads\/2025\/11\/18-ap288-foto1.jpg 214w, http:\/\/www.slineamt.ro\/apostolul\/wp-content\/uploads\/2025\/11\/18-ap288-foto1-213x300.jpg 213w, http:\/\/www.slineamt.ro\/apostolul\/wp-content\/uploads\/2025\/11\/18-ap288-foto1-160x226.jpg 160w\" sizes=\"auto, (max-width: 214px) 100vw, 214px\" \/><\/a><\/figure>\n<\/div>\n\n\n<p>Pe 18 noiembrie 2025, \u00een Sala Cupola, Biblioteca Jude\u0163ean\u0103 \u201eG.T. Kirileanu\u201d Neam\u0163 a organizat, \u00eempreun\u0103 cu Colegiul Tehnic \u201eGheorghe Cartianu\u201d Piatra-Neam\u0163, evocarea profesorului de matematic\u0103 Dumitru Enache, la 90 de ani de la na\u015ftere, \u00een cadrul proiectului \u201eS\u0103 cunoa\u015ftem istoria jude\u0163ului prin memoria comunit\u0103\u0163ii. Oameni, locuri, fapte\u201d.<\/p>\n\n\n\n<p>&nbsp;Manifestarea a fost moderat\u0103 de prof. Mihaela Mereu\u0163\u0103, managerul Bibliotecii Jude\u0163ene \u015fi onorat\u0103 de prezen\u0163a prof. Liana Diaconu, Carmen Ioana M\u0103riu\u0163\u0103, Ion Diaconu, Petru Negru, ing. Corina Frunz\u0103 \u015fi Anca Chiuariu, fost\u0103 elev\u0103. Evenimentul a fost marcat \u015fi cu momente poetice sus\u0163inute de profesoara de limba \u015fi literatura rom\u00e2n\u0103 Cristina Iuliana Marin \u015fi preotul Dumitru Marin.<\/p>\n\n\n\n<p><strong>Profesorul Dumitru Enache<\/strong> s-a n\u0103scut la 1 octombrie 1935 la S\u0103r\u0103\u0163ica Nou\u0103, Cahul, azi, raionul Leova din Republica Moldova. A absolvit Liceul \u201eCostache Negri\u201d T\u00e2rgu Ocna, dup\u0103 care a urmat cursurile Facult\u0103\u0163ii de Matematic\u0103, sec\u0163ia Matematic\u0103-Fizic\u0103, din cadrul Universit\u0103\u0163ii \u201eAlexandru Ioan Cuza\u201d Ia\u015fi, promo\u0163ia 1959. A predat la Liceul de Chimie One\u015fti, apoi, a fost profesor la Liceul de Chimie Piatra-Neam\u0163. \u00centre anii 1974 \u015fi 1977, a lucrat, cu contract, ca profesor de matematic\u0103 la Casablanca, \u00een Maroc. A ob\u0163inut toate gradele didactice cu not\u0103 maxim\u0103. Din anul 1977 \u015fi p\u00e2n\u0103 la pensionare, a activat doar la Liceul de Chimie Piatra-Neam\u0163.<\/p>\n\n\n\n<p><em>\u015ei-a iubit foarte mult profesia, \u00eendrum\u00e2nd, cu d\u0103ruire \u015fi r\u0103bdare, pe c\u0103r\u0103rile cunoa\u015fterii, multe genera\u0163ii de elevi de liceu, \u015fcoal\u0103 profesional\u0103 \u015fi \u015fcoal\u0103 de mai\u015ftri. A avut elevi participan\u0163i la Olimpiada Na\u0163ional\u0103, cu rezultate foarte bune. Pe mine \u015fi pe mama ne-a iubit foarte mult, fiind un real sprijin \u015fi ajutor pentru noi. Pe mama a sus\u0163inut-o foarte mult \u00een meseria ei, ajut\u00e2nd-o cu tot ce \u0163inea de domeniul farmaceutic. \u015ei-a iubit foarte mult \u015fi nepotul, Mihai Drago\u015f Constantin, care i-a mo\u015ftenit pu\u0163in din aspectul fizic \u015fi unele dintre calit\u0103\u0163ile pe care le-a avut. A avut mul\u0163i prieteni, oameni pe care i-a iubit \u015fi respectat, care l-au iubit \u015fi care i-au fost al\u0103turi p\u00e2n\u0103 \u00een ultima clip\u0103: Vasile Agafi\u0163ei, Constantin Antonovici, Alexandru Onica, Rodica \u015fi Lauren\u0163iu Borcea, Liana Diaconu, Eugenia \u015fi \u015etefan Compera, Maria U\u0163\u0103, Angela Arhire, Lucian Ercu\u0163\u0103, Maria Sill, Ion Zg\u00e2rciu<\/em>, spune fiica sa, Alina Constantin.<\/p>\n\n\n\n<p>Profesorul Dumitru Enache a decedat la 31 august 2006, la v\u00e2rsta de 70 de ani.<\/p>\n\n\n\n<p>(<strong><em>Biblioteca Jude\u0163ean\u0103 \u201eG. T. Kirileanu\u201d<\/em><\/strong>)<\/p>\n","protected":false},"excerpt":{"rendered":"<p>Pe 18 noiembrie 2025, \u00een Sala Cupola, Biblioteca Jude\u0163ean\u0103 \u201eG.T. Kirileanu\u201d Neam\u0163 a organizat, \u00eempreun\u0103 cu Colegiul Tehnic \u201eGheorghe Cartianu\u201d Piatra-Neam\u0163, evocarea profesorului de matematic\u0103 Dumitru Enache, la 90 de ani de la na\u015ftere, \u00een cadrul proiectului \u201eS\u0103 cunoa\u015ftem istoria&hellip;<\/p>\n<p class=\"more-link-p\"><a class=\"more-link\" href=\"http:\/\/www.slineamt.ro\/apostolul\/panoramic-nemtean\/evocarea-profesorului-de-matematica-dumitru-enache\/\">Read more &rarr;<\/a><\/p>\n","protected":false},"author":1,"featured_media":0,"comment_status":"open","ping_status":"closed","sticky":false,"template":"","format":"standard","meta":{"footnotes":""},"categories":[190,498],"tags":[],"class_list":["post-27937","post","type-post","status-publish","format-standard","hentry","category-panoramic-nemtean","category-288-noiembrie-2025"],"_links":{"self":[{"href":"http:\/\/www.slineamt.ro\/apostolul\/wp-json\/wp\/v2\/posts\/27937","targetHints":{"allow":["GET"]}}],"collection":[{"href":"http:\/\/www.slineamt.ro\/apostolul\/wp-json\/wp\/v2\/posts"}],"about":[{"href":"http:\/\/www.slineamt.ro\/apostolul\/wp-json\/wp\/v2\/types\/post"}],"author":[{"embeddable":true,"href":"http:\/\/www.slineamt.ro\/apostolul\/wp-json\/wp\/v2\/users\/1"}],"replies":[{"embeddable":true,"href":"http:\/\/www.slineamt.ro\/apostolul\/wp-json\/wp\/v2\/comments?post=27937"}],"version-history":[{"count":3,"href":"http:\/\/www.slineamt.ro\/apostolul\/wp-json\/wp\/v2\/posts\/27937\/revisions"}],"predecessor-version":[{"id":28014,"href":"http:\/\/www.slineamt.ro\/apostolul\/wp-json\/wp\/v2\/posts\/27937\/revisions\/28014"}],"wp:attachment":[{"href":"http:\/\/www.slineamt.ro\/apostolul\/wp-json\/wp\/v2\/media?parent=27937"}],"wp:term":[{"taxonomy":"category","embeddable":true,"href":"http:\/\/www.slineamt.ro\/apostolul\/wp-json\/wp\/v2\/categories?post=27937"},{"taxonomy":"post_tag","embeddable":true,"href":"http:\/\/www.slineamt.ro\/apostolul\/wp-json\/wp\/v2\/tags?post=27937"}],"curies":[{"name":"wp","href":"https:\/\/api.w.org\/{rel}","templated":true}]}}