{"id":27939,"date":"2025-11-21T14:08:00","date_gmt":"2025-11-21T14:08:00","guid":{"rendered":"https:\/\/www.slineamt.ro\/apostolul\/?p=27939"},"modified":"2025-11-21T14:08:00","modified_gmt":"2025-11-21T14:08:00","slug":"s-a-pensionat-adrian-stroici-unul-dintre-cei-mai-iubiti-dascali-de-la-liceul-de-arte-victor-brauner","status":"publish","type":"post","link":"http:\/\/www.slineamt.ro\/apostolul\/panoramic-nemtean\/s-a-pensionat-adrian-stroici-unul-dintre-cei-mai-iubiti-dascali-de-la-liceul-de-arte-victor-brauner\/","title":{"rendered":"S-a pensionat Adrian Stroici, unul dintre cei mai iubi\u0163i dasc\u0103li de la Liceul de Arte \u201eVictor Brauner\u201d"},"content":{"rendered":"<div class=\"wp-block-image\">\n<figure class=\"alignleft size-full\"><a href=\"http:\/\/www.slineamt.ro\/apostolul\/wp-content\/uploads\/2025\/11\/17-ap288-foto1.jpg\"><img loading=\"lazy\" decoding=\"async\" width=\"376\" height=\"378\" src=\"http:\/\/www.slineamt.ro\/apostolul\/wp-content\/uploads\/2025\/11\/17-ap288-foto1.jpg\" alt=\"\" class=\"wp-image-27940\" srcset=\"http:\/\/www.slineamt.ro\/apostolul\/wp-content\/uploads\/2025\/11\/17-ap288-foto1.jpg 376w, http:\/\/www.slineamt.ro\/apostolul\/wp-content\/uploads\/2025\/11\/17-ap288-foto1-298x300.jpg 298w, http:\/\/www.slineamt.ro\/apostolul\/wp-content\/uploads\/2025\/11\/17-ap288-foto1-150x150.jpg 150w, http:\/\/www.slineamt.ro\/apostolul\/wp-content\/uploads\/2025\/11\/17-ap288-foto1-260x261.jpg 260w, http:\/\/www.slineamt.ro\/apostolul\/wp-content\/uploads\/2025\/11\/17-ap288-foto1-160x161.jpg 160w\" sizes=\"auto, (max-width: 376px) 100vw, 376px\" \/><\/a><\/figure>\n<\/div>\n\n\n<p>Profesorul de muzic\u0103 Adrian Stroici, personalitate de seam\u0103 a vie\u0163ii culturale nem\u0163ene, s-a pensionat. El a fost s\u0103rb\u0103torit \u00een cadrul unei emo\u0163ionante ceremonii organizate joi, 23 octombrie 2025, \u00een Sala \u201eTheodor Macarie\u201d a Liceului de Arte \u201eVictor Brauner\u201d.<\/p>\n\n\n\n<p>Profesor corepetitor, compozitor, Adrian Stroici este un neobosit slujitor al \u00eenv\u0103\u0163\u0103m\u00e2ntului muzical, un Om d\u0103ruit muzicii, un Om foarte iubit de elevi \u015fi colegi. Exist\u0103 \u00een firea lui Adrian Stroici o rar\u0103 generozitate. Iar elevii s\u0103i au v\u0103zut \u00een omul de la catedr\u0103 \u015fi de la pian un mare artist, un pedagog cu har.<\/p>\n\n\n\n<p>\u201eAst\u0103zi este o zi de mare s\u0103rb\u0103toare! Ne-am bucurat de noua etap\u0103 \u00een cariera tat\u0103lui meu, una \u00een care va avea mai mult timp pentru compozi\u0163ie \u015fi concerte. Avem un proasp\u0103t pensionar \u00een familie! Am s\u0103rb\u0103torit cu mare drag al\u0103turi de familia Liceului de Arte \u201eVictor Brauner\u201d din Piatra-Neam\u0163. A fost foarte emo\u0163ionant! Este un Om iubit \u015fi sper s\u0103 simt\u0103 c\u00e2t de m\u00e2ndr\u0103 sunt de el\u201d, este mesajul transmis de fiica sa, violonista Sara Stroici, cdai. dr. la Academia Na\u0163ional\u0103 de Muzic\u0103 \u201eGheorghe Dima\u201d din Cluj-Napoca, Extensia Piatra-Neam\u0163.<\/p>\n\n\n\n<p><strong>Adrian Stroici s-a n\u0103scut la 18 ianuarie 1965<\/strong>, la Petro\u015fani, \u00een jude\u0163ul Hunedoara.<\/p>\n\n\n\n<p>La Liceul de Muzic\u0103 din Cluj-Napoca, a studiat cu prof. Monica Codreanu \u015fi Bogdan Georgescu, deschiz\u00e2ndu-i-se un orizont mai larg spre zona de compozi\u0163ie.<\/p>\n\n\n<div class=\"wp-block-image\">\n<figure class=\"alignright size-full is-resized\"><a href=\"http:\/\/www.slineamt.ro\/apostolul\/wp-content\/uploads\/2025\/11\/17-ap288-foto2.jpg\"><img loading=\"lazy\" decoding=\"async\" width=\"491\" height=\"255\" src=\"http:\/\/www.slineamt.ro\/apostolul\/wp-content\/uploads\/2025\/11\/17-ap288-foto2.jpg\" alt=\"\" class=\"wp-image-27941\" style=\"width:580px;height:auto\" srcset=\"http:\/\/www.slineamt.ro\/apostolul\/wp-content\/uploads\/2025\/11\/17-ap288-foto2.jpg 491w, http:\/\/www.slineamt.ro\/apostolul\/wp-content\/uploads\/2025\/11\/17-ap288-foto2-300x156.jpg 300w, http:\/\/www.slineamt.ro\/apostolul\/wp-content\/uploads\/2025\/11\/17-ap288-foto2-260x135.jpg 260w, http:\/\/www.slineamt.ro\/apostolul\/wp-content\/uploads\/2025\/11\/17-ap288-foto2-160x83.jpg 160w\" sizes=\"auto, (max-width: 491px) 100vw, 491px\" \/><\/a><\/figure>\n<\/div>\n\n\n<p>\u00cen anul 1988, a absolvit Universitatea Na\u0163ional\u0103 de Muzic\u0103 din Bucure\u015fti, av\u00e2ndu-i ca mentori pe: Anatol Vieru, \u015etefan Niculescu, Nicolae Coman, Alexandru Pa\u015fcanu, Liviu Brumaru, Petre Br\u00e2ncu\u015fi, Vasile Iliu\u0163, Dinu Ciocan, Irina Od\u0103gescu-\u0162u\u0163uianu, Marin Constantin, Petre Cr\u0103ciun, Liviu D\u0103nceanu, \u015etefan Zorzor, Victor Giuleanu, Marta-Marina Vlad, Drago\u015f T\u0103n\u0103sescu, Aurora Ienei, Aurel Stroe, Nicolae Beloiu.<\/p>\n\n\n\n<p>De asemenea, la formarea sa muzical\u0103 a contribuit \u015fi colaborarea cu compozitorul \u015etefan Zorzor.<\/p>\n\n\n\n<p>La Liceul de Arte \u201eVictor Brauner\u201d a predat de la \u00eenfiin\u0163are, din anul 1990.<\/p>\n\n\n\n<p>Compozi\u0163ii: <em>Simfonia Sacr\u0103, Cantata Horelor, Concertino pentru pian \u015fi orchestr\u0103 de coarde, Concert pentru vioar\u0103 \u015fi orchestr\u0103, Oratoriu de nunt\u0103, Sonat\u0103 pentru vioar\u0103 \u015fi pian<\/em>, lieduri, colinde, imnuri, prelucr\u0103ri \u015fi orchestra\u0163ii.<\/p>\n\n\n\n<p><strong><em>Violeta MO\u015eU,<\/em><\/strong><\/p>\n\n\n\n<p><strong><em>Foto: Sara Stroici<\/em><\/strong><\/p>\n","protected":false},"excerpt":{"rendered":"<p>Profesorul de muzic\u0103 Adrian Stroici, personalitate de seam\u0103 a vie\u0163ii culturale nem\u0163ene, s-a pensionat. El a fost s\u0103rb\u0103torit \u00een cadrul unei emo\u0163ionante ceremonii organizate joi, 23 octombrie 2025, \u00een Sala \u201eTheodor Macarie\u201d a Liceului de Arte \u201eVictor Brauner\u201d. Profesor corepetitor,&hellip;<\/p>\n<p class=\"more-link-p\"><a class=\"more-link\" href=\"http:\/\/www.slineamt.ro\/apostolul\/panoramic-nemtean\/s-a-pensionat-adrian-stroici-unul-dintre-cei-mai-iubiti-dascali-de-la-liceul-de-arte-victor-brauner\/\">Read more &rarr;<\/a><\/p>\n","protected":false},"author":1,"featured_media":0,"comment_status":"open","ping_status":"closed","sticky":false,"template":"","format":"standard","meta":{"footnotes":""},"categories":[190,498],"tags":[],"class_list":["post-27939","post","type-post","status-publish","format-standard","hentry","category-panoramic-nemtean","category-288-noiembrie-2025"],"_links":{"self":[{"href":"http:\/\/www.slineamt.ro\/apostolul\/wp-json\/wp\/v2\/posts\/27939","targetHints":{"allow":["GET"]}}],"collection":[{"href":"http:\/\/www.slineamt.ro\/apostolul\/wp-json\/wp\/v2\/posts"}],"about":[{"href":"http:\/\/www.slineamt.ro\/apostolul\/wp-json\/wp\/v2\/types\/post"}],"author":[{"embeddable":true,"href":"http:\/\/www.slineamt.ro\/apostolul\/wp-json\/wp\/v2\/users\/1"}],"replies":[{"embeddable":true,"href":"http:\/\/www.slineamt.ro\/apostolul\/wp-json\/wp\/v2\/comments?post=27939"}],"version-history":[{"count":1,"href":"http:\/\/www.slineamt.ro\/apostolul\/wp-json\/wp\/v2\/posts\/27939\/revisions"}],"predecessor-version":[{"id":27942,"href":"http:\/\/www.slineamt.ro\/apostolul\/wp-json\/wp\/v2\/posts\/27939\/revisions\/27942"}],"wp:attachment":[{"href":"http:\/\/www.slineamt.ro\/apostolul\/wp-json\/wp\/v2\/media?parent=27939"}],"wp:term":[{"taxonomy":"category","embeddable":true,"href":"http:\/\/www.slineamt.ro\/apostolul\/wp-json\/wp\/v2\/categories?post=27939"},{"taxonomy":"post_tag","embeddable":true,"href":"http:\/\/www.slineamt.ro\/apostolul\/wp-json\/wp\/v2\/tags?post=27939"}],"curies":[{"name":"wp","href":"https:\/\/api.w.org\/{rel}","templated":true}]}}