{"id":27960,"date":"2025-11-22T04:50:47","date_gmt":"2025-11-22T04:50:47","guid":{"rendered":"https:\/\/www.slineamt.ro\/apostolul\/?p=27960"},"modified":"2025-11-22T04:50:47","modified_gmt":"2025-11-22T04:50:47","slug":"o-suta-de-ani-de-marturisire-si-impactul-lor-pentru-contemporaneitate","status":"publish","type":"post","link":"http:\/\/www.slineamt.ro\/apostolul\/nihil-sine-deo\/o-suta-de-ani-de-marturisire-si-impactul-lor-pentru-contemporaneitate\/","title":{"rendered":"O sut\u0103 de ani de m\u0103rturisire \u015fi impactul lor pentru contemporaneitate"},"content":{"rendered":"<div class=\"wp-block-image\">\n<figure class=\"alignleft size-full is-resized\"><a href=\"http:\/\/www.slineamt.ro\/apostolul\/wp-content\/uploads\/2025\/11\/11-ap288-foto1.jpg\"><img loading=\"lazy\" decoding=\"async\" width=\"214\" height=\"302\" src=\"http:\/\/www.slineamt.ro\/apostolul\/wp-content\/uploads\/2025\/11\/11-ap288-foto1.jpg\" alt=\"\" class=\"wp-image-27961\" style=\"width:304px;height:auto\" srcset=\"http:\/\/www.slineamt.ro\/apostolul\/wp-content\/uploads\/2025\/11\/11-ap288-foto1.jpg 214w, http:\/\/www.slineamt.ro\/apostolul\/wp-content\/uploads\/2025\/11\/11-ap288-foto1-213x300.jpg 213w, http:\/\/www.slineamt.ro\/apostolul\/wp-content\/uploads\/2025\/11\/11-ap288-foto1-160x226.jpg 160w\" sizes=\"auto, (max-width: 214px) 100vw, 214px\" \/><\/a><\/figure>\n<\/div>\n\n\n<p><em>Anul omagial al Centenarului Patriarhiei Rom\u00e2ne<\/em> \u015fi <em>Anul comemorativ al duhovnicilor \u015fi m\u0103rturisitorilor ortodoc\u015fi rom\u00e2ni din secolul al XX-lea<\/em> au fost marca\u0163i de c\u0103tre Facultatea de Teologie Ortodox\u0103 a Universi\u00adt\u0103\u0163ii \u201eBabe\u015f-Bolyai\u201d din Cluj-Napoca prin organizarea Simpozionului Interna\u0163ional de Teologie, Istorie, Muzicologie \u015fi Art\u0103 Sacr\u0103, cu tema \u201eO sut\u0103 de ani de m\u0103rturisire \u015fi impactul lor pentru contemporaneitate\u201d.Acesta s-a desf\u0103\u015furat\u00een perioada 2-4 noiembrie 2025 \u015fi a adunat ierarhi, profesori, teologi, oameni de cultur\u0103 din \u0163ar\u0103 \u015fi str\u0103in\u0103tate (<strong>Polonia, Germania, Fran\u0163a, Italia, Ungaria, Malta, Grecia, Africa de Sud<\/strong>), care au dezb\u0103tut diferite subiecte \u015fi probleme de actualitate \u00eencadrate \u00een tematica stabilit\u0103.<\/p>\n\n\n\n<p>Prelegeri precum: <em>M\u0103rturisire \u015fi sfin\u0163enie; Actualitatea teologiei spirituale academice la un secol de la Patriarhat: perspective teologice \u015fi direc\u0163ii contemporane; Paternitatea duhovniceasc\u0103 \u00een \u00eenv\u0103\u0163\u0103m\u00e2ntul teologic rom\u00e2nesc; Is the Roman Catholic Church moving towards Orthodox Ecclesiological Solutions? Comments on the Synod on Synodality<\/em> au fost sus\u0163inute \u00een plen, \u00een sesiunea inaugaural\u0103, de c\u0103tre ierarhii participan\u0163i (IPS Andrei, Mitropolitul Clujului, Maramure\u015fului \u015fi S\u0103lajului, PS Benedict, Episcopul S\u0103lajului \u015fi PS Samuel Bistri\u0163eanul, Episcopul vicar al Arhiepiscopiei Vadului, Feleacului \u015fi Clujului), respectiv de c\u0103tre decanul Facul\u00adt\u0103\u0163ii de Teologie de la Universitatea Catolic\u0103 \u201eIoan Paul al II-lea\u201d din Lublin (Polonia), rev. prof. univ. dr. Przemys\u0142aw Kantyka.&nbsp;<\/p>\n\n\n\n<p>Structurate \u00een mai multe sec\u0163iuni tematice: <strong>Teologie Sistematic\u0103, Biblic\u0103, Istorie, Practic\u0103, Art\u0103 Sacr\u0103, Muzicologie, Sec\u0163iunea teologie limba englez\u0103, Studii doctorale<\/strong> (pentru cei peste 60 de doctoranzi participan\u0163i), sesiunile simpozionului au antrenat speciali\u015ftii la dezbateri \u015fi analize pe marginea subiectelor abordate. Lucr\u0103rile s-au desf\u0103\u015furat \u00een format mixt (fa\u0163\u0103 \u00een fa\u0163\u0103 \u015fi on-line), av\u00e2nd numeroase subiecte incitante, dintre care voi enumera doar c\u00e2teva: \u201e<em>Shema Israel\u201d \u2013 fundament al monoteismului iudaic \u015fi model al articolului de exprimare a credin\u0163ei; Sistemul Imunitar Spiritual al neamului rom\u00e2nesc: Biserica Ortodox\u0103 Rom\u00e2n\u0103 \u2013 factor de igien\u0103 mental\u0103 colectiv\u0103 \u015fi scut \u00eempotriva psihozelor sociale; Dincolo de etic\u0103, neantul. Pseudo-teologia social\u0103; Coresponden\u0163a Dumitru St\u0103niloae \u2013 Ioan Mih\u0103l\u0163an; Orizonturi ireconciliabile: caracterul mucenicesc al propov\u0103duirii Revela\u0163iei sub imperiul reduc\u0163ionist al antiteismului comunist; Beneficiile catehiz\u0103rii asupra st\u0103rii de s\u0103n\u0103tate a copiilor; Contribu\u0163ia teologilor de la Cern\u0103u\u0163i la \u00eenfiin\u0163area Patriarhiei Rom\u00e2ne; Liviu Rebreanu \u015fi credin\u0163a cre\u015ftin-ortodox\u0103; Dup\u0103 35 de ani. Trauma &amp; memoria deten\u0163iei politice \u00een societatea rom\u00e2neasc\u0103 post-comunist\u0103; Evolu\u0163ia \u00eenv\u0103\u0163\u0103m\u00e2ntului teologic superior \u00een Biserica Ortodox\u0103 Rom\u00e2n\u0103 \u00een perioada 1925-2025; P\u0103rintele m\u0103rturisitor Iustin P\u00e2rvu \u2013 \u00eentre Cuv\u00e2ntul Evangheliei \u015fi Na\u0163iunea Rom\u00e2n\u0103; Ultimul pas al rom\u00e2nirii c\u00e2nt\u0103rilor \u2013 imnografia metric\u0103: Paraclisul Sf\u00e2ntului Preot M\u0103rturisitor Liviu-Galaction Munteanu; Aspecte armonice \u00een Liturghia pentru cor mixt a lui Gheorghe Dima; M\u0103rturisitori de dup\u0103 gratii \u2013 recuperarea m\u0103rturiilor despre clericii care au trecut prin \u00eenchisorile comuniste din Rom\u00e2nia; Duhovnici rom\u00e2ni ai secolului XX \u00een reflec\u0163ia teologic\u0103 a lui Teodor Baconschi: Dumitru St\u0103niloae, Paisie \u015fi Cleopa de la Sih\u0103stria \u015fi Sofian Boghiu; Byzantine Cultural Memory and the Ancient Novel: Christian Perspectives (9th-12th Centuries); Propheticness of the Ecumenical Social Thought: The Centenary of the \u201eLife and Work\u201d; The Concept of Refrigerium and the dogmatic Fate of the intermediate State of Salvation; Missiological Mirrors: The Mission of the Romanian Orthodox Church and Its Identity Negotiation with Greek and Russian Approaches (1925-2025) <\/em>etc.<\/p>\n\n\n\n<p>Lucr\u0103rile au ar\u0103tat c\u0103&nbsp;<strong>m\u0103rturisirea credin\u0163ei<\/strong>&nbsp;r\u0103m\u00e2ne axa fundamental\u0103 a identit\u0103\u0163ii ortodoxe, capabil\u0103 s\u0103 inspire r\u0103spunsuri coerente la crizele morale \u015fi antropologice actuale. \u00cen acela\u015fi timp,&nbsp;<strong>dialogul dintre teologie, cultur\u0103 \u015fi \u015ftiin\u0163\u0103<\/strong>&nbsp;s-a conturat ca direc\u0163ie prioritar\u0103 de cercetare \u015fi misiune, indic\u00e2nd nevoia unei prezen\u0163e ortodoxe active \u00een spa\u0163iul public \u015fi academic.<\/p>\n\n\n\n<p>S-a reafirmat caracterul matur, integrator \u015fi profund misionar al Patriarhiei Rom\u00e2ne, privit\u0103 nu doar ca o institu\u0163ie istoric\u0103, ci ca o<strong>realitate vie a comuniunii \u015fi a m\u0103rturisirii<\/strong><strong>.<\/strong> Important de subliniat este faptul c\u0103, \u00een cei 100 de ani de patriarhat, Biserica Ortodox\u0103 Rom\u00e2n\u0103 a \u201erodit\u201d, oferind poporului sfin\u0163i m\u0103rturisitori prin fapt\u0103 \u015fi cuv\u00e2nt, modele vii de urmat. Dac\u0103 ar fi s\u0103 amintim doar lista celor 16 cuvio\u015fi \u015fi m\u0103rturisitori, martiri canoniza\u0163i \u00een iulie 2024. Totodat\u0103, a dezvoltat un sistem de \u00eenv\u0103\u0163\u0103m\u00e2nt teologic academic, a \u00eenfiin\u0163at cantine sociale, a\u015fez\u0103minte filantropice, tipografii etc.<\/p>\n\n\n\n<p>Sesiunile doctoranzilor au demonstrat angajamentul noii genera\u0163ii de teologi fa\u0163\u0103 de teme esen\u0163iale precum martiriul, identitatea eclezial\u0103 \u015fi antropologia aplicat\u0103.<\/p>\n\n\n\n<p>Participan\u0163ii din str\u0103in\u0103tate au adus o perspectiv\u0103 ampl\u0103 asupra martiriului ca expresie a credin\u0163ei \u015fi fidelit\u0103\u0163ii \u00een fa\u0163a compromisului, evoc\u00e2nd experien\u0163ele dramatice ale Bisericii Ortodoxe Rom\u00e2ne din perioada comunist\u0103. S-a subliniat c\u0103 s\u00e2ngele m\u0103rturisitorilor, indiferent de confesiune, devine un limbaj comun al unit\u0103\u0163ii cre\u015ftine \u015fi o punte \u00eentre Bisericile R\u0103s\u0103ritului \u015fi ale Apusului.<\/p>\n\n\n\n<p>\u00cen cadrul simpozionului, a fost vizitat\u0103 expozi\u0163ia de Art\u0103 Sacr\u0103 \u201eM\u0103rturisire de credin\u0163\u0103 \u015fi iconografie\u201d (coordonator prof. univ. dr. Marcel Muntean), deschis\u0103 \u00een Galeria \u201eErmineia\u201d, la etajul 1 al Facult\u0103\u0163ii de Teologie Ortodox\u0103. Aici au expus lucr\u0103ri cadrele didactice \u015fi studen\u0163i de la specializarea Art\u0103 Sacr\u0103 din cadrul acestei institu\u0163ii de \u00eenv\u0103\u0163\u0103m\u00e2nt teologic clujean, expozi\u0163ia fiind deschis\u0103 \u00een perioada 3-30 noiembrie 2025.<\/p>\n\n\n\n<p>Manifestarea \u015ftiin\u0163ific\u0103 s-a \u00eencheiat mar\u0163i seara, 4 noiembrie 2025, c\u00e2nd au fost prezentate concluziile simpozionului, dup\u0103 care s-a vizionat filmul documentar \u201eGheorghe Dima, un sf\u00e2nt al muzicii rom\u00e2ne\u015fti\u201d.<\/p>\n\n\n\n<p>\u00cen final, participan\u0163ii s-au bucurat de un concert coral aniversar, sus\u0163inut de Corul de Camer\u0103 \u201ePsalmodia Transylvanica\u201d (aniverseaz\u0103 35 de ani de la \u00eenfiin\u0163are) \u015fi de Grupul vocal \u201eSynavlia\u201d din Cluj-Napoca, invitat de onoare.<\/p>\n\n\n\n<p>Lucr\u0103rile prezentate \u00een cadrul simpozionului vor ap\u0103rea \u00eentr-un volum special, care va fi editat anul viitor.<\/p>\n\n\n\n<p><strong><em>Prof. dr. Mihai FLOROAIA<\/em><\/strong><\/p>\n","protected":false},"excerpt":{"rendered":"<p>Anul omagial al Centenarului Patriarhiei Rom\u00e2ne \u015fi Anul comemorativ al duhovnicilor \u015fi m\u0103rturisitorilor ortodoc\u015fi rom\u00e2ni din secolul al XX-lea au fost marca\u0163i de c\u0103tre Facultatea de Teologie Ortodox\u0103 a Universi\u00adt\u0103\u0163ii \u201eBabe\u015f-Bolyai\u201d din Cluj-Napoca prin organizarea Simpozionului Interna\u0163ional de Teologie, Istorie,&hellip;<\/p>\n<p class=\"more-link-p\"><a class=\"more-link\" href=\"http:\/\/www.slineamt.ro\/apostolul\/nihil-sine-deo\/o-suta-de-ani-de-marturisire-si-impactul-lor-pentru-contemporaneitate\/\">Read more &rarr;<\/a><\/p>\n","protected":false},"author":1,"featured_media":0,"comment_status":"open","ping_status":"closed","sticky":false,"template":"","format":"standard","meta":{"footnotes":""},"categories":[22,498],"tags":[],"class_list":["post-27960","post","type-post","status-publish","format-standard","hentry","category-nihil-sine-deo","category-288-noiembrie-2025"],"_links":{"self":[{"href":"http:\/\/www.slineamt.ro\/apostolul\/wp-json\/wp\/v2\/posts\/27960","targetHints":{"allow":["GET"]}}],"collection":[{"href":"http:\/\/www.slineamt.ro\/apostolul\/wp-json\/wp\/v2\/posts"}],"about":[{"href":"http:\/\/www.slineamt.ro\/apostolul\/wp-json\/wp\/v2\/types\/post"}],"author":[{"embeddable":true,"href":"http:\/\/www.slineamt.ro\/apostolul\/wp-json\/wp\/v2\/users\/1"}],"replies":[{"embeddable":true,"href":"http:\/\/www.slineamt.ro\/apostolul\/wp-json\/wp\/v2\/comments?post=27960"}],"version-history":[{"count":1,"href":"http:\/\/www.slineamt.ro\/apostolul\/wp-json\/wp\/v2\/posts\/27960\/revisions"}],"predecessor-version":[{"id":27962,"href":"http:\/\/www.slineamt.ro\/apostolul\/wp-json\/wp\/v2\/posts\/27960\/revisions\/27962"}],"wp:attachment":[{"href":"http:\/\/www.slineamt.ro\/apostolul\/wp-json\/wp\/v2\/media?parent=27960"}],"wp:term":[{"taxonomy":"category","embeddable":true,"href":"http:\/\/www.slineamt.ro\/apostolul\/wp-json\/wp\/v2\/categories?post=27960"},{"taxonomy":"post_tag","embeddable":true,"href":"http:\/\/www.slineamt.ro\/apostolul\/wp-json\/wp\/v2\/tags?post=27960"}],"curies":[{"name":"wp","href":"https:\/\/api.w.org\/{rel}","templated":true}]}}