{"id":27970,"date":"2025-11-22T05:06:27","date_gmt":"2025-11-22T05:06:27","guid":{"rendered":"https:\/\/www.slineamt.ro\/apostolul\/?p=27970"},"modified":"2025-11-22T05:06:27","modified_gmt":"2025-11-22T05:06:27","slug":"regina-maria-o-zi-de-nastere-o-lectie-de-cultura-si-valori","status":"publish","type":"post","link":"http:\/\/www.slineamt.ro\/apostolul\/lectia-de-istorie\/regina-maria-o-zi-de-nastere-o-lectie-de-cultura-si-valori\/","title":{"rendered":"Regina Maria: o zi de na\u015ftere, o lec\u0163ie de cultur\u0103 \u015fi valori"},"content":{"rendered":"<div class=\"wp-block-image\">\n<figure class=\"alignleft size-full is-resized\"><a href=\"https:\/\/www.slineamt.ro\/apostolul\/wp-content\/uploads\/2025\/11\/08-ap288-foto1.jpg\"><img loading=\"lazy\" decoding=\"async\" width=\"170\" height=\"265\" src=\"https:\/\/www.slineamt.ro\/apostolul\/wp-content\/uploads\/2025\/11\/08-ap288-foto1.jpg\" alt=\"\" class=\"wp-image-27971\" style=\"width:335px;height:auto\" srcset=\"http:\/\/www.slineamt.ro\/apostolul\/wp-content\/uploads\/2025\/11\/08-ap288-foto1.jpg 170w, http:\/\/www.slineamt.ro\/apostolul\/wp-content\/uploads\/2025\/11\/08-ap288-foto1-160x249.jpg 160w\" sizes=\"auto, (max-width: 170px) 100vw, 170px\" \/><\/a><\/figure>\n<\/div>\n\n\n<p>Ziua de 29 octombrie nu este doar un simplu reper calendaristic pentru Republica Moldova; este o zi \u00een care memoria unei figuri istorice remarcabile, Regina Maria, prinde via\u0163\u0103 prin evenimente culturale \u015fi educative. Aceast\u0103 zi ne ofer\u0103 prilejul s\u0103 privim dincolo de paginile istoriei \u015fi s\u0103 reflect\u0103m asupra impactului pe care personalit\u0103\u0163ile marcante \u00eel pot avea asupra comunit\u0103\u0163ii \u015fi a valorilor pe care le promov\u0103m.<\/p>\n\n\n\n<p>Regina Maria nu a fost doar o regin\u0103 prin titlu, ci \u015fi o regin\u0103 a inimii \u015fi a min\u0163ii. \u00cen timpul vie\u0163ii sale, a promovat educa\u0163ia, cultura \u015fi implicarea civic\u0103, valori care r\u0103m\u00e2n ast\u0103zi la fel de actuale. \u00cen Republica Moldova, marcarea zilei sale de na\u015ftere a avut loc printr-o serie de activit\u0103\u0163i:<\/p>\n\n\n\n<p>\u2022 Universitatea de Stat din Moldova a deschis manifest\u0103rile dedicate Reginei Maria cu conferin\u0163a \u201eCalea Mariei&#8230; Personalitatea poliedric\u0103 a Reginei Maria\u201d, adresat\u0103 studen\u0163ilor \u015fi tinerilor cercet\u0103tori.<\/p>\n\n\n\n<p>\u2022 Academia de \u015etiin\u0163e a Moldovei a organizat conferin\u0163a \u201eRegina Maria \u2013 150 de ani de la na\u015ftere. Un destin \u00eentruchipat \u00een devotament, responsabilitate \u015fi atitudine\u201d, reunind cercet\u0103tori \u015fi istorici care au prezentat aspecte pu\u0163in cunoscute ale vie\u0163ii reginei.<\/p>\n\n\n\n<p>\u2022 Biblioteca Na\u0163ional\u0103 a g\u0103zduit expozi\u0163ia \u201eRegina Maria \u2013 singura regin\u0103 a Rom\u00e2niei Mari\u201d, cu documente, volume \u015fi albume dedicate personalit\u0103\u0163ii sale, oferind vizitatorilor o experien\u0163\u0103 vizual\u0103 \u015fi educativ\u0103.<\/p>\n\n\n\n<p>\u2022 La Chi\u015fin\u0103u au fost organizate ceremonii de depunere de flori la statuia Reginei Maria, recitaluri literare \u015fi expozi\u0163ii de carte \u015fi fotografie, subliniind importan\u0163a valorilor culturale \u015fi istorice \u00een comunitate.<\/p>\n\n\n\n<p>Mai mult dec\u00e2t simpla comemorare a unei figuri istorice, aceste activit\u0103\u0163i devin oportunit\u0103\u0163i de reflec\u0163ie: cum putem noi, ast\u0103zi, s\u0103 ne inspir\u0103m din via\u0163a \u015fi valorile Reginei Maria? Elevii \u015fi tinerii care particip\u0103 la astfel de evenimente descoper\u0103 curajul, d\u0103ruirea \u015fi aten\u0163ia fa\u0163\u0103 de comunitate, dar \u015fi frumuse\u0163ea culturii \u015fi literaturii. Prin lectur\u0103, expozi\u0163ii, conferin\u0163e \u015fi activit\u0103\u0163i comemorative, tinerii \u00een\u0163eleg c\u0103 istoria nu este doar o succesiune de date, ci o lec\u0163ie despre oameni, decizii \u015fi principii morale.<\/p>\n\n\n\n<p>Astfel, aniversarea Reginei Maria \u00een Republica Moldova nu este doar o celebrare istoric\u0103, ci un eseu viu despre importan\u0163a valorilor \u00een formarea genera\u0163iilor viitoare. Prin fiecare expozi\u0163ie, conferin\u0163\u0103 sau activitate desf\u0103\u015furat\u0103 \u00een \u015fcoli, universit\u0103\u0163i \u015fi institu\u0163ii culturale, memoria Reginei Maria prinde contur nu doar \u00een c\u0103r\u0163i, ci \u015fi \u00een vie\u0163ile celor care \u00eenva\u0163\u0103 s\u0103 pre\u0163uiasc\u0103 cultura, istoria \u015fi educa\u0163ia.<\/p>\n\n\n\n<p><strong><em>Red.<\/em><\/strong><\/p>\n","protected":false},"excerpt":{"rendered":"<p>Ziua de 29 octombrie nu este doar un simplu reper calendaristic pentru Republica Moldova; este o zi \u00een care memoria unei figuri istorice remarcabile, Regina Maria, prinde via\u0163\u0103 prin evenimente culturale \u015fi educative. Aceast\u0103 zi ne ofer\u0103 prilejul s\u0103 privim&hellip;<\/p>\n<p class=\"more-link-p\"><a class=\"more-link\" href=\"http:\/\/www.slineamt.ro\/apostolul\/lectia-de-istorie\/regina-maria-o-zi-de-nastere-o-lectie-de-cultura-si-valori\/\">Read more &rarr;<\/a><\/p>\n","protected":false},"author":1,"featured_media":0,"comment_status":"open","ping_status":"closed","sticky":false,"template":"","format":"standard","meta":{"footnotes":""},"categories":[6,498],"tags":[],"class_list":["post-27970","post","type-post","status-publish","format-standard","hentry","category-lectia-de-istorie","category-288-noiembrie-2025"],"_links":{"self":[{"href":"http:\/\/www.slineamt.ro\/apostolul\/wp-json\/wp\/v2\/posts\/27970","targetHints":{"allow":["GET"]}}],"collection":[{"href":"http:\/\/www.slineamt.ro\/apostolul\/wp-json\/wp\/v2\/posts"}],"about":[{"href":"http:\/\/www.slineamt.ro\/apostolul\/wp-json\/wp\/v2\/types\/post"}],"author":[{"embeddable":true,"href":"http:\/\/www.slineamt.ro\/apostolul\/wp-json\/wp\/v2\/users\/1"}],"replies":[{"embeddable":true,"href":"http:\/\/www.slineamt.ro\/apostolul\/wp-json\/wp\/v2\/comments?post=27970"}],"version-history":[{"count":1,"href":"http:\/\/www.slineamt.ro\/apostolul\/wp-json\/wp\/v2\/posts\/27970\/revisions"}],"predecessor-version":[{"id":27972,"href":"http:\/\/www.slineamt.ro\/apostolul\/wp-json\/wp\/v2\/posts\/27970\/revisions\/27972"}],"wp:attachment":[{"href":"http:\/\/www.slineamt.ro\/apostolul\/wp-json\/wp\/v2\/media?parent=27970"}],"wp:term":[{"taxonomy":"category","embeddable":true,"href":"http:\/\/www.slineamt.ro\/apostolul\/wp-json\/wp\/v2\/categories?post=27970"},{"taxonomy":"post_tag","embeddable":true,"href":"http:\/\/www.slineamt.ro\/apostolul\/wp-json\/wp\/v2\/tags?post=27970"}],"curies":[{"name":"wp","href":"https:\/\/api.w.org\/{rel}","templated":true}]}}