{"id":27984,"date":"2025-11-22T05:24:12","date_gmt":"2025-11-22T05:24:12","guid":{"rendered":"https:\/\/www.slineamt.ro\/apostolul\/?p=27984"},"modified":"2025-11-22T05:24:12","modified_gmt":"2025-11-22T05:24:12","slug":"grigore-caraza-amintiri-si-istorii-despre-un-muntean-de-la-poiana-teiului","status":"publish","type":"post","link":"http:\/\/www.slineamt.ro\/apostolul\/lectia-de-istorie\/grigore-caraza-amintiri-si-istorii-despre-un-muntean-de-la-poiana-teiului\/","title":{"rendered":"Grigore Caraza, amintiri \u015fi istorii despre un muntean de la Poiana Teiului"},"content":{"rendered":"<div class=\"wp-block-image\">\n<figure class=\"alignleft size-full is-resized\"><a href=\"https:\/\/www.slineamt.ro\/apostolul\/wp-content\/uploads\/2025\/11\/04-ap288-foto1.jpg\"><img loading=\"lazy\" decoding=\"async\" width=\"214\" height=\"265\" src=\"https:\/\/www.slineamt.ro\/apostolul\/wp-content\/uploads\/2025\/11\/04-ap288-foto1.jpg\" alt=\"\" class=\"wp-image-27985\" style=\"width:340px;height:auto\" srcset=\"http:\/\/www.slineamt.ro\/apostolul\/wp-content\/uploads\/2025\/11\/04-ap288-foto1.jpg 214w, http:\/\/www.slineamt.ro\/apostolul\/wp-content\/uploads\/2025\/11\/04-ap288-foto1-160x198.jpg 160w\" sizes=\"auto, (max-width: 214px) 100vw, 214px\" \/><\/a><\/figure>\n<\/div>\n\n\n<p><em>La 1 februarie 2014, Grigore Caraza \u00eemplinise 85 de ani. Avea \u00eenc\u0103 verv\u0103 \u015fi lupta pentru ideile sale a\u015fa cum o f\u0103cea de o via\u0163\u0103. \u00cei pl\u0103cea s\u0103 se plimbe pe aleile din jurul blocului de pe strada Mihai Eminescu, unde locuia. Nu departe de cas\u0103 a fost lovit de un om cu probleme psihice. A suferit p\u00e2n\u0103 la jum\u0103tatea lui noiembrie, c\u00e2nd a murit. A\u015fa a fost s\u0103 fie pentru unul dintre cei nu prea mul\u0163i care au rezistat Aiudului \u015fi tor\u0163ionarilor s\u0103i. A fost \u00eenmorm\u00e2ntat \u00een cimitirul de la Borzoghean, dup\u0103 dorin\u0163a sa. Tot mai pu\u0163ini \u00eei caut\u0103 morm\u00e2ntul \u015fi la fel de pu\u0163ini sunt cei ce-\u015fi mai aduc aminte de el \u015fi-l pomenesc.<\/em><\/p>\n\n\n\n<p><strong>Un pui de muntean de la Poiana Teiului<\/strong><\/p>\n\n\n\n<p>La 1 februarie 1929, \u00een familia gospodarilor munteni, Ioana \u015fi Vasile Caraza din Poiana Teiului, se n\u0103\u015ftea Grigore, al cincilea din cei \u015fase copii. Grigore face \u015fcoala primar\u0103 la Poiana Teiului \u015fi apoi \u015ecoala Normal\u0103 la Piatra-Neam\u0163. \u00cen 1948, inspectorul Ioan Olaru de la Borca, \u00eel nume\u015fte \u00eenv\u0103\u0163\u0103tor la \u015ecoala Primar\u0103 C\u0103lug\u0103reni. \u00cencepuse perioada de st\u0103p\u00e2nire sovietic\u0103 \u00een Rom\u00e2nia \u015fi \u00eenv\u0103\u0163\u0103torul Caraza s-a angajat \u00een lupta \u00eempotriva regimului comunist aservit sovieticilor. \u00cempreun\u0103 cu studentul Valentin Bl\u0103gescu \u015fi cu Pamfil S\u0103l\u0103geanu \u00eenfiin\u0163eaz\u0103 organiza\u0163ia anticomunist\u0103 \u201eFr\u0103\u0163ia de Arme\u201d. Este arestat pe 31.08.1949. Cineva \u00eel tr\u0103dase. Era la cosit cu tat\u0103l s\u0103u \u00een livada din satul Ro\u015feni, iar o vecin\u0103 \u00eel anun\u0163\u0103 c\u0103 Securitatea \u00eel a\u015fteapt\u0103 acas\u0103. Este arestat \u015fi dus la Securitatea din Ceahl\u0103u, iar mai apoi la Piatra- Neam\u0163. Dup\u0103 cercet\u0103rile de la Piatra, e trimis sub stare de arest la \u00eenchisoarea de la Galata, Ia\u015fi. Securitatea de la Piatra a scris pe dosarul care l-a \u00eenso\u0163it pe Grigore Caraza la Galata \u015fi mai departe, cu cerneal\u0103 ro\u015fie \u015fi cu litere majuscule: DE\u0162INUT PERICULOS.<\/p>\n\n\n\n<p>De la Galata ajunge \u015fi \u00een alte temni\u0163e comuniste, Jilava, V\u0103c\u0103re\u015fti, T\u00e2rgu Ocna, Constan\u021ba, Bac\u0103u, Aiud. \u00cen acesta din urm\u0103 a suferit 18 ani, din care \u00een \u201eZarc\u0103\u201d 8 ani. Tinere\u0163ea \u015fi-a petrecut-o \u00een temni\u0163a de la Aiud. Avea s\u0103 stea \u00eencarcerat 18 ani la care se adaug\u0103 2 ani de domiciliu obligatoriu. Dup\u0103 ce a ie\u015fit din \u00eenchisoare \u015fi-a studiat la CNSAS cele 22 de dosare cu peste 8.000 de file, unde a g\u0103sit \u00eensemn\u0103ri care l-au cutremurat.<\/p>\n\n\n\n<p><strong>A \u00eenv\u0103\u0163at 12.000 de versuri<\/strong><\/p>\n\n\n\n<p>Mii de versuri \u00eenv\u0103\u0163ate \u00een temni\u0163\u0103. La Aiud a suferit \u00eempreun\u0103 cu Petre \u0162u\u0163ea, Nichifor Crainic, Radu Gyr, Prin\u0163ul Ghika, Dumitru Bejan, p\u0103rintele Calciu Dumitreasa, Mircea Vulc\u0103nescu, p\u0103rintele Mihai Lungeanu. \u00ce\u015fi amintea de mari personalit\u0103\u0163i care l-au primit \u00een cercul lor.<\/p>\n\n\n\n<p><em>C\u00e2nd eram afar\u0103 la plimbare ne \u00eenv\u00e2rteam \u00eentr-un cerc \u015fi gardianul ne p\u00e2ndea. Dar av\u00e2nd \u00een vedere c\u0103 cele trei persoane despre care vorbesc acum, Nichifor Crainic, pe care eu l-am numit Ceahl\u0103ul sau Olimpul neamului rom\u00e2nesc, Radu Gyr, care a salvat foarte multe vie\u0163i cu poeziile lui \u015fi cu tot ce a f\u0103cut \u015fi Petrovici, filosof \u015fi autorul manualelor mele de filosofie pe care le-a f\u0103cut printre altele, erau oameni cu totul deosebi\u0163i \u015fi care m-au primit \u00een cercul lor \u015fi de fiecare dat\u0103 c\u00e2nd voiau s\u0103 fac\u0103 cunoscut\u0103 o nou\u0103 oper\u0103, o poezie, m\u0103 puneau s\u0103 stau \u00een fa\u0163\u0103. \u015ei eu ascultam. \u015ei mi-o spunea o dat\u0103, de dou\u0103 ori, dup\u0103 aceea zic \u00abgata, \u015ftiu\u00bb. Cic\u0103 \u00abtreci \u00een spate, o \u015ftii \u015fi poate ai s\u0103 po\u0163i s\u0103 o spui\u00bb. Am memorat mii de versuri, am ie\u015fit ultima dat\u0103 cu ele afar\u0103 \u015fi a\u015fa cum mi s-a cerut de c\u0103tre ace\u015fti oameni, cic\u0103 \u00abtu nu vei muri nicicum, scoate aceste versuri \u00een primul r\u00e2nd pentru cultura, pentru literatura neamului rom\u00e2nesc, \u00een al doilea r\u00e2nd pentru tine dac\u0103 le vei putea scoate \u015fi \u00een al treilea r\u00e2nd pentru noi. Du-te, vei ie\u015fi sigur afar\u0103, c\u0103 ai toate posibilit\u0103\u0163ile, fiind \u015fi t\u00e2n\u0103r \u015fi foarte \u00eendr\u0103zne\u0163, foarte perseverent \u00een hot\u0103r\u00e2rile pe care \u0163i le-ai luat\u00bb<\/em>.<\/p>\n\n\n\n<p>Dup\u0103 o perioad\u0103 de suferin\u0163\u0103 la Aiud, a stat \u00een domiciliu obligatoriu la R\u0103chitoasa, \u00een B\u0103r\u0103gan. P\u0103rintele Bejan, fost de\u0163inut politic \u015fi la R\u0103chitoasa, \u00een lucrarea sa \u201eSatul blestemat\u201d face urm\u0103toarea men\u0163iune: \u201eGrigore era \u00eenalt, slab, nem\u00e2ncat, iar v\u00e2ntul zbura prin pl\u0103m\u00e2nii lui\u201d. Prima perioad\u0103 de deten\u0163ie este cuprins\u0103 \u00eentre 31.08.1949 \u015fi 1964. \u00centre 1964 \u015fi 1970 a fost liber \u015fi a lucrat la Piatra-Neam\u0163, la fabrica de lapte. De aici, este arestat din nou \u00een 1970 \u015fi va ie\u015fi de dup\u0103 gratii \u00een 1977. \u00centr-o noapte, \u00een celula mor\u0163ii, a visat c\u0103 muntele Ceahl\u0103u era din m\u0103m\u0103lig\u0103. \u015ei el m\u00e2nca cu poft\u0103, plec\u00e2nd de la poale, dar nu putea nicidecum, cu tot chinul, s\u0103 ajung\u0103 la Toaca \u015fi Panaghia. C\u00e2nd s-a trezit din vis, c\u00e2rpa de sub cap era ud\u0103 de saliva care i-a curs din gur\u0103.<\/p>\n\n\n\n<p><strong>Nereeducat \u015fi ireeducabil<\/strong><\/p>\n\n\n\n<p>A fost eliberat \u00een iulie 1977. C\u00e2nd a fost eliberat, pe plicul care l-a trimis \u00eenchisoarea Aiud c\u0103tre Securitatea din Piatra-Neam\u0163, printre alte lucruri se men\u0163iona: \u201e<strong>Se elibereaz\u0103 de\u0163inutul Caraza V. Grigore, \u00abnereeducat \u015fi ireeducabil\u00bb<\/strong>\u201d.<\/p>\n\n\n\n<p>A reu\u015fit s\u0103 plece \u00een exil \u00een Statele Unite. Acolo a fost port-drapelul tuturor rom\u00e2nilor \u015fi a luptat pentru libertatea \u015fi drepturile lor \u00een \u00eentruniri ale acestora, la posturile de radio americane, \u00een pres\u0103, \u00een Senatul american. A dat foc la steagul URSS la o manifesta\u0163ie din centrul Washington-ului.<\/p>\n\n\n\n<p>\u00cen Senatul american a depus documente \u00een numele tuturor rom\u00e2nilor, cer\u00e2nd drepturi pentru ei. Lucia Hossu-Longin a mers personal \u00een America \u015fi a filmat pentru serialul \u201eMemorialul Durerii\u201d, prezent\u00e2ndu-l pe Grigore Caraza. \u00cen martie 2008, un alt realizator, Cristian Tab\u0103r\u0103, de la Pro TV, a f\u0103cut un documentar despre fostul de\u0163inut.<\/p>\n\n\n\n<p>A ie\u015fit din \u00eenchisoare cu 12.000 de versuri memorate \u015fi mai uitase dintre ele. \u00cencerca cu orice prilej s\u0103 le \u00eemp\u0103rt\u0103\u015feasc\u0103 \u015fi celorlal\u0163i. P\u0103cat c\u0103 nu s-a g\u0103sit cineva care s\u0103 transcrie toate poeziile \u015ftiute de el, \u00eenv\u0103\u0163ate de la poe\u0163ii temni\u0163elor comuniste, Gyr, Ciurunga, Bacu, Crainic \u015fi de la \u00eenc\u0103 mul\u0163i al\u0163ii, unele dintre ele nefiind de nimeni scrise. Am fost \u00eempreun\u0103 cu d\u00e2nsul la Aiud unde c\u00e2ntece vechi patriotice \u015fi b\u0103tr\u00e2nii \u00eempov\u0103ra\u0163i de ani \u015fi suferin\u0163e parc\u0103 prinseser\u0103 m\u0103re\u0163ie de voievozi mu\u015fatini. \u00cei erau al\u0103turi p\u0103rintele Paulin, p\u0103rintele Lungianu, p\u0103rintele Sab\u0103u, Neculai Popa \u015fi \u00eenc\u0103 mul\u0163i al\u0163ii ce-au venit cu colaci, panacid\u0103 \u015fi vin s\u0103-\u015fi pl\u00e2ng\u0103 tovar\u0103\u015fii care n-au mai apucat s\u0103 se mai bucure de cerul larg al libert\u0103\u0163ii. L-am \u00eentrebat despre el pe p\u0103rintele Lungianu, care a mers odat\u0103 cu noi la Aiud. Mi-a r\u0103spuns c\u0103 a fost printre cei 50 de oameni din 7.000 de de\u0163inu\u0163i care au refuzat reeducarea.<\/p>\n\n\n<div class=\"wp-block-image\">\n<figure class=\"alignright size-full is-resized\"><a href=\"http:\/\/www.slineamt.ro\/apostolul\/wp-content\/uploads\/2025\/11\/04-ap288-foto2.jpg\"><img loading=\"lazy\" decoding=\"async\" width=\"187\" height=\"265\" src=\"http:\/\/www.slineamt.ro\/apostolul\/wp-content\/uploads\/2025\/11\/04-ap288-foto2.jpg\" alt=\"\" class=\"wp-image-27986\" style=\"width:309px;height:auto\" srcset=\"http:\/\/www.slineamt.ro\/apostolul\/wp-content\/uploads\/2025\/11\/04-ap288-foto2.jpg 187w, http:\/\/www.slineamt.ro\/apostolul\/wp-content\/uploads\/2025\/11\/04-ap288-foto2-160x227.jpg 160w\" sizes=\"auto, (max-width: 187px) 100vw, 187px\" \/><\/a><\/figure>\n<\/div>\n\n\n<p><em>Noi \u0103\u015ftia care n-am acceptat reeducarea am fost aduna\u0163i cu to\u0163ii l\u00e2ng\u0103 Zarc\u0103 \u015fi atunci ne-am v\u0103zut care cum suntem. C\u00e2nd ne-am a\u015fezat pe coloane am sim\u0163it un ghiont \u00een spate. Era Mihai Lungianu. Am \u015ftiut c\u0103 te g\u0103sesc aici, mi-a zis. S\u0103 \u015ftii c\u0103 \u015fi eu \u015ftiam, am r\u0103spuns eu cu mare bucurie<\/em>.<\/p>\n\n\n\n<p>L-am \u00eentrebat pe fostul lui tovar\u0103\u015f, Neculai Popa, cum era Grigore Caraza \u00een acele vremuri de la Aiud. <em>Era ca \u015fi acum, veni r\u0103spunsul, era iute de m\u00e2nie, se sup\u0103ra repede, dar \u00eei trecea. \u015etiai \u00eens\u0103 c\u0103 te po\u0163i baza pe el, c\u0103 nici mort nu te va tr\u0103da. A\u015fa sunt oamenii \u0103\u015ftia din mun\u0163ii Neam\u0163ului \u015fi eram m\u00e2ndru c\u0103 eram nem\u0163ean ca \u015fi el<\/em>.<\/p>\n\n\n\n<p>L-am \u00eenso\u0163it \u015fi la Chiril, la p\u0103rintele Filaret G\u0103m\u0103l\u0103u, un alt \u00eend\u00e2rjit lupt\u0103tor anticomunist, dar pe care l-am aflat f\u0103r\u0103 puterea de-a mai povesti, de a mai \u00eemp\u0103rt\u0103\u015fi dintr-o experien\u0163\u0103 de via\u0163\u0103 bogat\u0103 \u00een suferin\u0163\u0103.<\/p>\n\n\n\n<p>Cartea sa \u201eAiud \u00eens\u00e2ngerat\u201d este una de c\u0103p\u0103t\u00e2i pentru rom\u00e2nii care mai g\u00e2ndesc rom\u00e2ne\u015fte \u015fi o recomand\u0103m spre citire. Spunea: <em>Pentru mine, Rom\u00e2nia \u00eenseamn\u0103 frumuse\u0163ea \u015fi gloria ei, \u00eenseamn\u0103 piatra de hotar a Europei \u00eentre barbarie \u015fi civiliza\u0163ie, \u00eenseamn\u0103 mun\u0163ii \u015fi codrii nesf\u00e2r\u015fi\u0163i de brad, v\u0103ile \u015fi dealurile, bisericile \u015fi m\u0103n\u0103stirile, \u00eenseamn\u0103 mormintele str\u0103bunilor no\u015ftri, \u00eenseamn\u0103 p\u0103s\u0103rile care c\u00e2nt\u0103 pe ram, tot ce este bun, nu str\u0103inii veni\u0163i peste noi pentru a ne jefui \u015fi \u00eenrobi. (\u2026) Nic\u0103ieri \u00een lume cerul nu este mai senin, mai ales noaptea, mereu plin de stele, ca la mine la Poiana Teiului. Acum, octogenar fiind, privesc cu m\u00e2ndrie p\u0103durea verde de brazi din jurul meu, Piatra Teiului \u2013 o adev\u0103rat\u0103 doamn\u0103 a mun\u0163ilor, ascult fream\u0103tul apei Bistri\u0163ei. Steaua mea a umblat prin multe \u00eenchisori comuniste \u015fi prin destule \u0163\u0103ri ale lumii dar sufletul meu a r\u0103mas tot \u00een satul copil\u0103riei mele \u2013 Poiana Teiului, unul dintre cele mai frumoase din lume<\/em>.<\/p>\n\n\n\n<p>Despre Grigore Caraza zicem acum c\u0103 a fost. Un b\u0103rbat tare, verde, a\u015fa precum brazii din codrii de deasupra satului s\u0103u de l\u00e2ng\u0103 Piatra Teiului. Un om care a crezut cu t\u0103rie \u00een ni\u015fte idealuri pe care tumultul unei vie\u0163i prea agitate ne fac s\u0103 le privim, \u00een cel mai bun caz, cu indulgen\u0163\u0103. Via\u0163a, credin\u0163a \u015fi lupta sa au fost profunde \u015fi de aceea trebuie s\u0103 ne aducem obolul nostru de neuitare, s\u0103 le facem cunoscute, mai ales \u00een r\u00e2ndul celor tineri, care astfel poate vor \u00een\u0163elege c\u00e2t de mult r\u0103u pot face oamenii unor semeni de-ai lor.<\/p>\n\n\n\n<p><strong><em>Prof. dr. Daniel DIEACONU<\/em><\/strong><\/p>\n","protected":false},"excerpt":{"rendered":"<p>La 1 februarie 2014, Grigore Caraza \u00eemplinise 85 de ani. Avea \u00eenc\u0103 verv\u0103 \u015fi lupta pentru ideile sale a\u015fa cum o f\u0103cea de o via\u0163\u0103. \u00cei pl\u0103cea s\u0103 se plimbe pe aleile din jurul blocului de pe strada Mihai Eminescu,&hellip;<\/p>\n<p class=\"more-link-p\"><a class=\"more-link\" href=\"http:\/\/www.slineamt.ro\/apostolul\/lectia-de-istorie\/grigore-caraza-amintiri-si-istorii-despre-un-muntean-de-la-poiana-teiului\/\">Read more &rarr;<\/a><\/p>\n","protected":false},"author":1,"featured_media":0,"comment_status":"open","ping_status":"closed","sticky":false,"template":"","format":"standard","meta":{"footnotes":""},"categories":[6,498],"tags":[],"class_list":["post-27984","post","type-post","status-publish","format-standard","hentry","category-lectia-de-istorie","category-288-noiembrie-2025"],"_links":{"self":[{"href":"http:\/\/www.slineamt.ro\/apostolul\/wp-json\/wp\/v2\/posts\/27984","targetHints":{"allow":["GET"]}}],"collection":[{"href":"http:\/\/www.slineamt.ro\/apostolul\/wp-json\/wp\/v2\/posts"}],"about":[{"href":"http:\/\/www.slineamt.ro\/apostolul\/wp-json\/wp\/v2\/types\/post"}],"author":[{"embeddable":true,"href":"http:\/\/www.slineamt.ro\/apostolul\/wp-json\/wp\/v2\/users\/1"}],"replies":[{"embeddable":true,"href":"http:\/\/www.slineamt.ro\/apostolul\/wp-json\/wp\/v2\/comments?post=27984"}],"version-history":[{"count":1,"href":"http:\/\/www.slineamt.ro\/apostolul\/wp-json\/wp\/v2\/posts\/27984\/revisions"}],"predecessor-version":[{"id":27987,"href":"http:\/\/www.slineamt.ro\/apostolul\/wp-json\/wp\/v2\/posts\/27984\/revisions\/27987"}],"wp:attachment":[{"href":"http:\/\/www.slineamt.ro\/apostolul\/wp-json\/wp\/v2\/media?parent=27984"}],"wp:term":[{"taxonomy":"category","embeddable":true,"href":"http:\/\/www.slineamt.ro\/apostolul\/wp-json\/wp\/v2\/categories?post=27984"},{"taxonomy":"post_tag","embeddable":true,"href":"http:\/\/www.slineamt.ro\/apostolul\/wp-json\/wp\/v2\/tags?post=27984"}],"curies":[{"name":"wp","href":"https:\/\/api.w.org\/{rel}","templated":true}]}}