{"id":28017,"date":"2025-12-19T12:07:20","date_gmt":"2025-12-19T12:07:20","guid":{"rendered":"https:\/\/www.slineamt.ro\/apostolul\/?p=28017"},"modified":"2025-12-19T12:11:45","modified_gmt":"2025-12-19T12:11:45","slug":"28017","status":"publish","type":"post","link":"http:\/\/www.slineamt.ro\/apostolul\/lectia-de-istorie\/28017\/","title":{"rendered":"Rememor\u0103ri nem\u021bene \u2013 luna decembrie 2025"},"content":{"rendered":"\n<p><\/p>\n\n\n\n<p>\u25a0 dec. 1907 \u2013 d. <strong>Manuel Halunga<\/strong>, la Piatra-Neam\u0163 (n. 1825, Boto\u015fani), institutor, publicist. Absolvent al Academiei Mih\u0103ilene din Ia\u015fi, a predat la \u015ecoala Primar\u0103 de B\u0103ie\u0163i Nr. 1 din Piatra-Neam\u0163 timp de patru decenii, fiind un militant activ pentru Unirea Principatelor \u015fi cucerirea Independen\u0163ei de Stat a Rom\u00e2niei. A fost membru \u00een \u201ecolegiul diriginte\u201d (casier) al Societ\u0103\u0163ii \u015etiin\u0163ifice Literare \u201eAsachi\u201d, al \u201ecomitetului de redac\u0163iune\u201d (1. 02. 1882-1. 11. 1884) \u015fi colaborator al revistei omonime \u015fi chiar a scos \u201epe spesele sale\u201d nr. 3. A mai colaborat la: \u201eCoresponden\u0163ia provincial\u0103\u201d, \u201eMi\u015fcarea\u201d \u015fi \u201eProp\u0103\u015firea\u201d.<\/p>\n\n\n\n<p>\u25a0 3\/1835 \u2013 n. <strong>Narcis Cre\u0163ulescu<\/strong> (pseud. lui Nicolae Cre\u0163u), la Coste\u015fti, Boto\u015fani (d. 1. 03. 1913, T\u00e2rgu-Neam\u0163), a absolvit Seminarele de la M\u0103n\u0103stirea Neam\u0163 \u015fi Ia\u015fi, Facultatea de \u015etiin\u0163e a Universit\u0103\u0163ii ie\u015fene; \u00een 1859 s-a c\u0103lug\u0103rit la M\u0103n\u0103stirea Neam\u0163. Arhiereu al Mitropoliei, devine membru al Sinodului, egumen al M\u0103n\u0103stirii \u201eSf. Sava\u201d, profesor la Seminarul din Ia\u015fi, director la Seminarul din Hu\u015fi, revine la M\u0103n\u0103stirea Neam\u0163, unde va fi stare\u0163 (1902-1909) \u015fi va r\u0103m\u00e2ne p\u00e2n\u0103 la moarte. A inten\u0163ionat s\u0103 scrie o istorie a m\u0103n\u0103stirilor rom\u00e2ne\u015fti, dar nu a reu\u015fit dec\u00e2t despre 120 de l\u0103ca\u015furi. C\u0103r\u0163i: \u201eIstoria Sfintei M\u0103n\u0103stiri Gorovei din Jude\u0163ul Dorohoi\u201d; \u201eM\u0103n\u0103stirea Bistri\u0163a\u201d; \u201eIstoria Cet\u0103\u0163ii Neam\u0163\u201d; \u201eIstoria Sfintelor M\u0103n\u0103stiri Neam\u0163 \u015fi Secu\u201d (10 vol. manuscris, aflate la Academia Rom\u00e2n\u0103). &nbsp;&nbsp;&nbsp;&nbsp;&nbsp;&nbsp;&nbsp; &nbsp;<\/p>\n\n\n\n<p>\u25a0 5\/1934 \u2013 n. <strong>Vasile \u0162ifui<\/strong>, la Ceahl\u0103u, Neam\u0163 (d.?), profesor de matematic\u0103, absolvent al Liceului \u201ePetru Rare\u015f\u201d din Piatra-Neam\u0163 \u015fi al Facult\u0103\u0163ii de Matematic\u0103-Fizic\u0103 a Universit\u0103\u0163ii din Ia\u015fi, a profesat la Liceul din Bicaz (1958-1971), apoi la Liceul de Informatic\u0103 din Piatra-Neam\u0163. Colaborator cu studii \u015fi articole la Revista de Matematic\u0103, seria B. Autor, \u00een colaborare: \u201eMatematica. Manual pentru clasa a IX-a\u201d, \u201eLec\u0163ii de analiz\u0103 matematic\u0103 pentru clasa a XI-a\u201d, \u201eLec\u0163ii de analiz\u0103 matematic\u0103 pentru clasa a XII-a\u201d, \u201eAnaliz\u0103 matematic\u0103 pentru clasa a XI-a\u201d, \u201eAnaliz\u0103 matematic\u0103 pentru clasa a XII-a.<\/p>\n\n\n\n<p>\u25a0 5\/2009 \u2013 d. <strong>Florin Florescu<\/strong>, la Piatra-Neam\u0163 (n. 1. 04.1944, C\u00e2nde\u015fti, Buz\u0103u, v. fi\u015fa lunii aprilie.)<\/p>\n\n\n\n<p>\u25a0 6\/1949 \u2013 n. <strong>Paul Chiribu\u0163\u0103<\/strong>, la Buhu\u015fi, ac\u00adtor, dup\u0103 absolvirea I. A. T. C. Bucure\u015fti (1972), a&nbsp;&nbsp; fost repartizat la T. T. Piatra-Neam\u0163, unde a debutat \u00een spectacolul \u201eHarap-Alb\u201d. A interpretat numeroase roluri \u00een spectacolele montate la T. T.: \u201eNastratin Hogea\u201d, \u201eFarsa jup\u00e2nului Pathelin\u201d, \u201eZigger-Zagger\u201d, \u201eValea R\u00e2sului\u201d, \u201eRomeo \u015fi Julieta\u201d, \u201eSlug\u0103 la doi st\u0103p\u00e2ni\u201d, \u201eNevestele vesele din Windsor\u201d, \u201eO noapte furtunoas\u0103\u201d, \u201eDragonul\u201d \u015f. a.<\/p>\n\n\n\n<p>Dup\u0103 1989 pleac\u0103 la Bucure\u015fti. Este actor \u015fi director artistic la Teatrul Bulandra \u00een perioada 1990-1996, la invita\u0163ia directorului de atunci, Silviu Purc\u0103rete, de a forma echipa managerial\u0103. De asemenea, desf\u0103\u015foar\u0103 o bogat\u0103 activitate \u00een domeniul pedagogiei artei teatrale. \u00centre 1997 \u015fi 2008 activeaz\u0103 \u00een Fran\u0163a ca profesor \u015fi director pedagogic la Acad\u00e9mie th\u00e9\u00e2trale de l\u2019Union, Limoges. Ca actor joac\u0103 la Th\u00e9\u00e2tre Tattoo Toulouse (2000-2009) \u015fi la Th\u00e9\u00e2tre de Poche Chartres (2005-2008). I se acord\u0103 titlul Chevalier de l\u2019Ordre des Arts et des Lettres.<\/p>\n\n\n\n<p>Dup\u0103 2009, \u00eentors \u00een \u0163ar\u0103, urc\u0103 treptele academice \u00een cadrul Universit\u0103\u0163ii de Art\u0103 Teatral\u0103 \u015fi Cinematografic\u0103 Bucure\u015fti, unde \u00eendepline\u015fte \u015fi func\u0163ia de decan (2013-2016). \u00cencep\u00e2nd din stagiunea 2012-2013 s-a re\u00eentors pe scen\u0103 \u015fi joac\u0103 la Teatrul <em>George Ciprian<\/em> din Buz\u0103u, la Teatrul <em>Nottara<\/em> \u015fi Teatrul <em>Toma Caragiu<\/em> din Ploie\u015fti.<\/p>\n\n\n\n<p>\u00cen prezent, face parte din distribu\u0163iile spectacolelor produse de mai multe teatre, este Directorul Festivalului de Teatru Piatra-Neam\u0163 \u015fi \u015feful Serviciului Literar \u015fi Artistic al Teatrului Tineretului.<\/p>\n\n\n\n<p>\u25a0 10\/1911 \u2013 n. <strong>Scarlat Porcescu<\/strong>, la Porce\u015fti, azi Moldoveni, Neam\u0163 (d. 3. 12. 1991, Ia\u015fi). A absolvit: Seminarul \u201eSf\u00e2ntul Gheorghe\u201d din Roman, Facultatea de Teologie din Cern\u0103u\u0163i, Institutul Pedagogic Ia\u015fi, Facultatea de Litere \u015fi Filozofie Ia\u015fi. A fost pedagog la Seminarul din Roman, preot la Catedrala Episcopal\u0103 din Roman, profesor la \u015ecoala Normal\u0103 de B\u0103ie\u0163i din Foc\u015fani, la seminariile din Roman \u015fi din Ia\u015fi, la \u015ecoala de C\u00e2nt\u0103re\u0163i Biserice\u015fti Ia\u015fi, consilier administrativ-cultural \u015fi vicar administrativ al Arhiepiscopiei Ia\u015filor, redactor al Revistei \u201eMitropolia Moldovei \u015fi Sucevei\u201d. C\u0103r\u0163i: \u201eEpiscopia Romanului \u00een secolul XV. \u00centemeiere \u015fi organizare\u201d; \u201eBiserica episcopal\u0103 din Roman\u201d; \u201eCatedrala mitropolitan\u0103 din Ia\u015fi\u201d; \u201eEpiscopia Hu\u015filor\u201d; \u00een colab.: \u201eM\u0103n\u0103stirea Neam\u0163\u201d \u015fi \u201eM\u0103n\u0103stirea V\u0103ratic\u201d.<\/p>\n\n\n\n<p>\u25a0 11\/1875 \u2013 n. <strong>Ioan C. Dimitriu-Damiene\u015fti<\/strong> (nume ini\u0163ial, Giurgeanu Neculai, schimbat prin adop\u0163ie), la Damiene\u015fti, Neam\u0163 (d. 1946, Roman). \u015ecoala Normal\u0103 \u201eVasile Lupu\u201d din Ia\u015fi, \u00eenv\u0103\u0163\u0103tor la: O\u0163eleni, B\u00e2ra, C\u0103l\u0103ra\u015fi, Damiene\u015fti \u015fi Roman. \u00cempreun\u0103 cu \u00eenv\u0103\u0163\u0103torii Teodor Ionescu \u015fi Panaite Cocea, editeaz\u0103 foaia \u201eDasc\u0103lul poporului\u201d \u015fi Revista \u201eCuv\u00e2ntul d\u0103sc\u0103lesc\u201d. \u00cenfiin\u0163eaz\u0103 Banca Popular\u0103 \u201eP\u0103strarea\u201d, Cooperativa de Consum \u201eVoin\u0163a Neamului\u201d. Colaboreaz\u0103 la: \u201eTribuna\u201d, \u201eDreptatea\u201d, \u201eP\u0103v\u0103\u0163uitor\u201d \u015fi \u201eArhiva\u201d. Scrieri: \u201eP\u0103reri asupra reformei \u00eenv\u0103\u0163\u0103m\u00e2ntului primar\u201d; \u201eR\u0103spuns unor calomnii\u201d; \u201eGeografia Jude\u0163ului Roman\u201d; \u201eDic\u0163ionar pedagogic\u201d; \u201eCulegeri de folclor\u201d, toate la Roman; ultimele trei f\u0103r\u0103 an de apari\u0163ie.<\/p>\n\n\n\n<p>\u25a0 13\/1859 \u2013 n. <strong>Gheorghe Nicolau<\/strong>, la Rom\u00e2ni, Neam\u0163 (d. 1924, Piatra-Neam\u0163), institutor, revizor \u015fcolar, publicist, deputat. A absolvit \u015ecoala Normal\u0103 \u201eVasile Lupu\u201d, Ia\u015fi (1880). A predat la: D\u0103ne\u015fti, Rom\u00e2ni, Piatra-Neam\u0163 (\u015fcolile nr. 1, 2 \u015fi 3); a sprijinit construirea a peste 40 de localuri de \u015fcoal\u0103 (\u015ecoala Nr. 3, inaugurat\u0103 \u00een prezen\u0163a lui Spiru Haret; 20. 09. 1898; \u015fcoala din Rom\u00e2ni, azi, \u00eei poart\u0103 numele). A \u00eenfiin\u0163at: internatul Liceului \u201ePetru Rare\u015f\u201d; 30 de biblioteci; 33 de \u015fcoli pentru adul\u0163i; Corul \u00cenv\u0103\u0163\u0103torilor din Neam\u0163 (mai 1902); a activat cercurile culturale; cu Zulnia Is\u0103cescu, a pus bazele Revistei Corpului Didactic din Jude\u0163ul Neam\u0163 (de la nr. 10-11\/1899, \u201eProp\u0103\u015firea\u201d); a fondat b\u0103ncile \u201ePietricica\u201d \u015fi \u201ePrincepele Carol\u201d. Deputat (1914 \u015fi 1919). Colabor\u0103ri: \u201eConvorbiri literare\u201d, \u201e\u00cenv\u0103\u0163\u0103m\u00e2ntul primar\u201d. Lucr\u0103ri: \u201eUn \u00eemp\u0103rat meseria\u015f\u201d, \u201eCeva relativ la surmenaj\u201d, \u201eJudecata pentru mo\u015ftenire\u201d, \u201eCalculul oral\u201d \u015f. a.<\/p>\n\n\n\n<p>\u25a0 16\/1883 \u2013 n. <strong>Gavriil Galinescu<\/strong>, la Hangu, Neam\u0163 (d. 10. 07. 1960, Dur\u0103u, Neam\u0163). A absolvit Facultatea de Teologie, Conservatorul de Muzic\u0103 \u015fi Declama\u0163ie, Bucure\u015fti (1909), Conservatorul de Muzic\u0103 din Leipzig, o specializare la Viena, iar pentru muzica oriental\u0103, la Atena. Profesor la: Dorohoi, Buz\u0103u, director la &nbsp;\u015ecoala Preg\u0103titoare din Hangu (o va organiza ca gimnaziu mixt), Ia\u015fi, Cern\u0103u\u0163i, Academia de Muzic\u0103 \u015fi Art\u0103 Dramatic\u0103 din Ia\u015fi. Retras la Hangu, va fi primar (1944) \u015fi director al C\u0103minului Cultural (1945). C\u0103r\u0163i: \u201eArta religioas\u0103, caracteristici, rolul \u015fi importan\u0163a ei\u201d; \u201eMuzica coral\u0103 bisericeasc\u0103\u201d; \u201eManuale didactice de muzic\u0103 de George Breazul\u201d; \u201eMuzica \u00een Moldova\u201d; \u201eC\u00e2ntecele mun\u0163ilor no\u015ftri\u201d; \u201eC\u00e2ntarea bisericeasc\u0103\u201d.<\/p>\n\n\n\n<p>\u25a0 21\/1722 \u2013 n. <strong>Paisie Velicicovschi<\/strong>, la Poltava, Ucraina, din p\u0103rin\u0163i rom\u00e2ni (d. 15. 11. 1794, M\u0103n\u0103stirea Neam\u0163), c\u0103rturar \u015fi deschiz\u0103tor de drum \u00een organizarea vie\u0163ii m\u0103n\u0103stire\u015fti. La Secu \u015fi la Neam\u0163, a fost r\u00e2nduit stare\u0163 (1779). El a ini\u0163iat \u015fi a sprijinit o ampl\u0103 activitate de traducere a operelor fundamentale ale literaturii patristice ale lui Vasile cel Mare, Ioan Gur\u0103 de Aur, Ioan Casian, Ion Sc\u0103rarul \u015fi Grigore Sinaitul, scrierile lui Aristotel, Platon, Socrate \u015fi Plutarh sau c\u0103r\u0163ile populare de mare circula\u0163ie: \u201eAlexandria\u201d, \u201eEsopia\u201d, \u201eFloarea darurilor\u201d, \u201eVarlam \u015fi Ioasaf\u201d. La acestea se adaug\u0103 \u201eVia\u0163a Sf\u00e2ntului Nifon, patriarhul \u0162arigradului\u201d, \u201eLetopise\u0163ul \u0163\u0103rii. Letopise\u0163 al lui Nicolae Mavrocordat\u201d, lexicoane \u015fi comentarii.<\/p>\n\n\n\n<p>\u25a0 22\/1934 \u2013 n. <strong>Minodora Ursachi<\/strong>, la Negrea, Comuna \u201eLasc\u0103r Catargiu\u201d, Gala\u0163i, muzeograf, publicist, a absolvit Liceul de Fete \u201eMihail Kog\u0103lniceanu\u201d, din Gala\u0163i, (1953) \u015fi Facultatea de Istorie-Filologie-Filozofie de la Universitatea din Ia\u015fi (1957); \u00eencadrat\u0103 la Muzeul de Istorie din Roman (1957-1968). A fondat Muzeul de Art\u0103 din Roman (1970), institu\u0163ie pe care a condus-o timp de 30 de ani, p\u00e2n\u0103 \u00een anul 2000. Colabor\u0103ri: \u201eCarpica\u201d; \u201eClepsydra\u201d; \u201eCronica roma\u015fcan\u0103\u201d; \u201eGazeta de Roman\u201d; \u201eCeahl\u0103ul\u201d, \u201eMonitorul\u201d; \u201eMelidonium\u201d, \u201eMemoria antiquitatis\u201d; \u201eZiarul de Roman\u201d. C\u0103r\u0163i: \u201eMuzeul de Art\u0103 Roman \u2013 50 de ani, monografie\u201d, 2007; \u201eIdentit\u0103\u0163i artistice la Roman \u2013 dic\u0163ionar\u201d, 2013. \u00cendelungata activitate cultural\u0103 \u015fi artistic\u0103 i-a fost r\u0103spl\u0103tit\u0103 cu premii \u015fi diplome de recuno\u015ftin\u0163\u0103.<\/p>\n\n\n\n<p>\u25a0 24\/1945 \u2013 n. <strong>Cristian Livescu<\/strong> (d. 20.05.2024) ziarist, critic \u015fi istoric literar, editor, a absolvit Facultatea de Filologie, Bucure\u015fti. Debut \u00een \u201eVia\u0163a studen\u0163easc\u0103\u201d (1965). Redactor la Ziarul \u201eCeahl\u0103ul\u201d (1968-1989), consilier la Inspectoratul pentru Cultur\u0103, consilier jude\u0163ean; membru al U. S. (1989), al U. A. P., pre\u015fedintele S. S. Neam\u0163, pre\u015fedinte \u00een jurii locale \u015fi na\u0163ionale. Membru fondator al Revistelor \u201eCredin\u0163a neamului\u201d, \u201ePoezia\u201d, \u201eAntiteze\u201d (redactor \u015fef, director), director-fondator al Editurii \u201eCrigarux\u201d; redactor asociat la Revista \u201eConvorbiri literare\u201d din Ia\u015fi. Distins cu medalia \u201e150 de ani de la na\u015fterea lui Mihai Eminescu\u201d \u015fi cu Ordinul Meritul Cultural \u00een Grad de Cavaler. Debut editorial: \u201eIntroducere \u00een opera lui Ion Pillat\u201d (1980). Alte c\u0103r\u0163i. \u201eScene din via\u0163a imaginar\u0103\u201d; \u201eVoluptatea labirintului\u201d; \u201e\u00cent\u00e2iul Eminescu\u201d; \u201eAscuns \u00eentr-o loj\u0103\u201d; \u201eMagi\u015ftri &amp; hermeneu\u0163i\u201d; \u201eEminescu \u015fi enigmele \u00abCaietului vienez\u00bb\u201d. Edi\u0163ii de autor: \u201eCalistrat Hoga\u015f, \u00abPe drumuri de munte\u00bb\u201d; \u201eIon Creang\u0103, Opere\u201d, reeditare a edi\u0163iei lui G. T. Kirileanu (1939) \u015f. a.<\/p>\n\n\n\n<p>\u25a0 25\/1965 \u2013 n. <strong>Angelina Begu<\/strong>, \u00een sat Baraboi, raionul Dondo\u015feni, Republica Moldova. Urmeaz\u0103 Facultatea de Biologie a Universit\u0103\u0163ii de Stat din Moldova, pe care o finalizeaz\u0103 cu brio \u00een anul 1987. Dup\u0103 absolvire, \u00een perioada 1987-1997, lucreaz\u0103 ca cercet\u0103tor \u015ftiin\u0163ific la Institutul de Pedagogie \u201eN. Dimo\u201d al Academiei de \u015etiin\u0163e din Moldova, apoi, din 1997 \u00een prezent, este cooptat\u0103 \u00een Aparatul Federa\u0163iei Sindicale a Educa\u0163iei \u015fi \u015etiin\u0163ei ca \u015eef sec\u0163ie organizare \u015fi administrare. Din 2018 \u2013 prezent este redactor-\u015fef adjunct, responsabil de subredac\u0163ia din Chi\u015fin\u0103u a <strong>Revistei <em>Apostolul<\/em><\/strong>.<\/p>\n\n\n\n<p>\u25a0 28\/1949 \u2013 n. <strong>Botez Mihai<\/strong>, la Filioara, V\u0103ratec, Neam\u0163, profesor doctor, poet, prozator, publicist, absolvent al Liceului \u201e\u015etefan cel Mare\u201d din T\u00e2rgu-Neam\u0163, al Facult\u0103\u0163ii de Filologie, Sec\u0163ia francez\u0103-rom\u00e2n\u0103 a Universit\u0103\u0163ii \u201eAlexandru Ioan Cuza\u201d din Ia\u015fi. Beneficiind de o burs\u0103 a statului francez, a urmat cursuri intensive la Avignon. A sus\u0163inut examenul de doctorat cu teza \u201eMallarm\u00e9. l\u2019Admirable e la \u00abdivine trag\u00e9die\u00bb du lit\u00e9raire\u201d (1998). A debutat cu volumul de proz\u0103 \u201eJocul de-a cine pierde c\u00e2\u015ftig\u0103\u201d (1986). A publicat \u015fi volume ce con\u0163in lucr\u0103ri didactice, c\u0103rora li se adaug\u0103 numeroase articole de critic\u0103 literar\u0103 \u00een presa din Moldova. Alte c\u0103r\u0163i; \u201eLit\u00e9rature fran\u00e7aise\u201d; \u201eLe texte et son double\u201d \u015f. a.<\/p>\n\n\n\n<p>\u25a0 29\/1903 \u2013 n. <strong>Sergiu Dan<\/strong> (pseud. Isidor-Sergiu Rottman), la Piatra-Neam\u0163 (d. 13. 03. 1976, Bucure\u015fti), prozator, publicist \u015fi traduc\u0103tor, absolvent al Liceului \u201ePetru Rare\u015f\u201d, Piatra-Neam\u0163, al \u015ecolii Superioare Comerciale, Bucure\u015fti. Debut \u00een \u201eCugetul rom\u00e2nesc\u201d (1922). Colabor\u0103ri la majoritatea revistelor literare. A debutat editorial cu \u201eVia\u0163a minunat\u0103 a lui Anton Pann\u201d (colab., 1929). Alte c\u0103r\u0163i: \u201eDragoste \u015fi moarte \u00een provincie\u201d; \u201eArsenic\u201d; \u201eSurorile Veniamin\u201d; \u201eUnde \u00eencepe noaptea\u201d; \u201eRoza \u015fi ceilal\u0163i\u201d; \u201eTaina stolnicesei\u201d; \u201eTase cel Mare\u201d; \u201eDintr-un jurnal de noapte\u201d, p\u00e2n\u0103 \u00een 1970; \u201eServiciul de noapte\u201d, 1980.<\/p>\n\n\n\n<p>\u25a0 31\/1901 \u2013 d. <strong>Nicolae I. Eladescu<\/strong>, la Piatra-Neam\u0163 (n. 1851, Suceava), absolvent al Seminarului de la Socola. Participat la R\u0103zboiul pentru Independen\u0163\u0103. \u00cenv\u0103\u0163\u0103tor la T\u00e2rgovi\u015fte (1878-1886), la \u015ecoala Primar\u0103 Nr. 2 din Piatra-Neam\u0163, unde a fost director (1898-1901). \u00cen 1899, este ales pre\u015fedinte al Societ\u0103\u0163ii \u201eProp\u0103\u015firea\u201d \u015fi al Comitetului de redac\u0163ie al revistei omonime, din Piatra-Neam\u0163. Prin venirea sa la conducerea revistei \u015fi atragerea unor cadre de prestigiu (Gheorghe Nicolau, revizor \u015fcolar, Zulnia Is\u0103cescu \u015fi Alexandrina M\u0103c\u0103r\u0103scu), con\u0163inutul publica\u0163iei se \u00eembun\u0103t\u0103\u0163e\u015fte mai ales cu articole despre \u00eenv\u0103\u0163\u0103m\u00e2nt.<\/p>\n\n\n\n<p>\u25a0 31\/1989, d. la Ia\u015fi, <strong>Ion Creang\u0103<\/strong> (v. fi\u015fa lunii martie.)<\/p>\n\n\n\n<p>(<strong>N. R.<\/strong> \u2013 Prelucrare \u015fi actualizare dup\u0103 <em>Personalit\u0103\u0163i ale culturii din jude\u0163ul Neam\u0163<\/em>, un calendar alc\u0103tuit de <strong>Constantin TOM\u0218A<\/strong>, Editura Crigarux &amp; Cetatea Doamnei, Piatra-Neam\u0163, 2014).<\/p>\n","protected":false},"excerpt":{"rendered":"<p>\u25a0 dec. 1907 \u2013 d. Manuel Halunga, la Piatra-Neam\u0163 (n. 1825, Boto\u015fani), institutor, publicist. Absolvent al Academiei Mih\u0103ilene din Ia\u015fi, a predat la \u015ecoala Primar\u0103 de B\u0103ie\u0163i Nr. 1 din Piatra-Neam\u0163 timp de patru decenii, fiind un militant activ pentru&hellip;<\/p>\n<p class=\"more-link-p\"><a class=\"more-link\" href=\"http:\/\/www.slineamt.ro\/apostolul\/lectia-de-istorie\/28017\/\">Read more &rarr;<\/a><\/p>\n","protected":false},"author":1,"featured_media":0,"comment_status":"open","ping_status":"closed","sticky":false,"template":"","format":"standard","meta":{"footnotes":""},"categories":[6,500],"tags":[],"class_list":["post-28017","post","type-post","status-publish","format-standard","hentry","category-lectia-de-istorie","category-289-decembrie-2025"],"_links":{"self":[{"href":"http:\/\/www.slineamt.ro\/apostolul\/wp-json\/wp\/v2\/posts\/28017","targetHints":{"allow":["GET"]}}],"collection":[{"href":"http:\/\/www.slineamt.ro\/apostolul\/wp-json\/wp\/v2\/posts"}],"about":[{"href":"http:\/\/www.slineamt.ro\/apostolul\/wp-json\/wp\/v2\/types\/post"}],"author":[{"embeddable":true,"href":"http:\/\/www.slineamt.ro\/apostolul\/wp-json\/wp\/v2\/users\/1"}],"replies":[{"embeddable":true,"href":"http:\/\/www.slineamt.ro\/apostolul\/wp-json\/wp\/v2\/comments?post=28017"}],"version-history":[{"count":2,"href":"http:\/\/www.slineamt.ro\/apostolul\/wp-json\/wp\/v2\/posts\/28017\/revisions"}],"predecessor-version":[{"id":28019,"href":"http:\/\/www.slineamt.ro\/apostolul\/wp-json\/wp\/v2\/posts\/28017\/revisions\/28019"}],"wp:attachment":[{"href":"http:\/\/www.slineamt.ro\/apostolul\/wp-json\/wp\/v2\/media?parent=28017"}],"wp:term":[{"taxonomy":"category","embeddable":true,"href":"http:\/\/www.slineamt.ro\/apostolul\/wp-json\/wp\/v2\/categories?post=28017"},{"taxonomy":"post_tag","embeddable":true,"href":"http:\/\/www.slineamt.ro\/apostolul\/wp-json\/wp\/v2\/tags?post=28017"}],"curies":[{"name":"wp","href":"https:\/\/api.w.org\/{rel}","templated":true}]}}