{"id":28043,"date":"2025-12-19T12:49:56","date_gmt":"2025-12-19T12:49:56","guid":{"rendered":"https:\/\/www.slineamt.ro\/apostolul\/?p=28043"},"modified":"2025-12-19T12:49:56","modified_gmt":"2025-12-19T12:49:56","slug":"melancolie-de-toamna","status":"publish","type":"post","link":"http:\/\/www.slineamt.ro\/apostolul\/arte-si-meserii-plastica\/melancolie-de-toamna\/","title":{"rendered":"Melancolie de toamn\u0103"},"content":{"rendered":"<div class=\"wp-block-image\">\n<figure class=\"alignleft size-full is-resized\"><a href=\"https:\/\/www.slineamt.ro\/apostolul\/wp-content\/uploads\/2025\/12\/25-ap289-foto1.jpg\"><img loading=\"lazy\" decoding=\"async\" width=\"120\" height=\"170\" src=\"https:\/\/www.slineamt.ro\/apostolul\/wp-content\/uploads\/2025\/12\/25-ap289-foto1.jpg\" alt=\"\" class=\"wp-image-28044\" style=\"width:368px;height:auto\"\/><\/a><\/figure>\n<\/div>\n\n\n<p>\u00cen data de 19 noiembrie, la ora 17, Biblioteca Jude\u0163ean\u0103 \u201eG. T. Kirileanu\u201d Neam\u0163 a fost gazda unui recital de lieduri \u015fi roman\u0163e, expresiv \u015fi profund emo\u0163ionant, la care ne-a invitat <strong>conf. univ. dr. Gabriela Pepelea<\/strong>, ce a asigurat preg\u0103tirea muzical\u0103 a evenimentului. Astfel, ne-am bucurat de o atmosfer\u0103 intim\u0103, contemplativ\u0103, \u00een care muzica \u015fi poezia s-au \u00eempletit pentru a evoca trecerea timpului \u015fi frumuse\u0163ea efemer\u0103 a toamnei. Repertoriul ales a favorizat un dialog delicat \u00eentre voce \u015fi pian, pun\u00e2nd \u00een valoare subtilit\u0103\u0163ile textelor \u015fi rafinamentul melodic al pieselor.<\/p>\n\n\n\n<p><em>Voci calde \u015fi acorduri delicate vor readuce farmecul roman\u0163ei \u015fi sensibilitatea liedului, \u00eentr-un recital dedicat emo\u0163iei autentice \u015fi nostalgiei de toamn\u0103. V\u0103 invit\u0103m s\u0103 lua\u0163i parte la aceast\u0103 sear\u0103 de muzic\u0103 \u015fi reflec\u0163ie, \u00een care sonoritatea liedului \u015fi delicate\u0163ea roman\u0163ei se vor \u00eempleti \u00eentr-o veritabil\u0103 celebrare a toamnei suflete\u015fti<\/em> \u2013 a declarat conf. univ. dr. Gabriela Pepelea, la \u00eenceputul manifest\u0103rii artistice.<\/p>\n\n\n\n<p>Ceea ce ne-a atras aten\u0163ia \u00eenc\u0103 de la debut a fost decorul conceput de organizatori \u00eentr-o cromatic\u0103 pastelat\u0103 \u015fi cald\u0103, ce a generat accente de introspec\u0163ie, gener\u00e2nd amintiri, doruri, dar \u015fi momente de lumin\u0103 interioar\u0103. \u00cen spatele unui covor de frunze aurii \u015fi ar\u0103mii se aflau m\u0103su\u0163e, pe care reg\u0103seam patefonul, apoi un teanc de c\u0103r\u0163i purt\u00e2nd patina timpului, o lup\u0103, un sfe\u015fnic cu lum\u00e2n\u0103ri aprinse, o ce\u015fcu\u0163\u0103 de cafea, un m\u0103nunchi de lev\u0103n\u0163ic\u0103, o veioz\u0103 aprins\u0103 etc. Pe acest fond, muzica a devenit o medita\u0163ie liric\u0103, invit\u00e2nd publicul la lini\u015fte \u015fi tr\u0103ire profund\u0103.<\/p>\n\n\n\n<p>Merit\u0103 toate felicit\u0103rile \u015fi toat\u0103 recuno\u015ftin\u0163a noastr\u0103, to\u0163i cei care au evoluat \u00een acest recital poetic, expresiv \u015fi profund&nbsp;&nbsp; emo\u0163ionant, \u00een care fiecare pies\u0103 a contribut la crearea unei st\u0103ri unitare, delicate, tipice anotimpului evocat. Pe scen\u0103 s-au aflat: Gabriela Pepelea, Alessandra Vamanu, Aurora Pal\u0103, Lidia Enache, Marusia \u0162\u0103ru\u015fi, Corina C\u0103r\u0103midariu, Ionela Mardare-Miric\u0103, Daniel Vieru, Tudor Atomi \u015fi invitatul de onoare \u2013 Radu Moro\u015fanu \u2013 care a realizat acompaniamente de \u00eenalt\u0103 sensibiliate la nai. La pian: lect. univ. dr. Anca-Elena P\u0103duraru \u015fi prof. Adrian Stroici.<\/p>\n\n\n<div class=\"wp-block-image\">\n<figure class=\"alignright size-full is-resized\"><a href=\"https:\/\/www.slineamt.ro\/apostolul\/wp-content\/uploads\/2025\/12\/25-ap289-foto2.jpg\"><img loading=\"lazy\" decoding=\"async\" width=\"416\" height=\"256\" src=\"https:\/\/www.slineamt.ro\/apostolul\/wp-content\/uploads\/2025\/12\/25-ap289-foto2.jpg\" alt=\"\" class=\"wp-image-28045\" style=\"width:506px;height:auto\" srcset=\"http:\/\/www.slineamt.ro\/apostolul\/wp-content\/uploads\/2025\/12\/25-ap289-foto2.jpg 416w, http:\/\/www.slineamt.ro\/apostolul\/wp-content\/uploads\/2025\/12\/25-ap289-foto2-300x185.jpg 300w, http:\/\/www.slineamt.ro\/apostolul\/wp-content\/uploads\/2025\/12\/25-ap289-foto2-260x160.jpg 260w, http:\/\/www.slineamt.ro\/apostolul\/wp-content\/uploads\/2025\/12\/25-ap289-foto2-160x98.jpg 160w\" sizes=\"auto, (max-width: 416px) 100vw, 416px\" \/><\/a><\/figure>\n<\/div>\n\n\n<p>Publicul a ascultat pie\u00adse compuse de Doru Popovici, Eduard Caudela, Nicolae Bretan, Gheor\u00adghe Dima, Eugen Doga, Sabin P\u0103utza, George Cavadia, Dan Mizrahi, Train Demetrescu, Gheorghe S\u0103rac, Ioana Radu, Alexandru Grozu\u0163\u0103, Aurel Giroveanu, Mihai Lydic. <em>De ce nu-mi vii, Ochiul t\u0103u iubit, De ce oare eu te-am cunoscut, C\u0103lug\u0103rul din vechiul schit, Pe l\u00e2ng\u0103 plopii f\u0103r\u0103 so\u0163, Mi-e dor de ochii t\u0103i ad\u00e2nci, Mai am un singur dor, Ciob\u0103na\u015f cu trei sute de oi<\/em> \u2013 sunt doar c\u00e2teva din titlurile care au f\u0103cut audien\u0163a s\u0103 fream\u0103te de \u00eenc\u00e2ntare.<\/p>\n\n\n\n<p>Dac\u0103 decup\u0103m din impresiile de la final ale Gabrielei Pepelea afl\u0103m c\u0103 a fost vorba despre &#8230; <em>O poveste spus\u0103 pe portativele inimii \u00een tonalit\u0103\u0163ile toamnei. O sear\u0103 de emo\u0163ie \u015fi frumos la bra\u0163ul minuna\u0163ilor soli\u015fti \u2013 studen\u0163i \u015fi alumni. Vocile lor at\u00e2t de frumoase au dat expresiei \u0163inuta melancoliei, a visului, a dragostei, a tinere\u0163ii. Fiecare interpretare a dat serii culoare de suflet \u015fi adev\u0103rate tr\u0103iri<\/em>.<\/p>\n\n\n\n<p><strong><em>Gianina BURUIAN\u0102<\/em><\/strong><strong><em><\/em><\/strong><\/p>\n","protected":false},"excerpt":{"rendered":"<p>\u00cen data de 19 noiembrie, la ora 17, Biblioteca Jude\u0163ean\u0103 \u201eG. T. Kirileanu\u201d Neam\u0163 a fost gazda unui recital de lieduri \u015fi roman\u0163e, expresiv \u015fi profund emo\u0163ionant, la care ne-a invitat conf. univ. dr. Gabriela Pepelea, ce a asigurat preg\u0103tirea&hellip;<\/p>\n<p class=\"more-link-p\"><a class=\"more-link\" href=\"http:\/\/www.slineamt.ro\/apostolul\/arte-si-meserii-plastica\/melancolie-de-toamna\/\">Read more &rarr;<\/a><\/p>\n","protected":false},"author":1,"featured_media":0,"comment_status":"open","ping_status":"closed","sticky":false,"template":"","format":"standard","meta":{"footnotes":""},"categories":[196,500],"tags":[],"class_list":["post-28043","post","type-post","status-publish","format-standard","hentry","category-arte-si-meserii-plastica","category-289-decembrie-2025"],"_links":{"self":[{"href":"http:\/\/www.slineamt.ro\/apostolul\/wp-json\/wp\/v2\/posts\/28043","targetHints":{"allow":["GET"]}}],"collection":[{"href":"http:\/\/www.slineamt.ro\/apostolul\/wp-json\/wp\/v2\/posts"}],"about":[{"href":"http:\/\/www.slineamt.ro\/apostolul\/wp-json\/wp\/v2\/types\/post"}],"author":[{"embeddable":true,"href":"http:\/\/www.slineamt.ro\/apostolul\/wp-json\/wp\/v2\/users\/1"}],"replies":[{"embeddable":true,"href":"http:\/\/www.slineamt.ro\/apostolul\/wp-json\/wp\/v2\/comments?post=28043"}],"version-history":[{"count":1,"href":"http:\/\/www.slineamt.ro\/apostolul\/wp-json\/wp\/v2\/posts\/28043\/revisions"}],"predecessor-version":[{"id":28046,"href":"http:\/\/www.slineamt.ro\/apostolul\/wp-json\/wp\/v2\/posts\/28043\/revisions\/28046"}],"wp:attachment":[{"href":"http:\/\/www.slineamt.ro\/apostolul\/wp-json\/wp\/v2\/media?parent=28043"}],"wp:term":[{"taxonomy":"category","embeddable":true,"href":"http:\/\/www.slineamt.ro\/apostolul\/wp-json\/wp\/v2\/categories?post=28043"},{"taxonomy":"post_tag","embeddable":true,"href":"http:\/\/www.slineamt.ro\/apostolul\/wp-json\/wp\/v2\/tags?post=28043"}],"curies":[{"name":"wp","href":"https:\/\/api.w.org\/{rel}","templated":true}]}}