{"id":28084,"date":"2025-12-19T13:48:55","date_gmt":"2025-12-19T13:48:55","guid":{"rendered":"https:\/\/www.slineamt.ro\/apostolul\/?p=28084"},"modified":"2025-12-19T13:48:55","modified_gmt":"2025-12-19T13:48:55","slug":"piatra-neamt-creativ-spectacolul-picturii","status":"publish","type":"post","link":"http:\/\/www.slineamt.ro\/apostolul\/arte-si-meserii-plastica\/piatra-neamt-creativ-spectacolul-picturii\/","title":{"rendered":"\u201ePiatra-Neam\u0163 Creativ\u201d \u2013 spectacolul picturii"},"content":{"rendered":"<div class=\"wp-block-image\">\n<figure class=\"alignleft size-full is-resized\"><a href=\"https:\/\/www.slineamt.ro\/apostolul\/wp-content\/uploads\/2025\/12\/15-ap289-foto1-1.jpg\"><img loading=\"lazy\" decoding=\"async\" width=\"340\" height=\"412\" src=\"https:\/\/www.slineamt.ro\/apostolul\/wp-content\/uploads\/2025\/12\/15-ap289-foto1-1.jpg\" alt=\"\" class=\"wp-image-28090\" style=\"width:426px;height:auto\" srcset=\"http:\/\/www.slineamt.ro\/apostolul\/wp-content\/uploads\/2025\/12\/15-ap289-foto1-1.jpg 340w, http:\/\/www.slineamt.ro\/apostolul\/wp-content\/uploads\/2025\/12\/15-ap289-foto1-1-248x300.jpg 248w, http:\/\/www.slineamt.ro\/apostolul\/wp-content\/uploads\/2025\/12\/15-ap289-foto1-1-260x315.jpg 260w, http:\/\/www.slineamt.ro\/apostolul\/wp-content\/uploads\/2025\/12\/15-ap289-foto1-1-160x194.jpg 160w\" sizes=\"auto, (max-width: 340px) 100vw, 340px\" \/><\/a><\/figure>\n<\/div>\n\n\n<p>Biblioteca Jude\u0163ean\u0103 \u201eG.T. Kirileanu\u201d Neam\u0163 a g\u0103zduit, p\u00e2n\u0103 la sf\u00e2r\u015fitul lunii noiembrie, ampla expozi\u0163ie interna\u0163ional\u0103 a <strong>Concursului de Arte Plastice pentru copii \u015fi tineri \u201ePiatra-Neam\u0163 Creativ\u201d<\/strong>, ajuns\u0103 la edi\u0163ia a IX-a. Ca de obicei, prin importan\u0163\u0103, propor\u0163ii \u015fi coeren\u0163\u0103, este un eveniment deosebit, dat fiind c\u0103 prilejuie\u015fte cunoa\u015fterea cuprinz\u0103toare a activit\u0103\u0163ii unor \u015fcoli de prestigiu de pe mapamond, \u00eentr-o tumultuoas\u0103 rev\u0103rsare de culoare \u015fi spirit.<\/p>\n\n\n\n<p>\u201eDeseneaz\u0103 ora\u015ful t\u0103u \/ Draw your city\u201d sau \u201eFlori \/ Flowers\u201d sunt temele, ca la fiecare edi\u0163ie, la alegere, iar participan\u0163ii, afla\u0163i \u00een diverse stadii de evolu\u0163ie artistic\u0103, provin de la 58 de \u015fcoli din 19 \u0163\u0103ri: Rom\u00e2nia, Republica Moldova, Ucraina, Belarus, Federa\u0163ia Rus\u0103, Polonia, Letonia, Bulgaria, Serbia, Croa\u0163ia, Cehia, Spania, Fran\u0163a, Italia, Turcia, India, Thailanda, Vietnam \u015fi Hong Kong.<\/p>\n\n\n\n<p>Cele c\u00e2teva zeci de lucr\u0103ri constituie principalele repere pe care se edific\u0103 o lume plin\u0103 de lumin\u0103 \u015fi culoare, bogat\u0103 \u00een semnifica\u0163ii, cum numai tinerii o pot \u00eenf\u0103\u0163i\u015fa.<\/p>\n\n\n\n<p><strong>\u015ecolile c\u00e2\u015ftig\u0103toare ale Marelui Premiu, \u00een 2025, sunt:<\/strong><\/p>\n\n\n\n<p>\u25cf YOUNG ENVOYS INTERNATIONAL, TELANGANA, INDIA<\/p>\n\n\n\n<p>\u25cf SCHOOL 1955, MOSCOVA, RUSIA.<\/p>\n\n\n<div class=\"wp-block-image\">\n<figure class=\"alignright size-full\"><a href=\"https:\/\/www.slineamt.ro\/apostolul\/wp-content\/uploads\/2025\/12\/15-ap289-foto2-1.jpg\"><img loading=\"lazy\" decoding=\"async\" width=\"416\" height=\"389\" src=\"https:\/\/www.slineamt.ro\/apostolul\/wp-content\/uploads\/2025\/12\/15-ap289-foto2-1.jpg\" alt=\"\" class=\"wp-image-28091\" srcset=\"http:\/\/www.slineamt.ro\/apostolul\/wp-content\/uploads\/2025\/12\/15-ap289-foto2-1.jpg 416w, http:\/\/www.slineamt.ro\/apostolul\/wp-content\/uploads\/2025\/12\/15-ap289-foto2-1-300x281.jpg 300w, http:\/\/www.slineamt.ro\/apostolul\/wp-content\/uploads\/2025\/12\/15-ap289-foto2-1-260x243.jpg 260w, http:\/\/www.slineamt.ro\/apostolul\/wp-content\/uploads\/2025\/12\/15-ap289-foto2-1-160x150.jpg 160w\" sizes=\"auto, (max-width: 416px) 100vw, 416px\" \/><\/a><\/figure>\n<\/div>\n\n\n<p><strong>Special Prize School<\/strong> s-a acordat urm\u0103toarelor \u015fcoli:<\/p>\n\n\n\n<p>\u25cf KASET ART STUDIO, THAILANDA<\/p>\n\n\n\n<p>\u25cf ATOLYE VEYSEL ACAR, TURCIA.<\/p>\n\n\n\n<p>Profesorii coordonatori ai echipajelor din aceste \u0163\u0103ri vor primi marele trofeu al concursului, medaliile \u015fi diplomele care atest\u0103 rezultatele ob\u0163inute.<\/p>\n\n\n\n<p>Juriul competi\u0163iei, format din profesioni\u015fti ai artei, educa\u0163iei \u015fi culturii nem\u0163ene, a fost impresionat de num\u0103rul \u015fi calitatea lucr\u0103rilor expediate la edi\u0163ia din acest an a concursului \u015fi a decis, \u00een unanimitate, decernarea a \u015fapte distinc\u0163ii \u201e<strong>Gold Medal School<\/strong>\u201d, iar unsprezece \u015fcoli au fost nominalizate pentru Premiul \u201e<strong>Silver Medal<\/strong>\u201d, pentru valoroasele colec\u0163ii de lucr\u0103ri expediate la concurs. Toate \u015fcolile \u015fi cluburile participante vor primi diplome de participare. De asemenea, <strong>43 elevi<\/strong> vor primi diplomele \u201e<strong>Grand Prize for Individual Work<\/strong>\u201d, pentru colec\u0163iile de lucr\u0103ri originale, creative \u015fi impecabil realizate tehnic. Pentru efortul lor creator \u015fi pentru originalitate, <strong>152 elevi<\/strong> sunt premia\u0163i cu \u201e<strong>Gold Medal Merit Class<\/strong>\u201d, iar al\u0163i <strong>314 de copii<\/strong> vor primi \u201e<strong>Silver Medal Merit Class<\/strong>\u201d, pentru picturile lor deosebite. <strong>102 elevi<\/strong> vor fi premia\u0163i cu \u201e<strong>Single Selection Diploma<\/strong>\u201d.<\/p>\n\n\n<div class=\"wp-block-image\">\n<figure class=\"alignleft size-full is-resized\"><a href=\"https:\/\/www.slineamt.ro\/apostolul\/wp-content\/uploads\/2025\/12\/15-ap289-foto3-1.jpg\"><img loading=\"lazy\" decoding=\"async\" width=\"345\" height=\"255\" src=\"https:\/\/www.slineamt.ro\/apostolul\/wp-content\/uploads\/2025\/12\/15-ap289-foto3-1.jpg\" alt=\"\" class=\"wp-image-28092\" style=\"width:440px;height:auto\" srcset=\"http:\/\/www.slineamt.ro\/apostolul\/wp-content\/uploads\/2025\/12\/15-ap289-foto3-1.jpg 345w, http:\/\/www.slineamt.ro\/apostolul\/wp-content\/uploads\/2025\/12\/15-ap289-foto3-1-300x222.jpg 300w, http:\/\/www.slineamt.ro\/apostolul\/wp-content\/uploads\/2025\/12\/15-ap289-foto3-1-260x192.jpg 260w, http:\/\/www.slineamt.ro\/apostolul\/wp-content\/uploads\/2025\/12\/15-ap289-foto3-1-160x118.jpg 160w\" sizes=\"auto, (max-width: 345px) 100vw, 345px\" \/><\/a><\/figure>\n<\/div>\n\n\n<p>\u201eAdresez mul\u0163umiri partenerilor no\u015ftri de n\u0103dejde: Biblioteca Jude\u0163ean\u0103 G.T. Kirileanu, Palatului Copiilor, sponsorilor, elevilor voluntari \u015fi tuturor celor implica\u0163i pentru dedicarea deosebit\u0103 \u00een organizarea concursului \u015fi diseminarea informa\u0163iei. Piatra-Neam\u0163 Creativ a ajuns la edi\u0163ia cu num\u0103rul nou\u0103 \u015fi s-a dorit a fi, \u00eenc\u0103 de la \u00eenceput, un proiect dedicat exclusiv exprim\u0103rii plastice creative a tinerilor arti\u015fti. Dac\u0103 vom reu\u015fi s\u0103 continu\u0103m acest proiect, ne dorim s\u0103 motiv\u0103m \u015fi s\u0103 inspir\u0103m copiii de pe c\u00e2t mai multe meridiane, s\u0103 \u00eei \u00eencuraj\u0103m s\u0103 se dezvolte personal \u015fi artistic. Racordarea artei tinere rom\u00e2ne\u015fti la valorile artei interna\u0163ionale a copiilor, a fost \u00eenc\u0103 de la \u00eenceput un obiectiv principal, al\u0103turi de crearea de conexiuni \u015fi parteneriate autentice \u00eentre reprezentan\u0163i ai sistemelor de educa\u0163ie, muzeelor, bibliotecilor, institu\u0163iilor de educa\u0163ie nonformal\u0103 \u015fi informal\u0103. <strong>Piatra-Neamt Creativ<\/strong> a contribuit, \u00een decursul anilor, la promovarea ima\u00adginii municipiului Piatra-Neam\u0163 \u015fi continu\u0103 s\u0103 fac\u0103 vizibile proiectele culturale \u015fi artistice \u00een care sunt implica\u0163i copiii, pe majoritatea continentelor globului. Expozi\u0163ia panotat\u0103 pe simezele Cupolei Bibliotecii Jude\u0163ene este pentru noi \u015fi pentru publicul nem\u0163ean, o s\u0103rb\u0103toare a excelen\u0163ei din domeniul artelor plastice \u015fi o lume plin\u0103 de concepte interesante, tehnici \u015fi viziuni plastice originale, care ne bucur\u0103 ochii \u015fi ne \u00eembog\u0103\u0163esc suflete\u015fte, asigur\u00e2ndu-ne c\u0103 umanitatea merge \u00eenainte \u015fi c\u0103 mai are multe de ar\u0103tat, de exprimat, de demonstrat, prin intermediul copiilor \u2013 cei mai de pre\u0163 reprezentan\u0163i ai s\u0103i\u201d, a spus prof. Cristina Petrariu, pre\u015fedintele Asocia\u0163iei Culturale \u201eArte. Ro\u201d.<\/p>\n\n\n\n<p>Lucr\u0103rile de desen, gravur\u0103 \u015fi cele de pictur\u0103 expediate la concurs, au fost<strong> evaluate de un juriu profesionist<\/strong> \u015fi exigent, alc\u0103tuit din profesori de arte vizuale, bibliotecari \u015fi muzeografi:<\/p>\n\n\n<div class=\"wp-block-image\">\n<figure class=\"alignright size-full is-resized\"><a href=\"https:\/\/www.slineamt.ro\/apostolul\/wp-content\/uploads\/2025\/12\/15-ap289-foto4-1.jpg\"><img loading=\"lazy\" decoding=\"async\" width=\"163\" height=\"265\" src=\"https:\/\/www.slineamt.ro\/apostolul\/wp-content\/uploads\/2025\/12\/15-ap289-foto4-1.jpg\" alt=\"\" class=\"wp-image-28093\" style=\"width:361px;height:auto\" srcset=\"http:\/\/www.slineamt.ro\/apostolul\/wp-content\/uploads\/2025\/12\/15-ap289-foto4-1.jpg 163w, http:\/\/www.slineamt.ro\/apostolul\/wp-content\/uploads\/2025\/12\/15-ap289-foto4-1-160x260.jpg 160w\" sizes=\"auto, (max-width: 163px) 100vw, 163px\" \/><\/a><\/figure>\n<\/div>\n\n\n<p>PRE\u015eEDINTE: <strong>Prof. Cristina Petrariu<\/strong>, Asocia\u0163ia Cultural\u0103 \u201eArte. Ro\u201d, prof. arte vizuale, Gr.did. I, Palatul Copiilor Piatra-Neam\u0163. MEMBRI: <strong>Medic, Mariana Ciobanu<\/strong>, Asocia\u0163ia Cultural\u0103 \u201eArte. Ro\u201d,vicepre\u015fedinte; <strong>Prof. Inv. Prim. Stelu\u0163a Postolic\u0103<\/strong> \u2013 I.S.J. Neam\u0163, inspector educa\u0163ie extra\u015fcolar\u0103; <strong>Prof. Mihaela Mereu\u0163\u0103<\/strong> \u2013 Biblioteca Jude\u0163ean\u0103 \u201eG.T. Kirileanu\u201d Neam\u0163, manager; <strong>Bibliotecar, Violeta Simina Mo\u015fu<\/strong> \u2013Biblioteca Jude\u0163ean\u0103 \u201eG.T. Kirileanu\u201d Neam\u0163; <strong>Conf. univ. dr. Ecaterina M\u0103rghidan<\/strong>, Universitatea de Arte \u201eG. Enescu\u201d Ia\u015fi, Facultatea de Arte vizuale \u015fi Design \u2013 Specializarea Arte decorative, Design textile; <strong>Muzeograf coord. Silvia Tr\u0103istariu<\/strong>, Complexul Muzeal Na\u0163ional Neam\u0163 \u2013 Specializarea Pictur\u0103; <strong>Prof. Oana G\u00e2rbea<\/strong>, Colegiul Na\u0163ional \u201eCalistrat Hoga\u015f\u201d, Prof. Gr.I \u2013 Specializarea Pictur\u0103.<\/p>\n\n\n\n<p>\u201eDoresc s\u0103 adresez felicit\u0103ri tuturor participan\u0163ilor la acest concurs. Dup\u0103 cum se vede, interesul de a participa la \u201ePiatra-Neam\u0163 Creativ\u201d se men\u0163ine la un nivel \u00eenalt. \u00cen fiecare an, talentul \u00ee\u015fi pune amprenta prin diversitatea, creativitatea, originalitatea \u015fi acurate\u0163ea lucr\u0103rilor, astfel \u00eenc\u00e2t misiunea juriului, devine din ce \u00een ce mai grea. Felicit\u0103ri adresez \u015fi mentorilor din spatele acestor copii care, cu r\u0103bdare \u015fi munc\u0103 intens\u0103, au f\u0103cut, fac \u015fi vor face ca visurile lor s\u0103 devin\u0103 realitate. Felicit\u0103ri, de asemenea, \u015fi copiilor care au participat la alte concursuri interna\u0163ionale \u015fi care au ob\u0163inut rezultate remarcabile. V\u0103 doresc s\u0103 scrie\u0163i noi capitole \u00een c\u0103l\u0103toria voastr\u0103 artistic\u0103\u201d, a afirmat dr. Mariana Ciobanu, vicepre\u015fedintele Asocia\u0163iei Culturale \u201eArte.Ro\u201d.<\/p>\n\n\n\n<p>Vernisajul a avut loc vineri, 21 noiembrie 2025, prilej cu care s-au decernat \u015fi cele 69 de diplome, medalii \u015fi distinc\u0163ii pe care elevii coordona\u0163i de prof. Cristina Petrariu le-au ob\u0163inut \u00een anul \u015fcolar 2024-2025 la concursurile interna\u0163ionale de arte plastice destinate elevilor:<\/p>\n\n\n<div class=\"wp-block-image\">\n<figure class=\"alignleft size-full is-resized\"><a href=\"https:\/\/www.slineamt.ro\/apostolul\/wp-content\/uploads\/2025\/12\/15-ap289-foto5-1.jpg\"><img loading=\"lazy\" decoding=\"async\" width=\"416\" height=\"265\" src=\"https:\/\/www.slineamt.ro\/apostolul\/wp-content\/uploads\/2025\/12\/15-ap289-foto5-1.jpg\" alt=\"\" class=\"wp-image-28094\" style=\"width:500px;height:auto\" srcset=\"http:\/\/www.slineamt.ro\/apostolul\/wp-content\/uploads\/2025\/12\/15-ap289-foto5-1.jpg 416w, http:\/\/www.slineamt.ro\/apostolul\/wp-content\/uploads\/2025\/12\/15-ap289-foto5-1-300x191.jpg 300w, http:\/\/www.slineamt.ro\/apostolul\/wp-content\/uploads\/2025\/12\/15-ap289-foto5-1-260x166.jpg 260w, http:\/\/www.slineamt.ro\/apostolul\/wp-content\/uploads\/2025\/12\/15-ap289-foto5-1-160x102.jpg 160w\" sizes=\"auto, (max-width: 416px) 100vw, 416px\" \/><\/a><\/figure>\n<\/div>\n\n\n<p><em>Jqa International Art Competition For Children<\/em>, <strong>Japonia, 2025<\/strong> * <em>Anual Children\u2019s Picture International Art Competition For Children<\/em>, <strong>Japonia, 2025<\/strong> * <em>The World Children\u2019s Drawing Competition<\/em>, <strong>Bulgaria, 2025<\/strong> * <em>Anual Children\u2019s Picture International Art Competition For Children<\/em>, <strong>Japonia, 2025<\/strong> * <em>International Poetry, Art And Song Competition<\/em>, <strong>Uk, 2024\/2025<\/strong> * <em>International Children\u2019s Art Exhibition<\/em>, <strong>Serbia, 2025<\/strong> * <em>Concours International D\u2019arts Plastiques<\/em>, <strong>2025, Fran\u0163a<\/strong> * <em>International Art Competition For Children,<\/em> <em>Celje<\/em>, <strong>2025, Slovenia<\/strong> <em>* International World School Children\u2019s Art Art Competition<\/em>, <strong>2025, Taiwan<\/strong> * <em>International Meeting Of Juvenile Art<\/em>, <strong>Portugalia, 2025<\/strong> * <em>Children\u2019s Contest, Huston<\/em>, <strong>SUA, 2025<\/strong>.<\/p>\n\n\n\n<p>Evenimentul a fost organizat de Asocia\u0163ia Cultural\u0103 \u201eArte. Ro\u201d, \u00een parteneriat cu Palatul Copiilor din Piatra-Neam\u0163 \u015fi Biblioteca Jude\u0163ean\u0103 \u201eG.T. Kirileanu\u201d Neam\u0163.<\/p>\n\n\n\n<p><strong><em>Violeta MO\u0218U<\/em><\/strong><strong><em><\/em><\/strong><\/p>\n","protected":false},"excerpt":{"rendered":"<p>Biblioteca Jude\u0163ean\u0103 \u201eG.T. Kirileanu\u201d Neam\u0163 a g\u0103zduit, p\u00e2n\u0103 la sf\u00e2r\u015fitul lunii noiembrie, ampla expozi\u0163ie interna\u0163ional\u0103 a Concursului de Arte Plastice pentru copii \u015fi tineri \u201ePiatra-Neam\u0163 Creativ\u201d, ajuns\u0103 la edi\u0163ia a IX-a. Ca de obicei, prin importan\u0163\u0103, propor\u0163ii \u015fi coeren\u0163\u0103, este&hellip;<\/p>\n<p class=\"more-link-p\"><a class=\"more-link\" href=\"http:\/\/www.slineamt.ro\/apostolul\/arte-si-meserii-plastica\/piatra-neamt-creativ-spectacolul-picturii\/\">Read more &rarr;<\/a><\/p>\n","protected":false},"author":1,"featured_media":0,"comment_status":"open","ping_status":"closed","sticky":false,"template":"","format":"standard","meta":{"footnotes":""},"categories":[196,500],"tags":[],"class_list":["post-28084","post","type-post","status-publish","format-standard","hentry","category-arte-si-meserii-plastica","category-289-decembrie-2025"],"_links":{"self":[{"href":"http:\/\/www.slineamt.ro\/apostolul\/wp-json\/wp\/v2\/posts\/28084","targetHints":{"allow":["GET"]}}],"collection":[{"href":"http:\/\/www.slineamt.ro\/apostolul\/wp-json\/wp\/v2\/posts"}],"about":[{"href":"http:\/\/www.slineamt.ro\/apostolul\/wp-json\/wp\/v2\/types\/post"}],"author":[{"embeddable":true,"href":"http:\/\/www.slineamt.ro\/apostolul\/wp-json\/wp\/v2\/users\/1"}],"replies":[{"embeddable":true,"href":"http:\/\/www.slineamt.ro\/apostolul\/wp-json\/wp\/v2\/comments?post=28084"}],"version-history":[{"count":1,"href":"http:\/\/www.slineamt.ro\/apostolul\/wp-json\/wp\/v2\/posts\/28084\/revisions"}],"predecessor-version":[{"id":28095,"href":"http:\/\/www.slineamt.ro\/apostolul\/wp-json\/wp\/v2\/posts\/28084\/revisions\/28095"}],"wp:attachment":[{"href":"http:\/\/www.slineamt.ro\/apostolul\/wp-json\/wp\/v2\/media?parent=28084"}],"wp:term":[{"taxonomy":"category","embeddable":true,"href":"http:\/\/www.slineamt.ro\/apostolul\/wp-json\/wp\/v2\/categories?post=28084"},{"taxonomy":"post_tag","embeddable":true,"href":"http:\/\/www.slineamt.ro\/apostolul\/wp-json\/wp\/v2\/tags?post=28084"}],"curies":[{"name":"wp","href":"https:\/\/api.w.org\/{rel}","templated":true}]}}