{"id":28144,"date":"2025-12-19T14:57:23","date_gmt":"2025-12-19T14:57:23","guid":{"rendered":"https:\/\/www.slineamt.ro\/apostolul\/?p=28144"},"modified":"2025-12-19T14:57:23","modified_gmt":"2025-12-19T14:57:23","slug":"concursul-emanuel-elenescu-2025-o-editie-dedicata-excelentei-muzicale","status":"publish","type":"post","link":"http:\/\/www.slineamt.ro\/apostolul\/panoramic-nemtean\/concursul-emanuel-elenescu-2025-o-editie-dedicata-excelentei-muzicale\/","title":{"rendered":"Concursul \u201eEmanuel Elenescu\u201d 2025 \u2013 o edi\u0163ie dedicat\u0103 excelen\u0163ei muzicale"},"content":{"rendered":"<div class=\"wp-block-image\">\n<figure class=\"alignleft size-full is-resized\"><a href=\"https:\/\/www.slineamt.ro\/apostolul\/wp-content\/uploads\/2025\/12\/09-ap289-foto1.jpg\"><img loading=\"lazy\" decoding=\"async\" width=\"454\" height=\"323\" src=\"https:\/\/www.slineamt.ro\/apostolul\/wp-content\/uploads\/2025\/12\/09-ap289-foto1.jpg\" alt=\"\" class=\"wp-image-28145\" style=\"width:468px;height:auto\" srcset=\"http:\/\/www.slineamt.ro\/apostolul\/wp-content\/uploads\/2025\/12\/09-ap289-foto1.jpg 454w, http:\/\/www.slineamt.ro\/apostolul\/wp-content\/uploads\/2025\/12\/09-ap289-foto1-300x213.jpg 300w, http:\/\/www.slineamt.ro\/apostolul\/wp-content\/uploads\/2025\/12\/09-ap289-foto1-260x185.jpg 260w, http:\/\/www.slineamt.ro\/apostolul\/wp-content\/uploads\/2025\/12\/09-ap289-foto1-160x114.jpg 160w\" sizes=\"auto, (max-width: 454px) 100vw, 454px\" \/><\/a><\/figure>\n<\/div>\n\n\n<p>\u00cen acest an, concursul na\u0163ional cu participare interna\u0163ional\u0103 \u201eEmanuel Elenescu\u201d organizat de Liceul de Arte \u201eVictor Brauner\u201d din Piatra-Neam\u0163, a ajuns la edi\u0163ia XXXIV \u015fi s-a desf\u0103\u015furat \u00een perioada 27-29 noiembrie 2025.<\/p>\n\n\n\n<p>Juriul concursului a fost format din: <strong>Ozana Kalmuski-Zarea<\/strong> \u2013 muzicolog dr. la Filarmonica \u201eMihail Jora\u201d din Bac\u0103u, \u00een calitate de pre\u015fedinte; <strong>Ionu\u0163-Liviu Ciocoiu<\/strong> \u2013 Inspector \u015ecolar General la Inspectoratul \u015ecolar Jude\u0163ean Neam\u0163 \u2013 vicepre\u015fedinte; <strong>Mih\u0103i\u0163\u0103 Albu<\/strong>, cel care a \u00eenfiin\u0163at concursul \u015fi care a trudit ca profesor \u015fi director la Liceul de Arte \u201eVictor Brauner\u201d un num\u0103r impresionant de ani \u2013 pre\u015fedinte onorific. \u00cen afara acestora, \u00eenc\u0103 21 de personalit\u0103\u0163i importante ale vie\u0163ii academice \u015fi muzicale rom\u00e2ne\u015fti au format cele 10 jurii pe instrumente (conf. univ. dr. <strong>George Hariton<\/strong>, conf. univ. dr. <strong>Daniel Paicu<\/strong>, conf. univ. dr. <strong>Fodor Florin<\/strong>, conf. univ. dr. <strong>Delia Irimie-Stoian<\/strong>, lector univ. dr. <strong>Geani Brad<\/strong>, lector univ. dr. <strong>Andrei Dru\u0163\u0103<\/strong>, prof. <strong>Veaceslav La\u015fcu<\/strong> etc.), printre care \u015fi fo\u015fti elevi ai liceului \u201eVictor Brauner\u201d, cum ar fi: lector univ. dr. <strong>Vele\u015fcu Alexandru<\/strong> \u015fi cdai.dr. <strong>Sara Stroici<\/strong> (Academia Na\u0163ional\u0103 de Muzic\u0103 \u201eGheorghe Dima\u201d, Extensia Piatra-Neam\u0163), <strong>Sorin Vasile G\u0103buroi<\/strong> (Filarmonica \u201eMihail Jora\u201ddin Bac\u0103u), <strong>Emmy Constantin Dumitru<\/strong> (solist instrumentist la acordeon \u00een Marea Britanie), c\u00e2\u015ftig\u0103tor al trofeului \u201eEmanuel Elenescu\u201d la sec\u0163iunea muzic\u0103 tradi\u0163ional\u0103 \u00een anul 2013, pe vremea c\u00e2nd era elev \u00een clasa a X-a. Liceul \u201eVictor Brauner\u201d a fost reprezentat \u00een juriu de prof. <strong>Bitere Liviu<\/strong> \u015fi prof. <strong>Lumini\u0163a Macavei<\/strong>.<\/p>\n\n\n\n<p>Deschiderea festiv\u0103 a avut loc joi 27 noiembrie 2025, la liceul gazd\u0103. \u00cen mod firesc, \u00een debut a luat cuv\u00e2ntul prof. <strong>Carmen Corl\u0103\u0163eanu<\/strong>, director al institu\u0163iei organizatoare, care a prezentat un scurt istoric: <em>Concursul a ap\u0103rut \u00een toamna anului 1991 \u00een cadrul catedrei de sufl\u0103tori, devenind jude\u0163ean \u00een 1997. Un an mai t\u00e2rziu i s-au ad\u0103ugat \u015fi instrumentele populare iar din 2002 devine zonal, pentru toat\u0103 Moldova. Din 2004 are caracter na\u0163ional iar din 2008 este dedicat Zilei Na\u0163ionale a Rom\u00e2niei. \u00cen 2010 s-a reg\u00e2ndit structura concursului, care devine unul al finali\u015ftilor, adic\u0103 al celor mai buni de la fiecare instrument. \u00cen urma evolu\u0163iei acestora se acord\u0103 Marele Premiul \u2013 Trofeul \u201eEmanuel Elenescu\u201d, unul pentru sec\u0163iunea tradi\u0163ional\u0103 \u015fi unul pentru cea clasic\u0103. Din 2012 dob\u00e2nde\u015fte dimensiune interna\u0163ional\u0103. Este finan\u0163at de Ministerul Culturii \u00een intervalul 2007-2014, iar din 2016 face parte din Calendarul Concursurilor Na\u0163ionale \u015ecolare f\u0103r\u0103 Finan\u0163are. Ca num\u0103r de participan\u0163i evolu\u0163ia este uluitoare: dac\u0103 la prima edi\u0163ie au fost 37 de concuren\u0163i, apogeul a fost atins \u00een 2019 cu peste 600. Edi\u0163ia actual\u0103 num\u0103r\u0103 406 elevi, dintre care peste un sfert din Republica Moldova<\/em>.<\/p>\n\n\n<div class=\"wp-block-image\">\n<figure class=\"alignright size-full is-resized\"><a href=\"https:\/\/www.slineamt.ro\/apostolul\/wp-content\/uploads\/2025\/12\/09-ap289-foto2.jpg\"><img loading=\"lazy\" decoding=\"async\" width=\"491\" height=\"264\" src=\"https:\/\/www.slineamt.ro\/apostolul\/wp-content\/uploads\/2025\/12\/09-ap289-foto2.jpg\" alt=\"\" class=\"wp-image-28146\" style=\"width:645px;height:auto\" srcset=\"http:\/\/www.slineamt.ro\/apostolul\/wp-content\/uploads\/2025\/12\/09-ap289-foto2.jpg 491w, http:\/\/www.slineamt.ro\/apostolul\/wp-content\/uploads\/2025\/12\/09-ap289-foto2-300x161.jpg 300w, http:\/\/www.slineamt.ro\/apostolul\/wp-content\/uploads\/2025\/12\/09-ap289-foto2-260x140.jpg 260w, http:\/\/www.slineamt.ro\/apostolul\/wp-content\/uploads\/2025\/12\/09-ap289-foto2-160x86.jpg 160w\" sizes=\"auto, (max-width: 491px) 100vw, 491px\" \/><\/a><\/figure>\n<\/div>\n\n\n<p><strong>Ozana Kalmuski-Zarea<\/strong>, pre\u015fedint\u0103 a Funda\u0163iei \u201eEmanuel Elenescu\u201d, \u015fi-a f\u0103cut o datorie de onoare din a prezenta publicului c\u00e2teva repere semnificative din via\u0163a celui pe care l-a cunoscut \u015fi se pare c\u0103 \u00eel idolatrizeaz\u0103: &#8230; <em>S\u0103 vorbe\u015fti despre Emanuel Elenescu sau s\u0103 scrii o carte, a\u015fa cum am avut eu \u00eendr\u0103zneala cu monografia din 1999, este ca \u015fi cum ai \u00eencerca s\u0103 prinzi o frunz\u0103 care \u00ee\u0163i zboar\u0103 din m\u00e2n\u0103 purtat\u0103 de v\u00e2nt. A fost o personalitate greu de \u00eencadrat, greu de cantonat \u00eentr-un tipar. \u015ei m\u0103 refer aici \u015fi la sim\u0163ul umorului \u015fi la modul \u00een care a \u015ftiut s\u0103 se comporte \u015fi s\u0103 survoleze toate necazurile generate de comunism. Ca muzician a stat mai mult \u00een Rom\u00e2nia, unde a fost fericit \u00een mare m\u0103sur\u0103, dar \u00een spatele cortinei a existat totu\u015fi frustrarea de a-\u015fi duce talentul \u015fi \u015fcoala pe care o avea, nu mai departe de Sala Radio, unde a fost dirijor peste 50 de ani, fiind angajat de Mihail Jora. S-a n\u0103scut pe 8 martie 1911, la Piatra-Neam\u0163. Pu\u0163in\u0103 lume \u015ftie c\u0103 marele Enescu i-a acordat Premiul pentru Compozi\u0163ie, c\u0103 \u00een 1936 la Berlin a c\u00e2ntat \u00een fa\u0163a lui Hitler, ca acompaniator al Corului pentru Tineret la Jocurile Olimpice \u015fi c\u0103 Ion Iliescu i-a oferit \u00eenalte distinc\u0163ii oficiale, ridic\u00e2ndu-l \u00een grad de cavaler. Noi, cei din juriile concursului de ast\u0103zi, dac\u0103 am venit aici \u00een regim de voluntariat, o facem pentru c\u0103 avem \u00eenaintea noastr\u0103 mari personalit\u0103\u0163i care au socotit c\u0103 este mai important s\u0103 fie un model moral, s\u0103-\u015fi lase orgoliile \u015fi s\u0103 \u00eenving\u0103 obstacolele \u00eentr-un mod \u00een care doar arti\u015ftii \u00eel pot face, pentru c\u0103 sunt d\u0103rui\u0163i de la Dumnezeu cu un univers aparte, cu o lume aparte. Noi nu avem dreptul s\u0103 oprim tinerii de la a c\u00e2nta, de la a concura, de la a se cunoa\u015fte \u00eentre ei. Austeritatea nu trebuie s\u0103 ne afecteze \u00een acest mod, trebuie s\u0103 ne ferim s\u0103 ne usc\u0103m \u00een interior sau s\u0103 devenim s\u0103raci intelectual, moral \u015fi ca demnitate. \u201eColoana vertebral\u0103 trebuie s\u0103 r\u00e2m\u00e2n\u0103 la fel indiferent de vremuri\u201d \u2013 spunea Elenescu, care a fost un model de \u201edignitate\u201d. Credin\u0163a mea este c\u0103 datorit\u0103 unor fiin\u0163e ca el exist\u0103m ca persoane elevate, spiritualizate<\/em>.<\/p>\n\n\n\n<p>\u00cen ziua urm\u0103toare s-au desf\u0103\u015furat concursurile pe instrumente \u015fi canto, iar s\u00e2mb\u0103t\u0103, \u00een data de 29 noiembrie, cei mai buni dintre cei mai buni au evoluat pe scena Galei laurea\u0163ilor, candid\u00e2nd totodat\u0103 la trofeu. Am avut onoarea ca al\u0103turi de noi de aceast\u0103 dat\u0103 s\u0103 fie \u015fi <strong>Daniela Vlad<\/strong>, produc\u0103tor \u015fi prezentator la Radio Ia\u015fi. Licen\u0163iat\u0103 \u00een pedagogie \u015fi muzicologie la Conservatorul \u201eGeorge Enescu\u201d din Ia\u015fi (ast\u0103zi Universitatea Na\u0163ional\u0103 de Arte \u201eGeorge Enescu\u201d), Daniela Vlad a urmat mai multe cursuri de jurnalism la Radio France, BBC School \u015fi Radio Olanda. Particip\u0103 frecvent \u015fi este corespondent, de la Festivalul Interna\u0163ional \u201eGeorge Enescu\u201d, p\u00e2n\u0103 la diverse evenimente de clasic, jazz, pop sau world music sau la alte concursuri na\u0163ionale.<\/p>\n\n\n\n<p>Ora 12 a \u00eensemnat \u00eenceputul <em>Galei muzicii tradi\u0163ionale<\/em>, unde lupta s-a dat \u00eentre R\u00e2ncu Raul Cristian (Bac\u0103u) \u015fi Danciu Laura Maria (Bucure\u015fti) \u2013 califica\u0163i de la canto tradi\u0163ional, Daria Dohacevschi (Chi\u015fin\u0103u \u2013 cobz\u0103), Cutcovschi Vergilius \u015fi Gaidarji Ivan, ambii din Chi\u015fin\u0103u \u2013 acordeon, Bor\u015f Iulian (Chi\u015fin\u0103u \u2013 clarinet), Boro\u015f Petru -Yustin (Ia\u015fi \u2013 \u0163ambal), Volintiru Natalia (Bucure\u015fti \u2013 nai). Sufragiile juriului s-au dus c\u0103tre <strong>Volintiru Natalia<\/strong>, care a c\u00e2\u015ftigat \u015fi inimile publicului cu o interpretare de o excep\u0163ional\u0103 virtuozitate la nai, a dificilei piese a lui J.B. Arban \u2013 <em>Fantezie \u015fi varia\u0163iuni \u2013 Carnavalul de la Vene\u0163ia<\/em>.<\/p>\n\n\n\n<p>Tot at\u00e2t de str\u00e2ns\u0103 a fost competi\u0163ia \u015fi la Gala clasic\u0103, ce a \u00eenceput la ora 14. Aici s-au \u00eentrecut 10 concuren\u0163i, unul \u015fi unul: Moraru Matei-Alexandru (Bucure\u015fti \u2013 vioar\u0103), \u0162\u00e2rc\u0103 Mathias-Cristian (Ia\u015fi \u2013 violoncel), Boca Andreea \u015fi Poian\u0103 Tudor-C\u0103lin (Piatra-Neam\u0163 \u2013 muzic\u0103 de camer\u0103), Iovi\u0163\u0103 Eduard Ionu\u0163 (Ia\u015fi \u2013 saxofon), Verebcean Trofim (Soroca \u2013 eufonium), Buciuma\u015f Alexandru-Constantin (Ia\u015fi \u2013 violoncel), Cazaciuc Denisa \u015etefania (Ia\u015fi \u2013 canto clasic), Botez Eduard-Florin, Valentin Rotar, \u015eu\u0163u Claudiu-Alexandru (Ia\u015fi \u2013 muzic\u0103 de camer\u0103), Rusu Donighevici Monica (Bac\u0103u \u2013 oboi) \u015fi Dr\u0103ghici Radu (Bra\u015fov \u2013 marimba). Trofeul \u201eEmanuel Elenescu\u201d, sec\u0163iunea clasic\u0103, a revenit reprezentantului percu\u0163iei, <strong>Dr\u0103ghici Radu<\/strong>, care a fermecat auditoriul nu numai prin muzic\u0103 dar \u015fi prin mi\u015fcarea scenic\u0103 special\u0103 \u00een timpul interpret\u0103rii piesei lui Claudio Santangelo \u2013 <em>Concert pentru marimba nr. 2<\/em>.<\/p>\n\n\n<div class=\"wp-block-image\">\n<figure class=\"alignleft size-full is-resized\"><a href=\"https:\/\/www.slineamt.ro\/apostolul\/wp-content\/uploads\/2025\/12\/09-ap289-foto3.jpg\"><img loading=\"lazy\" decoding=\"async\" width=\"287\" height=\"340\" src=\"https:\/\/www.slineamt.ro\/apostolul\/wp-content\/uploads\/2025\/12\/09-ap289-foto3.jpg\" alt=\"\" class=\"wp-image-28147\" style=\"width:375px;height:auto\" srcset=\"http:\/\/www.slineamt.ro\/apostolul\/wp-content\/uploads\/2025\/12\/09-ap289-foto3.jpg 287w, http:\/\/www.slineamt.ro\/apostolul\/wp-content\/uploads\/2025\/12\/09-ap289-foto3-253x300.jpg 253w, http:\/\/www.slineamt.ro\/apostolul\/wp-content\/uploads\/2025\/12\/09-ap289-foto3-260x308.jpg 260w, http:\/\/www.slineamt.ro\/apostolul\/wp-content\/uploads\/2025\/12\/09-ap289-foto3-160x190.jpg 160w\" sizes=\"auto, (max-width: 287px) 100vw, 287px\" \/><\/a><\/figure>\n<\/div>\n\n\n<p>Merit\u0103 toat\u0103 lauda organizatorii concursului de anul acesta, respectiv echipa de profesori de la Liceul de Arte \u201eVictor Brauner\u201d, coordona\u0163i de director Carmen Corl\u0103\u0163eanu. Trebuie men\u0163iona\u0163i \u015fi partenerii evenimentului, respectiv Consiliul Jude\u0163ean Neam\u0163, Prim\u0103ria Piatra-Neam\u0163, Inspectoratul \u015ecolar Jude\u0163ean Neam\u0163, Academia Na\u0163ional\u0103 de Muzic\u0103 \u201eGheorghe Dima\u201d, Centrul pentru Cultur\u0103 \u015fi Arte \u201eCarmen Saeculare\u201d, Radio Ia\u015fi etc.<\/p>\n\n\n\n<p>\u00cencheiem cu un mesaj din partea organizatorilor pentru to\u0163i participan\u0163ii: <em>Felicit\u0103ri tuturor concuren\u0163ilor! Nivelul din acest an a fost impresionant \u2013 \u015ftacheta a fost ridicat\u0103 la un nivel extraordinar. A\u0163i fost at\u00e2t de buni \u00eenc\u00e2t departajarea a fost o adev\u0103rat\u0103 provocare. Bravo fiec\u0103ruia pentru muzicalitate, efort \u015fi d\u0103ruire!<\/em><\/p>\n\n\n\n<p><strong><em>Gianina BURUIAN\u0102<\/em><\/strong><strong><em><\/em><\/strong><\/p>\n","protected":false},"excerpt":{"rendered":"<p>\u00cen acest an, concursul na\u0163ional cu participare interna\u0163ional\u0103 \u201eEmanuel Elenescu\u201d organizat de Liceul de Arte \u201eVictor Brauner\u201d din Piatra-Neam\u0163, a ajuns la edi\u0163ia XXXIV \u015fi s-a desf\u0103\u015furat \u00een perioada 27-29 noiembrie 2025. Juriul concursului a fost format din: Ozana Kalmuski-Zarea&hellip;<\/p>\n<p class=\"more-link-p\"><a class=\"more-link\" href=\"http:\/\/www.slineamt.ro\/apostolul\/panoramic-nemtean\/concursul-emanuel-elenescu-2025-o-editie-dedicata-excelentei-muzicale\/\">Read more &rarr;<\/a><\/p>\n","protected":false},"author":1,"featured_media":0,"comment_status":"open","ping_status":"closed","sticky":false,"template":"","format":"standard","meta":{"footnotes":""},"categories":[190,500],"tags":[],"class_list":["post-28144","post","type-post","status-publish","format-standard","hentry","category-panoramic-nemtean","category-289-decembrie-2025"],"_links":{"self":[{"href":"http:\/\/www.slineamt.ro\/apostolul\/wp-json\/wp\/v2\/posts\/28144","targetHints":{"allow":["GET"]}}],"collection":[{"href":"http:\/\/www.slineamt.ro\/apostolul\/wp-json\/wp\/v2\/posts"}],"about":[{"href":"http:\/\/www.slineamt.ro\/apostolul\/wp-json\/wp\/v2\/types\/post"}],"author":[{"embeddable":true,"href":"http:\/\/www.slineamt.ro\/apostolul\/wp-json\/wp\/v2\/users\/1"}],"replies":[{"embeddable":true,"href":"http:\/\/www.slineamt.ro\/apostolul\/wp-json\/wp\/v2\/comments?post=28144"}],"version-history":[{"count":1,"href":"http:\/\/www.slineamt.ro\/apostolul\/wp-json\/wp\/v2\/posts\/28144\/revisions"}],"predecessor-version":[{"id":28148,"href":"http:\/\/www.slineamt.ro\/apostolul\/wp-json\/wp\/v2\/posts\/28144\/revisions\/28148"}],"wp:attachment":[{"href":"http:\/\/www.slineamt.ro\/apostolul\/wp-json\/wp\/v2\/media?parent=28144"}],"wp:term":[{"taxonomy":"category","embeddable":true,"href":"http:\/\/www.slineamt.ro\/apostolul\/wp-json\/wp\/v2\/categories?post=28144"},{"taxonomy":"post_tag","embeddable":true,"href":"http:\/\/www.slineamt.ro\/apostolul\/wp-json\/wp\/v2\/tags?post=28144"}],"curies":[{"name":"wp","href":"https:\/\/api.w.org\/{rel}","templated":true}]}}