{"id":28600,"date":"2026-03-20T15:08:16","date_gmt":"2026-03-20T15:08:16","guid":{"rendered":"http:\/\/www.slineamt.ro\/apostolul\/?p=28600"},"modified":"2026-03-20T15:08:38","modified_gmt":"2026-03-20T15:08:38","slug":"un-specialist-fara-carnet-de-partid-la-carma-educatiei-nationale","status":"publish","type":"post","link":"http:\/\/www.slineamt.ro\/apostolul\/eveniment\/un-specialist-fara-carnet-de-partid-la-carma-educatiei-nationale\/","title":{"rendered":"Un specialist f\u0103r\u0103 carnet de partid la c\u00e2rma Educa\u0163iei Na\u0163ionale"},"content":{"rendered":"<div class=\"wp-block-image\">\n<figure class=\"alignleft size-full is-resized\"><a href=\"http:\/\/www.slineamt.ro\/apostolul\/wp-content\/uploads\/2026\/03\/05-ap292-foto1.jpg\"><img loading=\"lazy\" decoding=\"async\" width=\"207\" height=\"265\" src=\"http:\/\/www.slineamt.ro\/apostolul\/wp-content\/uploads\/2026\/03\/05-ap292-foto1.jpg\" alt=\"\" class=\"wp-image-28601\" style=\"width:308px;height:auto\" srcset=\"http:\/\/www.slineamt.ro\/apostolul\/wp-content\/uploads\/2026\/03\/05-ap292-foto1.jpg 207w, http:\/\/www.slineamt.ro\/apostolul\/wp-content\/uploads\/2026\/03\/05-ap292-foto1-160x205.jpg 160w\" sizes=\"auto, (max-width: 207px) 100vw, 207px\" \/><\/a><\/figure>\n<\/div>\n\n\n<p>Mihai Dimian, rector al Universit\u0103\u0163ii \u201e\u015etefan cel Mare\u201d din Suceava, a fost \u00eenvestit oficial \u00een func\u0163ia de ministru al Educa\u0163iei \u015fi Cercet\u0103rii pe data de 3 martie 2026, la propunerea premierului Ilie Bolojan.<\/p>\n\n\n\n<p>Mihai Dimian, \u00een v\u00e2rst\u0103 de 49 de ani, este profesor universitar \u015fi conduc\u0103tor de doctorat la Universitatea \u201e\u015etefan cel Mare\u201d din Suceava \u015fi, din anul 2024, rectorul Universit\u0103\u0163ii. Este dublu licen\u0163iat, \u00een fizic\u0103 \u015fi matematic\u0103, la Universitatea \u201eAlexandru Ioan Cuza\u201d din Ia\u015fi. A studiat \u015fi a fost asistent de cercetare \u00een Fran\u0163a, la Universitatea din Versailles \u015fi a ob\u0163inut titlul de doctor \u00een inginerie electric\u0103 \u015fi electronic\u0103 \u00een Statele Unite ale Americii, la Universitatea Maryland din College Park. A fost cercet\u0103tor la Institutul Max Planck din Germania \u015fi profesor asistent, ulterior profesor asociat \u015fi conduc\u0103tor de doctorat \u00een inginerie electric\u0103 \u015fi electronic\u0103 la Universitatea Howard din Washington DC, SUA. Nu a fost \u015fi nu este membru al vreunui partid politic, dar este un lider al comunit\u0103\u0163ii \u015fi a fost implicat direct \u015fi voluntar \u00een perioade dificile pentru comunitate, precum \u015fi \u00een ini\u0163iativele de dezvoltare din regiune. A dus o politic\u0103 activ\u0103 de atragere \u015fi dezvoltare a companiilor IT \u00een zon\u0103 \u015fi a contribuit esen\u0163ial la selectarea municipiului Suceava de c\u0103tre Comisia European\u0103 \u00eentre 100 de ora\u015fe europene pentru misiunea de ora\u015fe inteligente \u015fi neutre-climatic.<\/p>\n\n\n\n<p>Declara\u0163iile sale ini\u0163iale \u015fi direc\u0163iile de ac\u0163iune asumate vizeaz\u0103 integrarea cercet\u0103rii, ministerul revenind la denumirea de \u201eMinisterul Educa\u0163iei \u015fi Cercet\u0103rii\u201d \u015fi deblocarea posturilor \u00een educa\u0163ie, una dintre primele m\u0103suri anun\u0163ate fiind posibilitatea scoaterii la concurs a peste 400 de posturi necesare pentru punerea \u00een folosin\u021b\u0103 a 23 de cre\u015fe noi, care vor deservi aproximativ 1.300 de copii din 18 jude\u0163e.<\/p>\n\n\n\n<p>\u00cen privin\u0163a filozofiei \u015fi programului de guvernare, ministrul Mihai Dimian a declarat c\u0103 priorit\u0103\u0163ile sale includ un dialog mai activ, empatie \u015fi corectitudine \u00een rela\u0163ia cu to\u0163i actorii sistemului: profesori, elevi, studen\u0163i, p\u0103rin\u0163i \u015fi sindicate.<\/p>\n\n\n\n<p>Viziunea sa academic\u0103, promovat\u0103 anterior la USV sub sloganul \u201eViziune, Performan\u0163\u0103 &amp; Inova\u0163ie\u201d, este transpus\u0103 la nivel na\u0163ional prin \u00eencurajarea comunit\u0103\u0163ilor educa\u0163ionale s\u0103 \u00een\u0163eleag\u0103 rolul \u015ftiin\u0163ei.<\/p>\n\n\n\n<p>Ministrul a mai sus\u0163inut public necesitatea ca profesioni\u015ftii din mediul academic s\u0103 se implice \u00een structurile politice pentru a oferi expertiza necesar\u0103 procesului de decizie.<\/p>\n\n\n\n<p>Mihai Dimian are avantajul unui \u201eoutsider\u201d care nu datoreaz\u0103 nimic structurilor politice vechi, ceea ce \u00eei ofer\u0103 o marj\u0103 de manevr\u0103 \u00een negocieri. Totu\u015fi, riscul major este ca rigoarea sa de cercet\u0103tor s\u0103 fie interpretat\u0103 drept inflexibilitate de c\u0103tre partenerii sociali. Dac\u0103 va reu\u015fi s\u0103 transforme sindicatele din \u201eadversari la buget\u201d \u00een \u201eparteneri de reform\u0103\u201d, Dimian ar putea fi primul ministru care stabilizeaz\u0103 sistemul pe termen lung. Dac\u0103 nu, risc\u0103 s\u0103 r\u0103m\u00e2n\u0103 un alt intelectual de calibru strivit de mecanismele greoaie ale sistemului preuniversitar.<\/p>\n\n\n\n<p>Men\u0163ion\u0103m c\u0103, de la demisia din 22 decembrie 2025 a lui Daniel David. interimatul Ministerului Educa\u0163iei a fost asigurat de premierul Ilie Bolojan din 14 ianuarie, pentru 45 de zile. Din 27 februarie, conducerea Ministerului a fost \u00eencredin\u0163at\u0103 secretarului general al guvernului, Ioana Laz\u0103r.<\/p>\n\n\n\n<p><strong><em>Mircea ZAHARIA<\/em><\/strong><\/p>\n","protected":false},"excerpt":{"rendered":"<p>Mihai Dimian, rector al Universit\u0103\u0163ii \u201e\u015etefan cel Mare\u201d din Suceava, a fost \u00eenvestit oficial \u00een func\u0163ia de ministru al Educa\u0163iei \u015fi Cercet\u0103rii pe data de 3 martie 2026, la propunerea premierului Ilie Bolojan. Mihai Dimian, \u00een v\u00e2rst\u0103 de 49 de&hellip;<\/p>\n<p class=\"more-link-p\"><a class=\"more-link\" href=\"http:\/\/www.slineamt.ro\/apostolul\/eveniment\/un-specialist-fara-carnet-de-partid-la-carma-educatiei-nationale\/\">Read more &rarr;<\/a><\/p>\n","protected":false},"author":1,"featured_media":0,"comment_status":"open","ping_status":"closed","sticky":false,"template":"","format":"standard","meta":{"footnotes":""},"categories":[18,503],"tags":[],"class_list":["post-28600","post","type-post","status-publish","format-standard","hentry","category-eveniment","category-292-martie-2026"],"_links":{"self":[{"href":"http:\/\/www.slineamt.ro\/apostolul\/wp-json\/wp\/v2\/posts\/28600","targetHints":{"allow":["GET"]}}],"collection":[{"href":"http:\/\/www.slineamt.ro\/apostolul\/wp-json\/wp\/v2\/posts"}],"about":[{"href":"http:\/\/www.slineamt.ro\/apostolul\/wp-json\/wp\/v2\/types\/post"}],"author":[{"embeddable":true,"href":"http:\/\/www.slineamt.ro\/apostolul\/wp-json\/wp\/v2\/users\/1"}],"replies":[{"embeddable":true,"href":"http:\/\/www.slineamt.ro\/apostolul\/wp-json\/wp\/v2\/comments?post=28600"}],"version-history":[{"count":3,"href":"http:\/\/www.slineamt.ro\/apostolul\/wp-json\/wp\/v2\/posts\/28600\/revisions"}],"predecessor-version":[{"id":28604,"href":"http:\/\/www.slineamt.ro\/apostolul\/wp-json\/wp\/v2\/posts\/28600\/revisions\/28604"}],"wp:attachment":[{"href":"http:\/\/www.slineamt.ro\/apostolul\/wp-json\/wp\/v2\/media?parent=28600"}],"wp:term":[{"taxonomy":"category","embeddable":true,"href":"http:\/\/www.slineamt.ro\/apostolul\/wp-json\/wp\/v2\/categories?post=28600"},{"taxonomy":"post_tag","embeddable":true,"href":"http:\/\/www.slineamt.ro\/apostolul\/wp-json\/wp\/v2\/tags?post=28600"}],"curies":[{"name":"wp","href":"https:\/\/api.w.org\/{rel}","templated":true}]}}