{"id":28605,"date":"2026-03-20T15:12:54","date_gmt":"2026-03-20T15:12:54","guid":{"rendered":"http:\/\/www.slineamt.ro\/apostolul\/?p=28605"},"modified":"2026-03-20T15:12:54","modified_gmt":"2026-03-20T15:12:54","slug":"federatia-sindicala-a-educatiei-si-stiintei-ziua-liderului-sindical-din-educatie","status":"publish","type":"post","link":"http:\/\/www.slineamt.ro\/apostolul\/eveniment\/federatia-sindicala-a-educatiei-si-stiintei-ziua-liderului-sindical-din-educatie\/","title":{"rendered":"Federa\u0163ia Sindical\u0103 a Educa\u0163iei \u015fi \u015etiin\u0163ei \u2013 Ziua Liderului Sindical din Educa\u0163ie"},"content":{"rendered":"<div class=\"wp-block-image\">\n<figure class=\"alignleft size-full is-resized\"><a href=\"http:\/\/www.slineamt.ro\/apostolul\/wp-content\/uploads\/2026\/03\/04-ap292-foto1.jpg\"><img loading=\"lazy\" decoding=\"async\" width=\"302\" height=\"229\" src=\"http:\/\/www.slineamt.ro\/apostolul\/wp-content\/uploads\/2026\/03\/04-ap292-foto1.jpg\" alt=\"\" class=\"wp-image-28606\" style=\"width:409px;height:auto\" srcset=\"http:\/\/www.slineamt.ro\/apostolul\/wp-content\/uploads\/2026\/03\/04-ap292-foto1.jpg 302w, http:\/\/www.slineamt.ro\/apostolul\/wp-content\/uploads\/2026\/03\/04-ap292-foto1-300x227.jpg 300w, http:\/\/www.slineamt.ro\/apostolul\/wp-content\/uploads\/2026\/03\/04-ap292-foto1-260x197.jpg 260w, http:\/\/www.slineamt.ro\/apostolul\/wp-content\/uploads\/2026\/03\/04-ap292-foto1-160x121.jpg 160w\" sizes=\"auto, (max-width: 302px) 100vw, 302px\" \/><\/a><\/figure>\n<\/div>\n\n\n<p>Stima\u0163i colegi, dragi membri ai Federa\u0163iei Sindicale a Educa\u0163iei \u015fi \u015etiin\u0163ei,<\/p>\n\n\n\n<p>Ast\u0103zi, 5 martie, celebr\u0103m Ziua Liderului Sindical din Educa\u0163ie \u2013 un prilej de recunoa\u015ftere \u015fi apreciere a efortului neobosit depus de Liderii sindicali, de colegii din Aparatul Central al FSE\u015e \u015fi de \u00eentreg Activul sindical.<\/p>\n\n\n\n<p>Aceast\u0103 zi ne aminte\u015fte c\u0103 solidaritatea, responsabilitatea \u015fi dedica\u0163ia sunt temelia pe care se sprijin\u0103 ap\u0103rarea drepturilor cadrelor didactice \u015fi ale cercet\u0103torilor. Prin munca Dumneavoastr\u0103, prin perseveren\u0163a \u00een negocieri \u015fi prin vigilen\u0163a fa\u0163\u0103 de reglement\u0103rile ce afecteaz\u0103 activitatea din educa\u0163ie, demonstra\u0163i zi de zi c\u0103 Sindicatul este o voce puternic\u0103 \u015fi respectat\u0103.<\/p>\n\n\n\n<p>V\u0103 mul\u0163umim pentru curajul de a reprezenta interesele colegilor, pentru profesionalismul cu care transforma\u0163i provoc\u0103rile \u00een solu\u0163ii \u015fi pentru devotamentul fa\u0163\u0103 de valorile sindicale. Aceast\u0103 zi este despre voi \u2013 liderii sindicali care, prin implicare \u015fi responsabilitate, dau sens \u015fi for\u0163\u0103 mi\u015fc\u0103rii sindicale din Educa\u0163ie \u015fi \u015etiin\u0163\u0103.<\/p>\n\n\n\n<p>Cu respect,<\/p>\n\n\n\n<p><strong><em>Ghenadie DONOS, pre\u015fedinte FSE\u015e<\/em><\/strong><\/p>\n","protected":false},"excerpt":{"rendered":"<p>Stima\u0163i colegi, dragi membri ai Federa\u0163iei Sindicale a Educa\u0163iei \u015fi \u015etiin\u0163ei, Ast\u0103zi, 5 martie, celebr\u0103m Ziua Liderului Sindical din Educa\u0163ie \u2013 un prilej de recunoa\u015ftere \u015fi apreciere a efortului neobosit depus de Liderii sindicali, de colegii din Aparatul Central al&hellip;<\/p>\n<p class=\"more-link-p\"><a class=\"more-link\" href=\"http:\/\/www.slineamt.ro\/apostolul\/eveniment\/federatia-sindicala-a-educatiei-si-stiintei-ziua-liderului-sindical-din-educatie\/\">Read more &rarr;<\/a><\/p>\n","protected":false},"author":1,"featured_media":0,"comment_status":"open","ping_status":"closed","sticky":false,"template":"","format":"standard","meta":{"footnotes":""},"categories":[18,503],"tags":[],"class_list":["post-28605","post","type-post","status-publish","format-standard","hentry","category-eveniment","category-292-martie-2026"],"_links":{"self":[{"href":"http:\/\/www.slineamt.ro\/apostolul\/wp-json\/wp\/v2\/posts\/28605","targetHints":{"allow":["GET"]}}],"collection":[{"href":"http:\/\/www.slineamt.ro\/apostolul\/wp-json\/wp\/v2\/posts"}],"about":[{"href":"http:\/\/www.slineamt.ro\/apostolul\/wp-json\/wp\/v2\/types\/post"}],"author":[{"embeddable":true,"href":"http:\/\/www.slineamt.ro\/apostolul\/wp-json\/wp\/v2\/users\/1"}],"replies":[{"embeddable":true,"href":"http:\/\/www.slineamt.ro\/apostolul\/wp-json\/wp\/v2\/comments?post=28605"}],"version-history":[{"count":1,"href":"http:\/\/www.slineamt.ro\/apostolul\/wp-json\/wp\/v2\/posts\/28605\/revisions"}],"predecessor-version":[{"id":28607,"href":"http:\/\/www.slineamt.ro\/apostolul\/wp-json\/wp\/v2\/posts\/28605\/revisions\/28607"}],"wp:attachment":[{"href":"http:\/\/www.slineamt.ro\/apostolul\/wp-json\/wp\/v2\/media?parent=28605"}],"wp:term":[{"taxonomy":"category","embeddable":true,"href":"http:\/\/www.slineamt.ro\/apostolul\/wp-json\/wp\/v2\/categories?post=28605"},{"taxonomy":"post_tag","embeddable":true,"href":"http:\/\/www.slineamt.ro\/apostolul\/wp-json\/wp\/v2\/tags?post=28605"}],"curies":[{"name":"wp","href":"https:\/\/api.w.org\/{rel}","templated":true}]}}